{"id":6773,"date":"2025-02-25T09:20:15","date_gmt":"2025-02-25T09:20:15","guid":{"rendered":"https:\/\/marcali.plebania.hu\/?p=6773"},"modified":"2025-02-25T09:20:15","modified_gmt":"2025-02-25T09:20:15","slug":"lorincz-sandor-es-lorinczne-palos-eva-miert-hiszek-kesz-eloadas-az-x-hazban","status":"publish","type":"post","link":"https:\/\/marcali.plebania.hu\/?p=6773","title":{"rendered":"L\u0151rincz S\u00e1ndor \u00e9s L\u0151rinczn\u00e9 P\u00e1los \u00c9va: Mi\u00e9rt hiszek? \u2013 K\u00c9SZ el\u0151ad\u00e1s az X-h\u00e1zban"},"content":{"rendered":"\n<p>2025. febru\u00e1r 20-\u00e1n, cs\u00fct\u00f6rt\u00f6k\u00f6n 17.30 \u00f3rakor \u2013 a program r\u00e9szek\u00e9nt \u2013 Tomanek Ferenc \u00c1ron marcali pl\u00e9b\u00e1nos celebr\u00e1lt \u00fcnnepi szentmis\u00e9t a Gy\u00fcm\u00f6lcsolt\u00f3 Boldogasszony Pl\u00e9b\u00e1niatemplomban.<\/p>\n\n\n\n<p>Az istentisztelet ut\u00e1n 18.15 \u00f3r\u00e1t\u00f3l \u201eMi\u00e9rt hiszek?\u201d c\u00edmmel pedig tan\u00fas\u00e1gtev\u0151 el\u0151ad\u00e1st tartott L\u0151rincz S\u00e1ndor \u00fajs\u00e1g\u00edr\u00f3 \u00e9s feles\u00e9ge, L\u0151rinczn\u00e9 P\u00e1los \u00c9va tan\u00e1rn\u0151 az egyh\u00e1zk\u00f6zs\u00e9g k\u00f6z\u00f6ss\u00e9gi h\u00e1z\u00e1ban (X-h\u00e1z, D\u00f3zsa u. 3.). A rendezv\u00e9ny r\u00e9sztvev\u0151it Kiss K\u00e1lm\u00e1n, a K\u00c9SZ helyi csoportj\u00e1nak eln\u00f6ke k\u00f6sz\u00f6nt\u00f6tte els\u0151k\u00e9nt, majd pedig Molik Edit, az el\u0151ad\u00e1s-sorozat \u00f6tletgazd\u00e1ja \u00e9s f\u0151 szervez\u0151je p\u00e1r gondolattal mutatta be a vend\u00e9geket.<\/p>\n\n\n\n<figure class=\"wp-block-gallery has-nested-images columns-default is-cropped wp-block-gallery-1 is-layout-flex wp-block-gallery-is-layout-flex\">\n<figure class=\"wp-block-image size-large\"><img loading=\"lazy\" decoding=\"async\" width=\"1024\" height=\"683\" data-id=\"6775\" src=\"https:\/\/marcali.plebania.hu\/wp-content\/uploads\/2025\/02\/02-1024x683.jpg\" alt=\"\" class=\"wp-image-6775\" srcset=\"https:\/\/marcali.plebania.hu\/wp-content\/uploads\/2025\/02\/02-1024x683.jpg 1024w, https:\/\/marcali.plebania.hu\/wp-content\/uploads\/2025\/02\/02-300x200.jpg 300w, https:\/\/marcali.plebania.hu\/wp-content\/uploads\/2025\/02\/02-768x512.jpg 768w, https:\/\/marcali.plebania.hu\/wp-content\/uploads\/2025\/02\/02-1536x1024.jpg 1536w, https:\/\/marcali.plebania.hu\/wp-content\/uploads\/2025\/02\/02-2048x1365.jpg 2048w, https:\/\/marcali.plebania.hu\/wp-content\/uploads\/2025\/02\/02-405x270.jpg 405w\" sizes=\"auto, (max-width: 1024px) 100vw, 1024px\" \/><\/figure>\n\n\n\n<figure class=\"wp-block-image size-large\"><img loading=\"lazy\" decoding=\"async\" width=\"1024\" height=\"683\" data-id=\"6776\" src=\"https:\/\/marcali.plebania.hu\/wp-content\/uploads\/2025\/02\/03-1024x683.jpg\" alt=\"\" class=\"wp-image-6776\" srcset=\"https:\/\/marcali.plebania.hu\/wp-content\/uploads\/2025\/02\/03-1024x683.jpg 1024w, https:\/\/marcali.plebania.hu\/wp-content\/uploads\/2025\/02\/03-300x200.jpg 300w, https:\/\/marcali.plebania.hu\/wp-content\/uploads\/2025\/02\/03-768x512.jpg 768w, https:\/\/marcali.plebania.hu\/wp-content\/uploads\/2025\/02\/03-1536x1024.jpg 1536w, https:\/\/marcali.plebania.hu\/wp-content\/uploads\/2025\/02\/03-2048x1365.jpg 2048w, https:\/\/marcali.plebania.hu\/wp-content\/uploads\/2025\/02\/03-405x270.jpg 405w\" sizes=\"auto, (max-width: 1024px) 100vw, 1024px\" \/><\/figure>\n\n\n\n<figure class=\"wp-block-image size-large\"><img loading=\"lazy\" decoding=\"async\" width=\"1024\" height=\"683\" data-id=\"6777\" src=\"https:\/\/marcali.plebania.hu\/wp-content\/uploads\/2025\/02\/04-1024x683.jpg\" alt=\"\" class=\"wp-image-6777\" srcset=\"https:\/\/marcali.plebania.hu\/wp-content\/uploads\/2025\/02\/04-1024x683.jpg 1024w, https:\/\/marcali.plebania.hu\/wp-content\/uploads\/2025\/02\/04-300x200.jpg 300w, https:\/\/marcali.plebania.hu\/wp-content\/uploads\/2025\/02\/04-768x512.jpg 768w, https:\/\/marcali.plebania.hu\/wp-content\/uploads\/2025\/02\/04-1536x1024.jpg 1536w, https:\/\/marcali.plebania.hu\/wp-content\/uploads\/2025\/02\/04-2048x1365.jpg 2048w, https:\/\/marcali.plebania.hu\/wp-content\/uploads\/2025\/02\/04-405x270.jpg 405w\" sizes=\"auto, (max-width: 1024px) 100vw, 1024px\" \/><\/figure>\n\n\n\n<figure class=\"wp-block-image size-large\"><img loading=\"lazy\" decoding=\"async\" width=\"1024\" height=\"683\" data-id=\"6788\" src=\"https:\/\/marcali.plebania.hu\/wp-content\/uploads\/2025\/02\/08-1-1024x683.jpg\" alt=\"\" class=\"wp-image-6788\" srcset=\"https:\/\/marcali.plebania.hu\/wp-content\/uploads\/2025\/02\/08-1-1024x683.jpg 1024w, https:\/\/marcali.plebania.hu\/wp-content\/uploads\/2025\/02\/08-1-300x200.jpg 300w, https:\/\/marcali.plebania.hu\/wp-content\/uploads\/2025\/02\/08-1-768x512.jpg 768w, https:\/\/marcali.plebania.hu\/wp-content\/uploads\/2025\/02\/08-1-1536x1024.jpg 1536w, https:\/\/marcali.plebania.hu\/wp-content\/uploads\/2025\/02\/08-1-2048x1365.jpg 2048w, https:\/\/marcali.plebania.hu\/wp-content\/uploads\/2025\/02\/08-1-405x270.jpg 405w\" sizes=\"auto, (max-width: 1024px) 100vw, 1024px\" \/><\/figure>\n<\/figure>\n\n\n\n<p>A h\u00e1zasp\u00e1r ezut\u00e1n egym\u00e1st felv\u00e1ltva, \u0151szint\u00e9n besz\u00e9lt a hallgat\u00f3s\u00e1g el\u0151tt az \u00e9let\u00e9r\u0151l, p\u00e1ly\u00e1j\u00e1r\u00f3l, \u00e9s a vall\u00e1sr\u00f3l, az Istenkeres\u00e9sr\u0151l a kezdetekt\u0151l eg\u00e9szen napjainkig, illetve a hit\u00fck mindennapi meg\u00e9l\u00e9s\u00e9r\u0151l. A tan\u00fas\u00e1gtev\u0151 el\u0151ad\u00f3k elmondt\u00e1k, hogy sem magyar \u00f3r\u00e1n, sem az \u00fajs\u00e1g\u00edr\u00f3nak sem t\u00f6rv\u00e9nyszer\u0171, hogy Istenr\u0151l besz\u00e9ljenek. \u00c1m \u0151k ezt teszik a mindennapokban. Mint fogalmaztak, az id\u0151 k\u00fcl\u00f6n\u00f6sen alkalmas az evangeliz\u00e1ci\u00f3ra, hiszen szellemi harc d\u00fal mindannyiunkban \u00e9s a k\u00f6rnyezet\u00fcnkben is. Mindketten egy\u00f6ntet\u0171en vallj\u00e1k, hogy J\u00e9zus Krisztus az egyetlen val\u00f3s\u00e1g, benne senki sem csal\u00f3dott m\u00e9g. L\u0151rinczn\u00e9 P\u00e1los \u00c9va tan\u00e1rn\u0151 a J\u00f3 Istennek k\u00f6sz\u00f6nheti a magyar tan\u00e1ri hivat\u00e1s\u00e1t. L\u0151rincz S\u00e1ndor \u00fajs\u00e1g\u00edr\u00f3 eredetileg reform\u00e1tus volt, \u00e1m az Istenkeres\u00e9s \u00fatj\u00e1n katolikuss\u00e1 lett. Ebben Varga L\u00e1szl\u00f3 mostani, Bal\u00e1s B\u00e9la emeritus megy\u00e9sp\u00fcsp\u00f6knek, tov\u00e1bb\u00e1 dr. Rumszauer Mikl\u00f3s aty\u00e1nak is nagy szerepe volt. A Szentl\u00e9lek szemin\u00e1riumok, az Antiochia K\u00f6z\u00f6ss\u00e9gbe val\u00f3 bekapcsol\u00f3d\u00e1s, a p\u00fcsp\u00f6ks\u00e9gi programok mind-mind \u201eegyengett\u00e9k\u201d az \u00fatjukat. A Somogyi H\u00edrlap \u00fajs\u00e1g\u00edr\u00f3ja ma m\u00e1r k\u00f6zismert szem\u00e9ly, hiszen sok-sok \u00edr\u00e1sa mellett az egyh\u00e1zi oldalt szerkeszti, ezen k\u00edv\u00fcl 29 k\u00f6nyve jelet meg eddig. A riport alanyait minden esetben \u0151szint\u00e9n megk\u00e9rdezi az Istenkeres\u00e9sr\u0151l, \u00e9s a Teremt\u0151h\u00f6z f\u0171z\u0151d\u0151 viszonyukr\u00f3l is, \u00e9s mint mondja, eddig m\u00e9g sohasem kapott elutas\u00edt\u00e1st a \u201et\u00e9m\u00e1t\u201d illet\u0151en.<\/p>\n\n\n\n<figure class=\"wp-block-gallery has-nested-images columns-default is-cropped wp-block-gallery-2 is-layout-flex wp-block-gallery-is-layout-flex\">\n<figure class=\"wp-block-image size-large\"><img loading=\"lazy\" decoding=\"async\" width=\"1024\" height=\"683\" data-id=\"6781\" src=\"https:\/\/marcali.plebania.hu\/wp-content\/uploads\/2025\/02\/10-1024x683.jpg\" alt=\"\" class=\"wp-image-6781\" srcset=\"https:\/\/marcali.plebania.hu\/wp-content\/uploads\/2025\/02\/10-1024x683.jpg 1024w, https:\/\/marcali.plebania.hu\/wp-content\/uploads\/2025\/02\/10-300x200.jpg 300w, https:\/\/marcali.plebania.hu\/wp-content\/uploads\/2025\/02\/10-768x512.jpg 768w, https:\/\/marcali.plebania.hu\/wp-content\/uploads\/2025\/02\/10-1536x1024.jpg 1536w, https:\/\/marcali.plebania.hu\/wp-content\/uploads\/2025\/02\/10-2048x1365.jpg 2048w, https:\/\/marcali.plebania.hu\/wp-content\/uploads\/2025\/02\/10-405x270.jpg 405w\" sizes=\"auto, (max-width: 1024px) 100vw, 1024px\" \/><\/figure>\n\n\n\n<figure class=\"wp-block-image size-large\"><img loading=\"lazy\" decoding=\"async\" width=\"1024\" height=\"683\" data-id=\"6779\" src=\"https:\/\/marcali.plebania.hu\/wp-content\/uploads\/2025\/02\/09-1024x683.jpg\" alt=\"\" class=\"wp-image-6779\" srcset=\"https:\/\/marcali.plebania.hu\/wp-content\/uploads\/2025\/02\/09-1024x683.jpg 1024w, https:\/\/marcali.plebania.hu\/wp-content\/uploads\/2025\/02\/09-300x200.jpg 300w, https:\/\/marcali.plebania.hu\/wp-content\/uploads\/2025\/02\/09-768x512.jpg 768w, https:\/\/marcali.plebania.hu\/wp-content\/uploads\/2025\/02\/09-1536x1024.jpg 1536w, https:\/\/marcali.plebania.hu\/wp-content\/uploads\/2025\/02\/09-2048x1365.jpg 2048w, https:\/\/marcali.plebania.hu\/wp-content\/uploads\/2025\/02\/09-405x270.jpg 405w\" sizes=\"auto, (max-width: 1024px) 100vw, 1024px\" \/><\/figure>\n\n\n\n<figure class=\"wp-block-image size-large\"><img loading=\"lazy\" decoding=\"async\" width=\"1024\" height=\"683\" data-id=\"6780\" src=\"https:\/\/marcali.plebania.hu\/wp-content\/uploads\/2025\/02\/11-1024x683.jpg\" alt=\"\" class=\"wp-image-6780\" srcset=\"https:\/\/marcali.plebania.hu\/wp-content\/uploads\/2025\/02\/11-1024x683.jpg 1024w, https:\/\/marcali.plebania.hu\/wp-content\/uploads\/2025\/02\/11-300x200.jpg 300w, https:\/\/marcali.plebania.hu\/wp-content\/uploads\/2025\/02\/11-768x512.jpg 768w, https:\/\/marcali.plebania.hu\/wp-content\/uploads\/2025\/02\/11-1536x1024.jpg 1536w, https:\/\/marcali.plebania.hu\/wp-content\/uploads\/2025\/02\/11-2048x1365.jpg 2048w, https:\/\/marcali.plebania.hu\/wp-content\/uploads\/2025\/02\/11-405x270.jpg 405w\" sizes=\"auto, (max-width: 1024px) 100vw, 1024px\" \/><\/figure>\n\n\n\n<figure class=\"wp-block-image size-large\"><img loading=\"lazy\" decoding=\"async\" width=\"1024\" height=\"683\" data-id=\"6790\" src=\"https:\/\/marcali.plebania.hu\/wp-content\/uploads\/2025\/02\/12-1024x683.jpg\" alt=\"\" class=\"wp-image-6790\" srcset=\"https:\/\/marcali.plebania.hu\/wp-content\/uploads\/2025\/02\/12-1024x683.jpg 1024w, https:\/\/marcali.plebania.hu\/wp-content\/uploads\/2025\/02\/12-300x200.jpg 300w, https:\/\/marcali.plebania.hu\/wp-content\/uploads\/2025\/02\/12-768x512.jpg 768w, https:\/\/marcali.plebania.hu\/wp-content\/uploads\/2025\/02\/12-1536x1024.jpg 1536w, https:\/\/marcali.plebania.hu\/wp-content\/uploads\/2025\/02\/12-2048x1365.jpg 2048w, https:\/\/marcali.plebania.hu\/wp-content\/uploads\/2025\/02\/12-405x270.jpg 405w\" sizes=\"auto, (max-width: 1024px) 100vw, 1024px\" \/><\/figure>\n<\/figure>\n\n\n\n<p>L\u0151rincz S\u00e1ndor kihangs\u00falyozta, hogy a hitre jut\u00e1s k\u00e9rd\u00e9se mindig izgalmas folyamat, \u00e9s vannak, akik r\u00f6videbb, vannak, akik nagyobb ker\u00fcl\u0151kkel jutnak el oda. De a legfontosabb a kegyelem el\u00e9r\u00e9se.<\/p>\n\n\n\n<p>Z\u00e1r\u00e1sk\u00e9nt hozz\u00e1tette m\u00e9g, hogy a kereszt\u00e9nyek felel\u0151ss\u00e9ge, hogy h\u00e1ny embert vezetnek el a hit \u00fatj\u00e1ra. Ez\u00e9rt az evangeliz\u00e1ci\u00f3 sz\u00e1mukra k\u00f6teless\u00e9g is. Az ilyen el\u0151ad\u00e1sok pedig k\u00fcl\u00f6n\u00f6sen fontosak arra, hogy milyen el\u0151ad\u00f3kat h\u00edvunk meg, mint gondolunk Istenr\u0151l, \u00e9s haz\u00e1r\u00f3l. \u00c9s a \u201eMi\u00e9rt hiszek? k\u00e9rd\u00e9sre egyszer\u0171 a v\u00e1lasz: \u201eMi\u00e9rt ne?\u201d<\/p>\n\n\n\n<figure class=\"wp-block-gallery has-nested-images columns-default is-cropped wp-block-gallery-3 is-layout-flex wp-block-gallery-is-layout-flex\">\n<figure class=\"wp-block-image size-large\"><img loading=\"lazy\" decoding=\"async\" width=\"1024\" height=\"683\" data-id=\"6786\" src=\"https:\/\/marcali.plebania.hu\/wp-content\/uploads\/2025\/02\/13-1024x683.jpg\" alt=\"\" class=\"wp-image-6786\" srcset=\"https:\/\/marcali.plebania.hu\/wp-content\/uploads\/2025\/02\/13-1024x683.jpg 1024w, https:\/\/marcali.plebania.hu\/wp-content\/uploads\/2025\/02\/13-300x200.jpg 300w, https:\/\/marcali.plebania.hu\/wp-content\/uploads\/2025\/02\/13-768x512.jpg 768w, https:\/\/marcali.plebania.hu\/wp-content\/uploads\/2025\/02\/13-1536x1024.jpg 1536w, https:\/\/marcali.plebania.hu\/wp-content\/uploads\/2025\/02\/13-2048x1365.jpg 2048w, https:\/\/marcali.plebania.hu\/wp-content\/uploads\/2025\/02\/13-405x270.jpg 405w\" sizes=\"auto, (max-width: 1024px) 100vw, 1024px\" \/><\/figure>\n\n\n\n<figure class=\"wp-block-image size-large\"><img loading=\"lazy\" decoding=\"async\" width=\"1024\" height=\"683\" data-id=\"6787\" src=\"https:\/\/marcali.plebania.hu\/wp-content\/uploads\/2025\/02\/16-1024x683.jpg\" alt=\"\" class=\"wp-image-6787\" srcset=\"https:\/\/marcali.plebania.hu\/wp-content\/uploads\/2025\/02\/16-1024x683.jpg 1024w, https:\/\/marcali.plebania.hu\/wp-content\/uploads\/2025\/02\/16-300x200.jpg 300w, https:\/\/marcali.plebania.hu\/wp-content\/uploads\/2025\/02\/16-768x512.jpg 768w, https:\/\/marcali.plebania.hu\/wp-content\/uploads\/2025\/02\/16-1536x1024.jpg 1536w, https:\/\/marcali.plebania.hu\/wp-content\/uploads\/2025\/02\/16-2048x1365.jpg 2048w, https:\/\/marcali.plebania.hu\/wp-content\/uploads\/2025\/02\/16-405x270.jpg 405w\" sizes=\"auto, (max-width: 1024px) 100vw, 1024px\" \/><\/figure>\n\n\n\n<figure class=\"wp-block-image size-large\"><img loading=\"lazy\" decoding=\"async\" width=\"1024\" height=\"683\" data-id=\"6783\" src=\"https:\/\/marcali.plebania.hu\/wp-content\/uploads\/2025\/02\/23-1024x683.jpg\" alt=\"\" class=\"wp-image-6783\" srcset=\"https:\/\/marcali.plebania.hu\/wp-content\/uploads\/2025\/02\/23-1024x683.jpg 1024w, https:\/\/marcali.plebania.hu\/wp-content\/uploads\/2025\/02\/23-300x200.jpg 300w, https:\/\/marcali.plebania.hu\/wp-content\/uploads\/2025\/02\/23-768x512.jpg 768w, https:\/\/marcali.plebania.hu\/wp-content\/uploads\/2025\/02\/23-1536x1024.jpg 1536w, https:\/\/marcali.plebania.hu\/wp-content\/uploads\/2025\/02\/23-2048x1365.jpg 2048w, https:\/\/marcali.plebania.hu\/wp-content\/uploads\/2025\/02\/23-405x270.jpg 405w\" sizes=\"auto, (max-width: 1024px) 100vw, 1024px\" \/><\/figure>\n\n\n\n<figure class=\"wp-block-image size-large\"><img loading=\"lazy\" decoding=\"async\" width=\"1024\" height=\"683\" data-id=\"6784\" src=\"https:\/\/marcali.plebania.hu\/wp-content\/uploads\/2025\/02\/24-1024x683.jpg\" alt=\"\" class=\"wp-image-6784\" srcset=\"https:\/\/marcali.plebania.hu\/wp-content\/uploads\/2025\/02\/24-1024x683.jpg 1024w, https:\/\/marcali.plebania.hu\/wp-content\/uploads\/2025\/02\/24-300x200.jpg 300w, https:\/\/marcali.plebania.hu\/wp-content\/uploads\/2025\/02\/24-768x512.jpg 768w, https:\/\/marcali.plebania.hu\/wp-content\/uploads\/2025\/02\/24-1536x1024.jpg 1536w, https:\/\/marcali.plebania.hu\/wp-content\/uploads\/2025\/02\/24-2048x1365.jpg 2048w, https:\/\/marcali.plebania.hu\/wp-content\/uploads\/2025\/02\/24-405x270.jpg 405w\" sizes=\"auto, (max-width: 1024px) 100vw, 1024px\" \/><\/figure>\n<\/figure>\n\n\n\n<p>A sikeres estet Molik Edit nyugd\u00edjas kaposv\u00e1ri \u00f3vodavezet\u0151, Tomanek Ferenc \u00c1ron pl\u00e9b\u00e1nos, illet\u0151leg a Marcali R\u00f3mai Katolikus Pl\u00e9b\u00e1nia, \u00e9s a K\u00c9SZ Marcali Csoportja k\u00f6z\u00f6sen szervezte, melyen nemcsak a h\u00edvek, \u00e9rdekl\u0151d\u0151k, hanem t\u00f6bb helyi civil szervezet vezet\u0151je \u00e9s tagja is k\u00e9pviseltette mag\u00e1t.<\/p>\n\n\n\n<p>\u00cdrta: K\u00c9SZ Marcali Csoport\/Kiss K\u00e1lm\u00e1n<\/p>\n\n\n\n<p>Fot\u00f3k: Szaka Zsolt, Kiss K\u00e1lm\u00e1n<\/p>\n","protected":false},"excerpt":{"rendered":"<p>2025. febru\u00e1r 20-\u00e1n, cs\u00fct\u00f6rt\u00f6k\u00f6n 17.30 \u00f3rakor \u2013 a program r\u00e9szek\u00e9nt \u2013 Tomanek Ferenc \u00c1ron marcali pl\u00e9b\u00e1nos celebr\u00e1lt \u00fcnnepi szentmis\u00e9t a Gy\u00fcm\u00f6lcsolt\u00f3 Boldogasszony Pl\u00e9b\u00e1niatemplomban. Az istentisztelet ut\u00e1n 18.15 \u00f3r\u00e1t\u00f3l \u201eMi\u00e9rt hiszek?\u201d c\u00edmmel pedig tan\u00fas\u00e1gtev\u0151 el\u0151ad\u00e1st tartott L\u0151rincz S\u00e1ndor \u00fajs\u00e1g\u00edr\u00f3 \u00e9s feles\u00e9ge, L\u0151rinczn\u00e9 P\u00e1los \u00c9va tan\u00e1rn\u0151 az egyh\u00e1zk\u00f6zs\u00e9g k\u00f6z\u00f6ss\u00e9gi h\u00e1z\u00e1ban (X-h\u00e1z, D\u00f3zsa u. 3.). A rendezv\u00e9ny r\u00e9sztvev\u0151it Kiss K\u00e1lm\u00e1n, a K\u00c9SZ helyi csoportj\u00e1nak eln\u00f6ke k\u00f6sz\u00f6nt\u00f6tte els\u0151k\u00e9nt, majd pedig Molik Edit, az el\u0151ad\u00e1s-sorozat \u00f6tletgazd\u00e1ja \u00e9s f\u0151 szervez\u0151je p\u00e1r gondolattal mutatta be a vend\u00e9geket&#8230;.<\/p>\n<p class=\"read-more\"><a class=\"btn btn-default\" href=\"https:\/\/marcali.plebania.hu\/?p=6773\"> Read More<span class=\"screen-reader-text\">  Read More<\/span><\/a><\/p>\n","protected":false},"author":2,"featured_media":0,"comment_status":"closed","ping_status":"open","sticky":false,"template":"","format":"standard","meta":{"footnotes":""},"categories":[1],"tags":[],"class_list":["post-6773","post","type-post","status-publish","format-standard","hentry","category-egyeb"],"_links":{"self":[{"href":"https:\/\/marcali.plebania.hu\/index.php?rest_route=\/wp\/v2\/posts\/6773","targetHints":{"allow":["GET"]}}],"collection":[{"href":"https:\/\/marcali.plebania.hu\/index.php?rest_route=\/wp\/v2\/posts"}],"about":[{"href":"https:\/\/marcali.plebania.hu\/index.php?rest_route=\/wp\/v2\/types\/post"}],"author":[{"embeddable":true,"href":"https:\/\/marcali.plebania.hu\/index.php?rest_route=\/wp\/v2\/users\/2"}],"replies":[{"embeddable":true,"href":"https:\/\/marcali.plebania.hu\/index.php?rest_route=%2Fwp%2Fv2%2Fcomments&post=6773"}],"version-history":[{"count":1,"href":"https:\/\/marcali.plebania.hu\/index.php?rest_route=\/wp\/v2\/posts\/6773\/revisions"}],"predecessor-version":[{"id":6791,"href":"https:\/\/marcali.plebania.hu\/index.php?rest_route=\/wp\/v2\/posts\/6773\/revisions\/6791"}],"wp:attachment":[{"href":"https:\/\/marcali.plebania.hu\/index.php?rest_route=%2Fwp%2Fv2%2Fmedia&parent=6773"}],"wp:term":[{"taxonomy":"category","embeddable":true,"href":"https:\/\/marcali.plebania.hu\/index.php?rest_route=%2Fwp%2Fv2%2Fcategories&post=6773"},{"taxonomy":"post_tag","embeddable":true,"href":"https:\/\/marcali.plebania.hu\/index.php?rest_route=%2Fwp%2Fv2%2Ftags&post=6773"}],"curies":[{"name":"wp","href":"https:\/\/api.w.org\/{rel}","templated":true}]}}