{"id":680,"date":"2019-03-05T16:06:06","date_gmt":"2019-03-05T16:06:06","guid":{"rendered":"https:\/\/marcali.plebania.hu\/?p=680"},"modified":"2019-03-05T16:06:06","modified_gmt":"2019-03-05T16:06:06","slug":"19-marcali-katolikus-bal","status":"publish","type":"post","link":"https:\/\/marcali.plebania.hu\/?p=680","title":{"rendered":"19. Marcali Katolikus B\u00e1l"},"content":{"rendered":"\n<p>2019. m\u00e1rcius 2-\u00e1n, szombaton 19 \u00f3r\u00e1t\u00f3l a Berzsenyi D\u00e1niel Gimn\u00e1zium eb\u00e9dl\u0151j\u00e9ben rendezt\u00e9k meg a 19. Marcali Katolikus (Kereszt\u00e9ny) B\u00e1lt.<\/p>\n\n\n\n<figure class=\"wp-block-image\"><img loading=\"lazy\" decoding=\"async\" width=\"1024\" height=\"683\" src=\"https:\/\/marcali.plebania.hu\/wp-content\/uploads\/2019\/03\/08-1024x683.jpg\" alt=\"\" class=\"wp-image-681\" srcset=\"https:\/\/marcali.plebania.hu\/wp-content\/uploads\/2019\/03\/08-1024x683.jpg 1024w, https:\/\/marcali.plebania.hu\/wp-content\/uploads\/2019\/03\/08-300x200.jpg 300w, https:\/\/marcali.plebania.hu\/wp-content\/uploads\/2019\/03\/08-768x512.jpg 768w, https:\/\/marcali.plebania.hu\/wp-content\/uploads\/2019\/03\/08-405x270.jpg 405w\" sizes=\"auto, (max-width: 1024px) 100vw, 1024px\" \/><\/figure>\n\n\n\n<p>Az egyh\u00e1zk\u00f6zs\u00e9g vezet\u00e9se \u00e1ltal szervezett mulats\u00e1got Kiss Iv\u00e1n c. pr\u00e9post, esperes-pl\u00e9b\u00e1nos nyitotta meg \u00e9s bevezet\u0151 gondolatai ut\u00e1n a Noszlopy G\u00e1sp\u00e1r \u00c1ltal\u00e1nos \u00e9s Alapfok\u00fa M\u0171v\u00e9szeti Iskola Baglas ut\u00e1np\u00f3tl\u00e1s\u00e1nak 7. oszt\u00e1lyos n\u00e9pt\u00e1ncosai adtak el\u0151 egy fergeteges m\u0171sort.<\/p>\n\n\n\n<ul class=\"wp-block-gallery columns-3 is-cropped wp-block-gallery-1 is-layout-flex wp-block-gallery-is-layout-flex\"><li class=\"blocks-gallery-item\"><figure><img loading=\"lazy\" decoding=\"async\" width=\"1024\" height=\"683\" src=\"https:\/\/marcali.plebania.hu\/wp-content\/uploads\/2019\/03\/21-1024x683.jpg\" alt=\"\" data-id=\"682\" data-link=\"https:\/\/marcali.plebania.hu\/?attachment_id=682\" class=\"wp-image-682\" srcset=\"https:\/\/marcali.plebania.hu\/wp-content\/uploads\/2019\/03\/21-1024x683.jpg 1024w, https:\/\/marcali.plebania.hu\/wp-content\/uploads\/2019\/03\/21-300x200.jpg 300w, https:\/\/marcali.plebania.hu\/wp-content\/uploads\/2019\/03\/21-768x512.jpg 768w, https:\/\/marcali.plebania.hu\/wp-content\/uploads\/2019\/03\/21-405x270.jpg 405w\" sizes=\"auto, (max-width: 1024px) 100vw, 1024px\" \/><\/figure><\/li><li class=\"blocks-gallery-item\"><figure><img loading=\"lazy\" decoding=\"async\" width=\"1024\" height=\"683\" src=\"https:\/\/marcali.plebania.hu\/wp-content\/uploads\/2019\/03\/33-1024x683.jpg\" alt=\"\" data-id=\"684\" data-link=\"https:\/\/marcali.plebania.hu\/?attachment_id=684\" class=\"wp-image-684\" srcset=\"https:\/\/marcali.plebania.hu\/wp-content\/uploads\/2019\/03\/33-1024x683.jpg 1024w, https:\/\/marcali.plebania.hu\/wp-content\/uploads\/2019\/03\/33-300x200.jpg 300w, https:\/\/marcali.plebania.hu\/wp-content\/uploads\/2019\/03\/33-768x512.jpg 768w, https:\/\/marcali.plebania.hu\/wp-content\/uploads\/2019\/03\/33-405x270.jpg 405w\" sizes=\"auto, (max-width: 1024px) 100vw, 1024px\" \/><\/figure><\/li><li class=\"blocks-gallery-item\"><figure><img loading=\"lazy\" decoding=\"async\" width=\"1024\" height=\"683\" src=\"https:\/\/marcali.plebania.hu\/wp-content\/uploads\/2019\/03\/37-1024x683.jpg\" alt=\"\" data-id=\"685\" data-link=\"https:\/\/marcali.plebania.hu\/?attachment_id=685\" class=\"wp-image-685\" srcset=\"https:\/\/marcali.plebania.hu\/wp-content\/uploads\/2019\/03\/37-1024x683.jpg 1024w, https:\/\/marcali.plebania.hu\/wp-content\/uploads\/2019\/03\/37-300x200.jpg 300w, https:\/\/marcali.plebania.hu\/wp-content\/uploads\/2019\/03\/37-768x512.jpg 768w, https:\/\/marcali.plebania.hu\/wp-content\/uploads\/2019\/03\/37-405x270.jpg 405w\" sizes=\"auto, (max-width: 1024px) 100vw, 1024px\" \/><\/figure><\/li><li class=\"blocks-gallery-item\"><figure><img loading=\"lazy\" decoding=\"async\" width=\"1024\" height=\"683\" src=\"https:\/\/marcali.plebania.hu\/wp-content\/uploads\/2019\/03\/23-1024x683.jpg\" alt=\"\" data-id=\"695\" data-link=\"https:\/\/marcali.plebania.hu\/?attachment_id=695\" class=\"wp-image-695\" srcset=\"https:\/\/marcali.plebania.hu\/wp-content\/uploads\/2019\/03\/23-1024x683.jpg 1024w, https:\/\/marcali.plebania.hu\/wp-content\/uploads\/2019\/03\/23-300x200.jpg 300w, https:\/\/marcali.plebania.hu\/wp-content\/uploads\/2019\/03\/23-768x512.jpg 768w, https:\/\/marcali.plebania.hu\/wp-content\/uploads\/2019\/03\/23-405x270.jpg 405w\" sizes=\"auto, (max-width: 1024px) 100vw, 1024px\" \/><\/figure><\/li><\/ul>\n\n\n\n<p>A finom sv\u00e9dasztalos vacsor\u00e1t k\u00f6vet\u0151en vid\u00e1m hangulatban telt el az est tov\u00e1bbi r\u00e9sze a k\u00fcl\u00f6nb\u00f6z\u0151 asztalt\u00e1rsas\u00e1gokn\u00e1l, mik\u00f6zben a v\u00e1ltozatos \u00e9s k\u00f6zismert sl\u00e1gerek dallam\u00e1ra sokak t\u00e1ncra perd\u00fcltek. A vigass\u00e1g v\u00e9g\u00fcl hajnalig tartott.<\/p>\n\n\n\n<ul class=\"wp-block-gallery columns-3 is-cropped wp-block-gallery-2 is-layout-flex wp-block-gallery-is-layout-flex\"><li class=\"blocks-gallery-item\"><figure><img loading=\"lazy\" decoding=\"async\" width=\"1024\" height=\"683\" src=\"https:\/\/marcali.plebania.hu\/wp-content\/uploads\/2019\/03\/29-1024x683.jpg\" alt=\"\" data-id=\"686\" data-link=\"https:\/\/marcali.plebania.hu\/?attachment_id=686\" class=\"wp-image-686\" srcset=\"https:\/\/marcali.plebania.hu\/wp-content\/uploads\/2019\/03\/29-1024x683.jpg 1024w, https:\/\/marcali.plebania.hu\/wp-content\/uploads\/2019\/03\/29-300x200.jpg 300w, https:\/\/marcali.plebania.hu\/wp-content\/uploads\/2019\/03\/29-768x512.jpg 768w, https:\/\/marcali.plebania.hu\/wp-content\/uploads\/2019\/03\/29-405x270.jpg 405w\" sizes=\"auto, (max-width: 1024px) 100vw, 1024px\" \/><\/figure><\/li><li class=\"blocks-gallery-item\"><figure><img loading=\"lazy\" decoding=\"async\" width=\"1024\" height=\"683\" src=\"https:\/\/marcali.plebania.hu\/wp-content\/uploads\/2019\/03\/44-1024x683.jpg\" alt=\"\" data-id=\"688\" data-link=\"https:\/\/marcali.plebania.hu\/?attachment_id=688\" class=\"wp-image-688\" srcset=\"https:\/\/marcali.plebania.hu\/wp-content\/uploads\/2019\/03\/44-1024x683.jpg 1024w, https:\/\/marcali.plebania.hu\/wp-content\/uploads\/2019\/03\/44-300x200.jpg 300w, https:\/\/marcali.plebania.hu\/wp-content\/uploads\/2019\/03\/44-768x512.jpg 768w, https:\/\/marcali.plebania.hu\/wp-content\/uploads\/2019\/03\/44-405x270.jpg 405w\" sizes=\"auto, (max-width: 1024px) 100vw, 1024px\" \/><\/figure><\/li><li class=\"blocks-gallery-item\"><figure><img loading=\"lazy\" decoding=\"async\" width=\"1024\" height=\"683\" src=\"https:\/\/marcali.plebania.hu\/wp-content\/uploads\/2019\/03\/53-1024x683.jpg\" alt=\"\" data-id=\"689\" data-link=\"https:\/\/marcali.plebania.hu\/?attachment_id=689\" class=\"wp-image-689\" srcset=\"https:\/\/marcali.plebania.hu\/wp-content\/uploads\/2019\/03\/53-1024x683.jpg 1024w, https:\/\/marcali.plebania.hu\/wp-content\/uploads\/2019\/03\/53-300x200.jpg 300w, https:\/\/marcali.plebania.hu\/wp-content\/uploads\/2019\/03\/53-768x512.jpg 768w, https:\/\/marcali.plebania.hu\/wp-content\/uploads\/2019\/03\/53-405x270.jpg 405w\" sizes=\"auto, (max-width: 1024px) 100vw, 1024px\" \/><\/figure><\/li><li class=\"blocks-gallery-item\"><figure><img loading=\"lazy\" decoding=\"async\" width=\"1024\" height=\"683\" src=\"https:\/\/marcali.plebania.hu\/wp-content\/uploads\/2019\/03\/53-1-1024x683.jpg\" alt=\"\" data-id=\"690\" data-link=\"https:\/\/marcali.plebania.hu\/?attachment_id=690\" class=\"wp-image-690\" srcset=\"https:\/\/marcali.plebania.hu\/wp-content\/uploads\/2019\/03\/53-1-1024x683.jpg 1024w, https:\/\/marcali.plebania.hu\/wp-content\/uploads\/2019\/03\/53-1-300x200.jpg 300w, https:\/\/marcali.plebania.hu\/wp-content\/uploads\/2019\/03\/53-1-768x512.jpg 768w, https:\/\/marcali.plebania.hu\/wp-content\/uploads\/2019\/03\/53-1-405x270.jpg 405w\" sizes=\"auto, (max-width: 1024px) 100vw, 1024px\" \/><\/figure><\/li><\/ul>\n\n\n\n<p>A 19. Marcali Katolikus B\u00e1l az id\u00e9n is j\u00f3t\u00e9kony c\u00e9lokat szolg\u00e1l, hiszen a tombola teljes bev\u00e9tel\u00e9t a hittanos gyermekek ny\u00e1ri t\u00e1bor\u00e1ra fogj\u00e1k ford\u00edtani.<\/p>\n\n\n\n<ul class=\"wp-block-gallery columns-3 is-cropped wp-block-gallery-3 is-layout-flex wp-block-gallery-is-layout-flex\"><li class=\"blocks-gallery-item\"><figure><img loading=\"lazy\" decoding=\"async\" width=\"1024\" height=\"683\" src=\"https:\/\/marcali.plebania.hu\/wp-content\/uploads\/2019\/03\/62-1024x683.jpg\" alt=\"\" data-id=\"692\" data-link=\"https:\/\/marcali.plebania.hu\/?attachment_id=692\" class=\"wp-image-692\" srcset=\"https:\/\/marcali.plebania.hu\/wp-content\/uploads\/2019\/03\/62-1024x683.jpg 1024w, https:\/\/marcali.plebania.hu\/wp-content\/uploads\/2019\/03\/62-300x200.jpg 300w, https:\/\/marcali.plebania.hu\/wp-content\/uploads\/2019\/03\/62-768x512.jpg 768w, https:\/\/marcali.plebania.hu\/wp-content\/uploads\/2019\/03\/62-405x270.jpg 405w\" sizes=\"auto, (max-width: 1024px) 100vw, 1024px\" \/><\/figure><\/li><li class=\"blocks-gallery-item\"><figure><img loading=\"lazy\" decoding=\"async\" width=\"1024\" height=\"683\" src=\"https:\/\/marcali.plebania.hu\/wp-content\/uploads\/2019\/03\/126-1024x683.jpg\" alt=\"\" data-id=\"693\" data-link=\"https:\/\/marcali.plebania.hu\/?attachment_id=693\" class=\"wp-image-693\" srcset=\"https:\/\/marcali.plebania.hu\/wp-content\/uploads\/2019\/03\/126-1024x683.jpg 1024w, https:\/\/marcali.plebania.hu\/wp-content\/uploads\/2019\/03\/126-300x200.jpg 300w, https:\/\/marcali.plebania.hu\/wp-content\/uploads\/2019\/03\/126-768x512.jpg 768w, https:\/\/marcali.plebania.hu\/wp-content\/uploads\/2019\/03\/126-405x270.jpg 405w\" sizes=\"auto, (max-width: 1024px) 100vw, 1024px\" \/><\/figure><\/li><li class=\"blocks-gallery-item\"><figure><img loading=\"lazy\" decoding=\"async\" width=\"1024\" height=\"683\" src=\"https:\/\/marcali.plebania.hu\/wp-content\/uploads\/2019\/03\/129-1024x683.jpg\" alt=\"\" data-id=\"694\" data-link=\"https:\/\/marcali.plebania.hu\/?attachment_id=694\" class=\"wp-image-694\" srcset=\"https:\/\/marcali.plebania.hu\/wp-content\/uploads\/2019\/03\/129-1024x683.jpg 1024w, https:\/\/marcali.plebania.hu\/wp-content\/uploads\/2019\/03\/129-300x200.jpg 300w, https:\/\/marcali.plebania.hu\/wp-content\/uploads\/2019\/03\/129-768x512.jpg 768w, https:\/\/marcali.plebania.hu\/wp-content\/uploads\/2019\/03\/129-405x270.jpg 405w\" sizes=\"auto, (max-width: 1024px) 100vw, 1024px\" \/><\/figure><\/li><li class=\"blocks-gallery-item\"><figure><img loading=\"lazy\" decoding=\"async\" width=\"1024\" height=\"683\" src=\"https:\/\/marcali.plebania.hu\/wp-content\/uploads\/2019\/03\/61-1-1024x683.jpg\" alt=\"\" data-id=\"696\" data-link=\"https:\/\/marcali.plebania.hu\/?attachment_id=696\" class=\"wp-image-696\" srcset=\"https:\/\/marcali.plebania.hu\/wp-content\/uploads\/2019\/03\/61-1-1024x683.jpg 1024w, https:\/\/marcali.plebania.hu\/wp-content\/uploads\/2019\/03\/61-1-300x200.jpg 300w, https:\/\/marcali.plebania.hu\/wp-content\/uploads\/2019\/03\/61-1-768x512.jpg 768w, https:\/\/marcali.plebania.hu\/wp-content\/uploads\/2019\/03\/61-1-405x270.jpg 405w\" sizes=\"auto, (max-width: 1024px) 100vw, 1024px\" \/><\/figure><\/li><\/ul>\n\n\n\n<p>A rengeteg tombola felaj\u00e1nl\u00e1s\u00e1\u00e9rt k\u00f6sz\u00f6net illeti az adakoz\u00f3 mag\u00e1nszem\u00e9lyeket, v\u00e1llalkoz\u00f3kat \u00e9s c\u00e9geket. A szervez\u0151k k\u00fcl\u00f6n megk\u00f6sz\u00f6nik mindazok t\u00e1mogat\u00e1s\u00e1t is, akik t\u00e1mogat\u00f3i jegyek \u00e9s tombol\u00e1k v\u00e1s\u00e1rl\u00e1s\u00e1val seg\u00edtik a nemes c\u00e9l megval\u00f3s\u00edt\u00e1s\u00e1t.<\/p>\n\n\n\n<ul class=\"wp-block-gallery columns-3 is-cropped wp-block-gallery-4 is-layout-flex wp-block-gallery-is-layout-flex\"><li class=\"blocks-gallery-item\"><figure><img loading=\"lazy\" decoding=\"async\" width=\"1024\" height=\"683\" src=\"https:\/\/marcali.plebania.hu\/wp-content\/uploads\/2019\/03\/94-1024x683.jpg\" alt=\"\" data-id=\"697\" data-link=\"https:\/\/marcali.plebania.hu\/?attachment_id=697\" class=\"wp-image-697\" srcset=\"https:\/\/marcali.plebania.hu\/wp-content\/uploads\/2019\/03\/94-1024x683.jpg 1024w, https:\/\/marcali.plebania.hu\/wp-content\/uploads\/2019\/03\/94-300x200.jpg 300w, https:\/\/marcali.plebania.hu\/wp-content\/uploads\/2019\/03\/94-768x512.jpg 768w, https:\/\/marcali.plebania.hu\/wp-content\/uploads\/2019\/03\/94-405x270.jpg 405w\" sizes=\"auto, (max-width: 1024px) 100vw, 1024px\" \/><\/figure><\/li><li class=\"blocks-gallery-item\"><figure><img loading=\"lazy\" decoding=\"async\" width=\"1024\" height=\"683\" src=\"https:\/\/marcali.plebania.hu\/wp-content\/uploads\/2019\/03\/111-1024x683.jpg\" alt=\"\" data-id=\"698\" data-link=\"https:\/\/marcali.plebania.hu\/?attachment_id=698\" class=\"wp-image-698\" srcset=\"https:\/\/marcali.plebania.hu\/wp-content\/uploads\/2019\/03\/111-1024x683.jpg 1024w, https:\/\/marcali.plebania.hu\/wp-content\/uploads\/2019\/03\/111-300x200.jpg 300w, https:\/\/marcali.plebania.hu\/wp-content\/uploads\/2019\/03\/111-768x512.jpg 768w, https:\/\/marcali.plebania.hu\/wp-content\/uploads\/2019\/03\/111-405x270.jpg 405w\" sizes=\"auto, (max-width: 1024px) 100vw, 1024px\" \/><\/figure><\/li><li class=\"blocks-gallery-item\"><figure><img loading=\"lazy\" decoding=\"async\" width=\"1024\" height=\"683\" src=\"https:\/\/marcali.plebania.hu\/wp-content\/uploads\/2019\/03\/89-1024x683.jpg\" alt=\"\" data-id=\"699\" data-link=\"https:\/\/marcali.plebania.hu\/?attachment_id=699\" class=\"wp-image-699\" srcset=\"https:\/\/marcali.plebania.hu\/wp-content\/uploads\/2019\/03\/89-1024x683.jpg 1024w, https:\/\/marcali.plebania.hu\/wp-content\/uploads\/2019\/03\/89-300x200.jpg 300w, https:\/\/marcali.plebania.hu\/wp-content\/uploads\/2019\/03\/89-768x512.jpg 768w, https:\/\/marcali.plebania.hu\/wp-content\/uploads\/2019\/03\/89-405x270.jpg 405w\" sizes=\"auto, (max-width: 1024px) 100vw, 1024px\" \/><\/figure><\/li><li class=\"blocks-gallery-item\"><figure><img loading=\"lazy\" decoding=\"async\" width=\"1024\" height=\"683\" src=\"https:\/\/marcali.plebania.hu\/wp-content\/uploads\/2019\/03\/112-1024x683.jpg\" alt=\"\" data-id=\"700\" data-link=\"https:\/\/marcali.plebania.hu\/?attachment_id=700\" class=\"wp-image-700\" srcset=\"https:\/\/marcali.plebania.hu\/wp-content\/uploads\/2019\/03\/112-1024x683.jpg 1024w, https:\/\/marcali.plebania.hu\/wp-content\/uploads\/2019\/03\/112-300x200.jpg 300w, https:\/\/marcali.plebania.hu\/wp-content\/uploads\/2019\/03\/112-768x512.jpg 768w, https:\/\/marcali.plebania.hu\/wp-content\/uploads\/2019\/03\/112-405x270.jpg 405w\" sizes=\"auto, (max-width: 1024px) 100vw, 1024px\" \/><\/figure><\/li><\/ul>\n","protected":false},"excerpt":{"rendered":"<p>2019. m\u00e1rcius 2-\u00e1n, szombaton 19 \u00f3r\u00e1t\u00f3l a Berzsenyi D\u00e1niel Gimn\u00e1zium eb\u00e9dl\u0151j\u00e9ben rendezt\u00e9k meg a 19. Marcali Katolikus (Kereszt\u00e9ny) B\u00e1lt. Az egyh\u00e1zk\u00f6zs\u00e9g vezet\u00e9se \u00e1ltal szervezett mulats\u00e1got Kiss Iv\u00e1n c. pr\u00e9post, esperes-pl\u00e9b\u00e1nos nyitotta meg \u00e9s bevezet\u0151 gondolatai ut\u00e1n a Noszlopy G\u00e1sp\u00e1r \u00c1ltal\u00e1nos \u00e9s Alapfok\u00fa M\u0171v\u00e9szeti Iskola Baglas ut\u00e1np\u00f3tl\u00e1s\u00e1nak 7. oszt\u00e1lyos n\u00e9pt\u00e1ncosai adtak el\u0151 egy fergeteges m\u0171sort. A finom sv\u00e9dasztalos vacsor\u00e1t k\u00f6vet\u0151en vid\u00e1m hangulatban telt el az est tov\u00e1bbi r\u00e9sze a k\u00fcl\u00f6nb\u00f6z\u0151 asztalt\u00e1rsas\u00e1gokn\u00e1l, mik\u00f6zben a v\u00e1ltozatos \u00e9s k\u00f6zismert sl\u00e1gerek dallam\u00e1ra sokak t\u00e1ncra perd\u00fcltek&#8230;.<\/p>\n<p class=\"read-more\"><a class=\"btn btn-default\" href=\"https:\/\/marcali.plebania.hu\/?p=680\"> Read More<span class=\"screen-reader-text\">  Read More<\/span><\/a><\/p>\n","protected":false},"author":2,"featured_media":0,"comment_status":"closed","ping_status":"open","sticky":false,"template":"","format":"standard","meta":{"footnotes":""},"categories":[1],"tags":[],"class_list":["post-680","post","type-post","status-publish","format-standard","hentry","category-egyeb"],"_links":{"self":[{"href":"https:\/\/marcali.plebania.hu\/index.php?rest_route=\/wp\/v2\/posts\/680","targetHints":{"allow":["GET"]}}],"collection":[{"href":"https:\/\/marcali.plebania.hu\/index.php?rest_route=\/wp\/v2\/posts"}],"about":[{"href":"https:\/\/marcali.plebania.hu\/index.php?rest_route=\/wp\/v2\/types\/post"}],"author":[{"embeddable":true,"href":"https:\/\/marcali.plebania.hu\/index.php?rest_route=\/wp\/v2\/users\/2"}],"replies":[{"embeddable":true,"href":"https:\/\/marcali.plebania.hu\/index.php?rest_route=%2Fwp%2Fv2%2Fcomments&post=680"}],"version-history":[{"count":1,"href":"https:\/\/marcali.plebania.hu\/index.php?rest_route=\/wp\/v2\/posts\/680\/revisions"}],"predecessor-version":[{"id":701,"href":"https:\/\/marcali.plebania.hu\/index.php?rest_route=\/wp\/v2\/posts\/680\/revisions\/701"}],"wp:attachment":[{"href":"https:\/\/marcali.plebania.hu\/index.php?rest_route=%2Fwp%2Fv2%2Fmedia&parent=680"}],"wp:term":[{"taxonomy":"category","embeddable":true,"href":"https:\/\/marcali.plebania.hu\/index.php?rest_route=%2Fwp%2Fv2%2Fcategories&post=680"},{"taxonomy":"post_tag","embeddable":true,"href":"https:\/\/marcali.plebania.hu\/index.php?rest_route=%2Fwp%2Fv2%2Ftags&post=680"}],"curies":[{"name":"wp","href":"https:\/\/api.w.org\/{rel}","templated":true}]}}