{"id":6805,"date":"2025-03-01T23:52:04","date_gmt":"2025-03-01T23:52:04","guid":{"rendered":"https:\/\/marcali.plebania.hu\/?p=6805"},"modified":"2025-03-01T23:53:29","modified_gmt":"2025-03-01T23:53:29","slug":"hirdetesek-2025-marcius-2-an","status":"publish","type":"post","link":"https:\/\/marcali.plebania.hu\/?p=6805","title":{"rendered":"Hirdet\u00e9sek 2025. m\u00e1rcius 2-\u00e1n"},"content":{"rendered":"\n<p><strong><a href=\"https:\/\/igenaptar.katolikus.hu\/nap\/index.php?holnap=2025-03-02\" target=\"_blank\" rel=\"noreferrer noopener\"><u>\u00c9vk\u00f6zi 8. vas\u00e1rnap<\/u><\/a><\/strong><\/p>\n\n\n\n<ol start=\"1\" class=\"wp-block-list\">\n<li>K\u00f6sz\u00f6nj\u00fck a hittanos farsang \u00e9s a pl\u00e9b\u00e1niai est szervez\u0151inek munk\u00e1j\u00e1t.<\/li>\n\n\n\n<li>A <strong>k\u00e9pvisel\u0151-test\u00fcleti \u00fcl\u00e9s<\/strong> kedden 18:00-kor kezd\u0151dik a pl\u00e9b\u00e1ni\u00e1n.<\/li>\n\n\n\n<li>Hamvaz\u00f3szerd\u00e1val megkezd\u0151dik a <strong>nagyb\u00f6jti id\u0151<\/strong>, amelyr\u0151l egy r\u00e9szletesebb le\u00edr\u00e1s <a href=\"https:\/\/marcali.plebania.hu\/index.php\/nagybojt\/\"><em>ITT<\/em><\/a> olvashat\u00f3. E 40 nap c\u00e9lja a h\u00fasv\u00e9t \u00fcnnepl\u00e9s\u00e9nek el\u0151k\u00e9sz\u00edt\u00e9se. Ezt szolg\u00e1lja a szerdai \u00e9s a vas\u00e1rnapi mis\u00e9k ut\u00e1ni hamvazkod\u00e1s, a b\u00f6jt, a b\u0171nb\u00e1nat, az egy\u00e9ni ima, az \u00f6nfegyelem, az adakoz\u00f3 szeretet gyakorl\u00e1sa \u00e9s a <strong>kereszt\u00fat<\/strong> elim\u00e1dkoz\u00e1sa (a pl\u00e9b\u00e1niatemplomban p\u00e9ntekenk\u00e9nt 16:45-t\u0151l, a Boldog Gizella-templomban vas\u00e1rnaponk\u00e9nt 17:00-t\u00f3l). Hamvaz\u00f3szerda \u00e9s nagyp\u00e9ntek <strong>szigor\u00fa b\u00f6jt<\/strong>i nap, ezeken a napokon 60 \u00e9ves korig a feln\u0151tt h\u00edvek sz\u00e1m\u00e1ra egyszeri teljes \u00e9tkez\u00e9s a megengedett \u00e9s m\u00e9g k\u00e9tszer n\u00e9mi \u00e9tel fogyaszt\u00e1sa. 14 \u00e9ves kort\u00f3l tart\u00f3zkodunk a h\u00fast\u00f3l a b\u00f6jti napokon. Szerd\u00e1n gy\u00f3n\u00e1si lehet\u0151s\u00e9g is lesz a mise el\u0151tt. \u00c1prilis 5-\u00e9n nagyb\u00f6jti lelki napot tartunk.<\/li>\n\n\n\n<li>Nagyb\u00f6jtt\u0151l kezdve szeretn\u00e9nk min\u00e9l t\u00f6bb ember sz\u00e1m\u00e1ra lehet\u0151v\u00e9 tenni Isten ig\u00e9j\u00e9nek <strong>felolvas\u00e1s<\/strong>\u00e1t a szentmis\u00e9ken. Szeretettel v\u00e1rjuk k\u00f6z\u00e9piskol\u00e1sok \u00e9s feln\u0151ttek jelentkez\u00e9s\u00e9t is. K\u00e9rj\u00fck az \u00e9rdekl\u0151d\u0151ket, iratkozzanak fel az al\u00e1bbi \u0171rlapon. A jelentkez\u0151knek elm\u00e9leti \u00e9s gyakorlati k\u00e9pz\u00e9st, megbesz\u00e9l\u00e9st is tartunk.<\/li>\n\n\n\n<li>Az \u00f3vod\u00e1sokat \u00e9s az iskol\u00e1sokat nagyb\u00f6jti <strong>j\u00e1t\u00e9k<\/strong>ra h\u00edvjuk: minden vas\u00e1rnapi mise ut\u00e1n a r\u00e9sztvev\u0151 a hitoktat\u00f3t\u00f3l kap egy feladatlapot, saj\u00e1t koroszt\u00e1ly\u00e1nak megfelel\u0151en, amely a szentmise olvasm\u00e1nyaihoz k\u00f6t\u0151dik. A n\u00e9vvel ell\u00e1tott \u00e9s kit\u00f6lt\u00f6tt lapot a k\u00f6vetkez\u0151 vas\u00e1rnapon k\u00e9rj\u00fck bedobni a \u201eTaKi\u201d felirat\u00fa dobozba. H\u00fasv\u00e9tig tart a j\u00e1t\u00e9k, ut\u00e1na a legszorgalmasabb di\u00e1kok jutalomban r\u00e9szes\u00fclnek.<\/li>\n\n\n\n<li>A <strong>feln\u0151tthittan<\/strong> \u00e9s szents\u00e9gi felk\u00e9sz\u00edt\u0151 szerd\u00e1n a szentmise ut\u00e1n kezd\u0151dik a pl\u00e9b\u00e1ni\u00e1n.<\/li>\n<\/ol>\n\n\n\n<hr class=\"wp-block-separator has-alpha-channel-opacity\"\/>\n\n\n\n<figure class=\"wp-block-image size-large\"><img loading=\"lazy\" decoding=\"async\" width=\"1024\" height=\"878\" src=\"https:\/\/marcali.plebania.hu\/wp-content\/uploads\/2025\/03\/250302-1024x878.png\" alt=\"\" class=\"wp-image-6806\" srcset=\"https:\/\/marcali.plebania.hu\/wp-content\/uploads\/2025\/03\/250302-1024x878.png 1024w, https:\/\/marcali.plebania.hu\/wp-content\/uploads\/2025\/03\/250302-300x257.png 300w, https:\/\/marcali.plebania.hu\/wp-content\/uploads\/2025\/03\/250302-768x658.png 768w, https:\/\/marcali.plebania.hu\/wp-content\/uploads\/2025\/03\/250302-315x270.png 315w, https:\/\/marcali.plebania.hu\/wp-content\/uploads\/2025\/03\/250302.png 1268w\" sizes=\"auto, (max-width: 1024px) 100vw, 1024px\" \/><\/figure>\n\n\n\n<hr class=\"wp-block-separator has-alpha-channel-opacity\"\/>\n\n\n\n<iframe loading=\"lazy\" src=\"https:\/\/docs.google.com\/forms\/d\/e\/1FAIpQLScaktgusZyh1q8PB8ysyIBu3yibZCxecPus8iGDouTkUJiftg\/viewform?embedded=true\" width=\"640\" height=\"1007\" frameborder=\"0\" marginheight=\"0\" marginwidth=\"0\">Bet\u00f6lt\u00e9s\u2026<\/iframe>\n\n\n\n<hr class=\"wp-block-separator has-alpha-channel-opacity\"\/>\n\n\n\n<figure class=\"wp-block-image size-large\"><a href=\"https:\/\/www.manreza.hu\/hirek\/nagybojti-online-lelkigyakorlat-2025\"><img loading=\"lazy\" decoding=\"async\" width=\"1024\" height=\"576\" src=\"https:\/\/marcali.plebania.hu\/wp-content\/uploads\/2025\/02\/NOLGY_boritokep_2025_1_e90f0e3cff-1024x576.png\" alt=\"\" class=\"wp-image-6763\" srcset=\"https:\/\/marcali.plebania.hu\/wp-content\/uploads\/2025\/02\/NOLGY_boritokep_2025_1_e90f0e3cff-1024x576.png 1024w, https:\/\/marcali.plebania.hu\/wp-content\/uploads\/2025\/02\/NOLGY_boritokep_2025_1_e90f0e3cff-300x169.png 300w, https:\/\/marcali.plebania.hu\/wp-content\/uploads\/2025\/02\/NOLGY_boritokep_2025_1_e90f0e3cff-768x432.png 768w, https:\/\/marcali.plebania.hu\/wp-content\/uploads\/2025\/02\/NOLGY_boritokep_2025_1_e90f0e3cff-1536x864.png 1536w, https:\/\/marcali.plebania.hu\/wp-content\/uploads\/2025\/02\/NOLGY_boritokep_2025_1_e90f0e3cff-480x270.png 480w, https:\/\/marcali.plebania.hu\/wp-content\/uploads\/2025\/02\/NOLGY_boritokep_2025_1_e90f0e3cff.png 1920w\" sizes=\"auto, (max-width: 1024px) 100vw, 1024px\" \/><\/a><figcaption class=\"wp-element-caption\"><em>R\u00e9szletek a k\u00e9pre kattintva<\/em><\/figcaption><\/figure>\n\n\n\n<p>A ferencesek nagyb\u00f6jti lelki programja (teljes napt\u00e1r <em><a href=\"https:\/\/orszagutiferencesek.hu\/wp-content\/uploads\/2024\/02\/Nb_Cev_2025.pdf\">ITT<\/a><\/em>) : <\/p>\n\n\n\n<figure class=\"wp-block-image size-full\"><img loading=\"lazy\" decoding=\"async\" width=\"954\" height=\"756\" src=\"https:\/\/marcali.plebania.hu\/wp-content\/uploads\/2025\/03\/Nagybojti-keszulet-1.png\" alt=\"\" class=\"wp-image-6812\" srcset=\"https:\/\/marcali.plebania.hu\/wp-content\/uploads\/2025\/03\/Nagybojti-keszulet-1.png 954w, https:\/\/marcali.plebania.hu\/wp-content\/uploads\/2025\/03\/Nagybojti-keszulet-1-300x238.png 300w, https:\/\/marcali.plebania.hu\/wp-content\/uploads\/2025\/03\/Nagybojti-keszulet-1-768x609.png 768w, https:\/\/marcali.plebania.hu\/wp-content\/uploads\/2025\/03\/Nagybojti-keszulet-1-341x270.png 341w\" sizes=\"auto, (max-width: 954px) 100vw, 954px\" \/><\/figure>\n\n\n\n<p><\/p>\n","protected":false},"excerpt":{"rendered":"<p>\u00c9vk\u00f6zi 8. vas\u00e1rnap Bet\u00f6lt\u00e9s\u2026 A ferencesek nagyb\u00f6jti lelki programja (teljes napt\u00e1r ITT) :<\/p>\n","protected":false},"author":1,"featured_media":0,"comment_status":"closed","ping_status":"open","sticky":false,"template":"","format":"standard","meta":{"footnotes":""},"categories":[3],"tags":[],"class_list":["post-6805","post","type-post","status-publish","format-standard","hentry","category-hirdetesek"],"_links":{"self":[{"href":"https:\/\/marcali.plebania.hu\/index.php?rest_route=\/wp\/v2\/posts\/6805","targetHints":{"allow":["GET"]}}],"collection":[{"href":"https:\/\/marcali.plebania.hu\/index.php?rest_route=\/wp\/v2\/posts"}],"about":[{"href":"https:\/\/marcali.plebania.hu\/index.php?rest_route=\/wp\/v2\/types\/post"}],"author":[{"embeddable":true,"href":"https:\/\/marcali.plebania.hu\/index.php?rest_route=\/wp\/v2\/users\/1"}],"replies":[{"embeddable":true,"href":"https:\/\/marcali.plebania.hu\/index.php?rest_route=%2Fwp%2Fv2%2Fcomments&post=6805"}],"version-history":[{"count":3,"href":"https:\/\/marcali.plebania.hu\/index.php?rest_route=\/wp\/v2\/posts\/6805\/revisions"}],"predecessor-version":[{"id":6815,"href":"https:\/\/marcali.plebania.hu\/index.php?rest_route=\/wp\/v2\/posts\/6805\/revisions\/6815"}],"wp:attachment":[{"href":"https:\/\/marcali.plebania.hu\/index.php?rest_route=%2Fwp%2Fv2%2Fmedia&parent=6805"}],"wp:term":[{"taxonomy":"category","embeddable":true,"href":"https:\/\/marcali.plebania.hu\/index.php?rest_route=%2Fwp%2Fv2%2Fcategories&post=6805"},{"taxonomy":"post_tag","embeddable":true,"href":"https:\/\/marcali.plebania.hu\/index.php?rest_route=%2Fwp%2Fv2%2Ftags&post=6805"}],"curies":[{"name":"wp","href":"https:\/\/api.w.org\/{rel}","templated":true}]}}