{"id":6816,"date":"2025-03-04T08:50:52","date_gmt":"2025-03-04T08:50:52","guid":{"rendered":"https:\/\/marcali.plebania.hu\/?p=6816"},"modified":"2025-03-04T08:50:52","modified_gmt":"2025-03-04T08:50:52","slug":"plebaniai-est-az-x-hazban","status":"publish","type":"post","link":"https:\/\/marcali.plebania.hu\/?p=6816","title":{"rendered":"Pl\u00e9b\u00e1niai est az X-h\u00e1zban"},"content":{"rendered":"\n<p>M\u00e1rcius 1-\u00e9n, szombaton 19 \u00f3r\u00e1t\u00f3l pl\u00e9b\u00e1niai estet szervezett az egyh\u00e1zk\u00f6zs\u00e9g \u00e9s a Marcali F\u00e9rfi K\u00f6z\u00f6ss\u00e9g az X-h\u00e1z nagyterm\u00e9ben.<\/p>\n\n\n\n<figure class=\"wp-block-gallery has-nested-images columns-default is-cropped wp-block-gallery-1 is-layout-flex wp-block-gallery-is-layout-flex\">\n<figure class=\"wp-block-image size-large\"><img loading=\"lazy\" decoding=\"async\" width=\"1024\" height=\"683\" data-id=\"6817\" src=\"https:\/\/marcali.plebania.hu\/wp-content\/uploads\/2025\/03\/04-1024x683.jpg\" alt=\"\" class=\"wp-image-6817\" srcset=\"https:\/\/marcali.plebania.hu\/wp-content\/uploads\/2025\/03\/04-1024x683.jpg 1024w, https:\/\/marcali.plebania.hu\/wp-content\/uploads\/2025\/03\/04-300x200.jpg 300w, https:\/\/marcali.plebania.hu\/wp-content\/uploads\/2025\/03\/04-768x512.jpg 768w, https:\/\/marcali.plebania.hu\/wp-content\/uploads\/2025\/03\/04-1536x1024.jpg 1536w, https:\/\/marcali.plebania.hu\/wp-content\/uploads\/2025\/03\/04-2048x1365.jpg 2048w, https:\/\/marcali.plebania.hu\/wp-content\/uploads\/2025\/03\/04-405x270.jpg 405w\" sizes=\"auto, (max-width: 1024px) 100vw, 1024px\" \/><\/figure>\n\n\n\n<figure class=\"wp-block-image size-large\"><img loading=\"lazy\" decoding=\"async\" width=\"1024\" height=\"683\" data-id=\"6818\" src=\"https:\/\/marcali.plebania.hu\/wp-content\/uploads\/2025\/03\/05-1024x683.jpg\" alt=\"\" class=\"wp-image-6818\" srcset=\"https:\/\/marcali.plebania.hu\/wp-content\/uploads\/2025\/03\/05-1024x683.jpg 1024w, https:\/\/marcali.plebania.hu\/wp-content\/uploads\/2025\/03\/05-300x200.jpg 300w, https:\/\/marcali.plebania.hu\/wp-content\/uploads\/2025\/03\/05-768x512.jpg 768w, https:\/\/marcali.plebania.hu\/wp-content\/uploads\/2025\/03\/05-1536x1024.jpg 1536w, https:\/\/marcali.plebania.hu\/wp-content\/uploads\/2025\/03\/05-2048x1365.jpg 2048w, https:\/\/marcali.plebania.hu\/wp-content\/uploads\/2025\/03\/05-405x270.jpg 405w\" sizes=\"auto, (max-width: 1024px) 100vw, 1024px\" \/><\/figure>\n\n\n\n<figure class=\"wp-block-image size-large\"><img loading=\"lazy\" decoding=\"async\" width=\"1024\" height=\"683\" data-id=\"6820\" src=\"https:\/\/marcali.plebania.hu\/wp-content\/uploads\/2025\/03\/07-1024x683.jpg\" alt=\"\" class=\"wp-image-6820\" srcset=\"https:\/\/marcali.plebania.hu\/wp-content\/uploads\/2025\/03\/07-1024x683.jpg 1024w, https:\/\/marcali.plebania.hu\/wp-content\/uploads\/2025\/03\/07-300x200.jpg 300w, https:\/\/marcali.plebania.hu\/wp-content\/uploads\/2025\/03\/07-768x512.jpg 768w, https:\/\/marcali.plebania.hu\/wp-content\/uploads\/2025\/03\/07-1536x1024.jpg 1536w, https:\/\/marcali.plebania.hu\/wp-content\/uploads\/2025\/03\/07-2048x1365.jpg 2048w, https:\/\/marcali.plebania.hu\/wp-content\/uploads\/2025\/03\/07-405x270.jpg 405w\" sizes=\"auto, (max-width: 1024px) 100vw, 1024px\" \/><\/figure>\n\n\n\n<figure class=\"wp-block-image size-large\"><img loading=\"lazy\" decoding=\"async\" width=\"1024\" height=\"683\" data-id=\"6819\" src=\"https:\/\/marcali.plebania.hu\/wp-content\/uploads\/2025\/03\/06-1024x683.jpg\" alt=\"\" class=\"wp-image-6819\" srcset=\"https:\/\/marcali.plebania.hu\/wp-content\/uploads\/2025\/03\/06-1024x683.jpg 1024w, https:\/\/marcali.plebania.hu\/wp-content\/uploads\/2025\/03\/06-300x200.jpg 300w, https:\/\/marcali.plebania.hu\/wp-content\/uploads\/2025\/03\/06-768x512.jpg 768w, https:\/\/marcali.plebania.hu\/wp-content\/uploads\/2025\/03\/06-1536x1024.jpg 1536w, https:\/\/marcali.plebania.hu\/wp-content\/uploads\/2025\/03\/06-2048x1365.jpg 2048w, https:\/\/marcali.plebania.hu\/wp-content\/uploads\/2025\/03\/06-405x270.jpg 405w\" sizes=\"auto, (max-width: 1024px) 100vw, 1024px\" \/><\/figure>\n<\/figure>\n\n\n\n<p>Tomanek Ferenc \u00c1ron pl\u00e9b\u00e1nos \u00e9s dr. Pozsonyi M\u00e1rk vil\u00e1gi eln\u00f6k r\u00f6vid k\u00f6sz\u00f6nt\u0151j\u00e9t k\u00f6vet\u0151en pezsg\u0151s koccint\u00e1s \u00e9s batyus vacsora v\u00e1rta a r\u00e9sztvev\u0151ket. A vid\u00e1m hangulat\u00fa zen\u00e9s est folyam\u00e1n dr. Gyulain\u00e9 Domj\u00e1n Zsuzsanna hitoktat\u00f3n\u0151 j\u00f3volt\u00e1b\u00f3l kv\u00edzj\u00e1t\u00e9k is volt a pl\u00e9b\u00e1nia t\u00f6rt\u00e9net\u00e9b\u0151l, majd tombola sorsol\u00e1s k\u00f6vetkezett, ahol k\u00fcl\u00f6nf\u00e9le nyerem\u00e9nyek leltek gazd\u00e1ra.<\/p>\n\n\n\n<figure class=\"wp-block-gallery has-nested-images columns-default is-cropped wp-block-gallery-2 is-layout-flex wp-block-gallery-is-layout-flex\">\n<figure class=\"wp-block-image size-large\"><img loading=\"lazy\" decoding=\"async\" width=\"1024\" height=\"683\" data-id=\"6825\" src=\"https:\/\/marcali.plebania.hu\/wp-content\/uploads\/2025\/03\/13-1024x683.jpg\" alt=\"\" class=\"wp-image-6825\" srcset=\"https:\/\/marcali.plebania.hu\/wp-content\/uploads\/2025\/03\/13-1024x683.jpg 1024w, https:\/\/marcali.plebania.hu\/wp-content\/uploads\/2025\/03\/13-300x200.jpg 300w, https:\/\/marcali.plebania.hu\/wp-content\/uploads\/2025\/03\/13-768x512.jpg 768w, https:\/\/marcali.plebania.hu\/wp-content\/uploads\/2025\/03\/13-1536x1024.jpg 1536w, https:\/\/marcali.plebania.hu\/wp-content\/uploads\/2025\/03\/13-2048x1365.jpg 2048w, https:\/\/marcali.plebania.hu\/wp-content\/uploads\/2025\/03\/13-405x270.jpg 405w\" sizes=\"auto, (max-width: 1024px) 100vw, 1024px\" \/><\/figure>\n\n\n\n<figure class=\"wp-block-image size-large\"><img loading=\"lazy\" decoding=\"async\" width=\"1024\" height=\"683\" data-id=\"6826\" src=\"https:\/\/marcali.plebania.hu\/wp-content\/uploads\/2025\/03\/16-1024x683.jpg\" alt=\"\" class=\"wp-image-6826\" srcset=\"https:\/\/marcali.plebania.hu\/wp-content\/uploads\/2025\/03\/16-1024x683.jpg 1024w, https:\/\/marcali.plebania.hu\/wp-content\/uploads\/2025\/03\/16-300x200.jpg 300w, https:\/\/marcali.plebania.hu\/wp-content\/uploads\/2025\/03\/16-768x512.jpg 768w, https:\/\/marcali.plebania.hu\/wp-content\/uploads\/2025\/03\/16-1536x1024.jpg 1536w, https:\/\/marcali.plebania.hu\/wp-content\/uploads\/2025\/03\/16-2048x1365.jpg 2048w, https:\/\/marcali.plebania.hu\/wp-content\/uploads\/2025\/03\/16-405x270.jpg 405w\" sizes=\"auto, (max-width: 1024px) 100vw, 1024px\" \/><\/figure>\n\n\n\n<figure class=\"wp-block-image size-large\"><img loading=\"lazy\" decoding=\"async\" width=\"1024\" height=\"683\" data-id=\"6822\" src=\"https:\/\/marcali.plebania.hu\/wp-content\/uploads\/2025\/03\/20-1024x683.jpg\" alt=\"\" class=\"wp-image-6822\" srcset=\"https:\/\/marcali.plebania.hu\/wp-content\/uploads\/2025\/03\/20-1024x683.jpg 1024w, https:\/\/marcali.plebania.hu\/wp-content\/uploads\/2025\/03\/20-300x200.jpg 300w, https:\/\/marcali.plebania.hu\/wp-content\/uploads\/2025\/03\/20-768x512.jpg 768w, https:\/\/marcali.plebania.hu\/wp-content\/uploads\/2025\/03\/20-1536x1024.jpg 1536w, https:\/\/marcali.plebania.hu\/wp-content\/uploads\/2025\/03\/20-2048x1365.jpg 2048w, https:\/\/marcali.plebania.hu\/wp-content\/uploads\/2025\/03\/20-405x270.jpg 405w\" sizes=\"auto, (max-width: 1024px) 100vw, 1024px\" \/><\/figure>\n\n\n\n<figure class=\"wp-block-image size-large\"><img loading=\"lazy\" decoding=\"async\" width=\"1024\" height=\"683\" data-id=\"6824\" src=\"https:\/\/marcali.plebania.hu\/wp-content\/uploads\/2025\/03\/23-1024x683.jpg\" alt=\"\" class=\"wp-image-6824\" srcset=\"https:\/\/marcali.plebania.hu\/wp-content\/uploads\/2025\/03\/23-1024x683.jpg 1024w, https:\/\/marcali.plebania.hu\/wp-content\/uploads\/2025\/03\/23-300x200.jpg 300w, https:\/\/marcali.plebania.hu\/wp-content\/uploads\/2025\/03\/23-768x512.jpg 768w, https:\/\/marcali.plebania.hu\/wp-content\/uploads\/2025\/03\/23-1536x1024.jpg 1536w, https:\/\/marcali.plebania.hu\/wp-content\/uploads\/2025\/03\/23-2048x1365.jpg 2048w, https:\/\/marcali.plebania.hu\/wp-content\/uploads\/2025\/03\/23-405x270.jpg 405w\" sizes=\"auto, (max-width: 1024px) 100vw, 1024px\" \/><\/figure>\n<\/figure>\n\n\n\n<p>A befolyt \u00f6sszeget az X-h\u00e1z tet\u0151cser\u00e9j\u00e9re k\u00edv\u00e1nj\u00e1k ford\u00edtani a szervez\u0151k.<\/p>\n\n\n\n<p>A tombola f\u0151nyerem\u00e9nyt, egy \u00edzletes tort\u00e1t a M\u00e9zes mack\u00f3 \u00c9tterem aj\u00e1nlotta fel. K\u00f6sz\u00f6nj\u00fck sz\u00e9pen a nagylelk\u0171 t\u00e1mogat\u00e1st!<\/p>\n\n\n\n<p>A zen\u00e9t Szanyi L\u00e1szl\u00f3 szolg\u00e1ltatta.<\/p>\n\n\n\n<figure class=\"wp-block-gallery has-nested-images columns-default is-cropped wp-block-gallery-3 is-layout-flex wp-block-gallery-is-layout-flex\">\n<figure class=\"wp-block-image size-large\"><img loading=\"lazy\" decoding=\"async\" width=\"1024\" height=\"683\" data-id=\"6830\" src=\"https:\/\/marcali.plebania.hu\/wp-content\/uploads\/2025\/03\/29-1024x683.jpg\" alt=\"\" class=\"wp-image-6830\" srcset=\"https:\/\/marcali.plebania.hu\/wp-content\/uploads\/2025\/03\/29-1024x683.jpg 1024w, https:\/\/marcali.plebania.hu\/wp-content\/uploads\/2025\/03\/29-300x200.jpg 300w, https:\/\/marcali.plebania.hu\/wp-content\/uploads\/2025\/03\/29-768x512.jpg 768w, https:\/\/marcali.plebania.hu\/wp-content\/uploads\/2025\/03\/29-1536x1024.jpg 1536w, https:\/\/marcali.plebania.hu\/wp-content\/uploads\/2025\/03\/29-2048x1365.jpg 2048w, https:\/\/marcali.plebania.hu\/wp-content\/uploads\/2025\/03\/29-405x270.jpg 405w\" sizes=\"auto, (max-width: 1024px) 100vw, 1024px\" \/><\/figure>\n\n\n\n<figure class=\"wp-block-image size-large\"><img loading=\"lazy\" decoding=\"async\" width=\"1024\" height=\"683\" data-id=\"6832\" src=\"https:\/\/marcali.plebania.hu\/wp-content\/uploads\/2025\/03\/10-1024x683.jpg\" alt=\"\" class=\"wp-image-6832\" srcset=\"https:\/\/marcali.plebania.hu\/wp-content\/uploads\/2025\/03\/10-1024x683.jpg 1024w, https:\/\/marcali.plebania.hu\/wp-content\/uploads\/2025\/03\/10-300x200.jpg 300w, https:\/\/marcali.plebania.hu\/wp-content\/uploads\/2025\/03\/10-768x512.jpg 768w, https:\/\/marcali.plebania.hu\/wp-content\/uploads\/2025\/03\/10-1536x1024.jpg 1536w, https:\/\/marcali.plebania.hu\/wp-content\/uploads\/2025\/03\/10-2048x1365.jpg 2048w, https:\/\/marcali.plebania.hu\/wp-content\/uploads\/2025\/03\/10-405x270.jpg 405w\" sizes=\"auto, (max-width: 1024px) 100vw, 1024px\" \/><\/figure>\n\n\n\n<figure class=\"wp-block-image size-large\"><img loading=\"lazy\" decoding=\"async\" width=\"1024\" height=\"683\" data-id=\"6828\" src=\"https:\/\/marcali.plebania.hu\/wp-content\/uploads\/2025\/03\/31-1024x683.jpg\" alt=\"\" class=\"wp-image-6828\" srcset=\"https:\/\/marcali.plebania.hu\/wp-content\/uploads\/2025\/03\/31-1024x683.jpg 1024w, https:\/\/marcali.plebania.hu\/wp-content\/uploads\/2025\/03\/31-300x200.jpg 300w, https:\/\/marcali.plebania.hu\/wp-content\/uploads\/2025\/03\/31-768x512.jpg 768w, https:\/\/marcali.plebania.hu\/wp-content\/uploads\/2025\/03\/31-1536x1024.jpg 1536w, https:\/\/marcali.plebania.hu\/wp-content\/uploads\/2025\/03\/31-2048x1365.jpg 2048w, https:\/\/marcali.plebania.hu\/wp-content\/uploads\/2025\/03\/31-405x270.jpg 405w\" sizes=\"auto, (max-width: 1024px) 100vw, 1024px\" \/><\/figure>\n\n\n\n<figure class=\"wp-block-image size-large\"><img loading=\"lazy\" decoding=\"async\" width=\"1024\" height=\"683\" data-id=\"6833\" src=\"https:\/\/marcali.plebania.hu\/wp-content\/uploads\/2025\/03\/46-1024x683.jpg\" alt=\"\" class=\"wp-image-6833\" srcset=\"https:\/\/marcali.plebania.hu\/wp-content\/uploads\/2025\/03\/46-1024x683.jpg 1024w, https:\/\/marcali.plebania.hu\/wp-content\/uploads\/2025\/03\/46-300x200.jpg 300w, https:\/\/marcali.plebania.hu\/wp-content\/uploads\/2025\/03\/46-768x512.jpg 768w, https:\/\/marcali.plebania.hu\/wp-content\/uploads\/2025\/03\/46-1536x1024.jpg 1536w, https:\/\/marcali.plebania.hu\/wp-content\/uploads\/2025\/03\/46-2048x1365.jpg 2048w, https:\/\/marcali.plebania.hu\/wp-content\/uploads\/2025\/03\/46-405x270.jpg 405w\" sizes=\"auto, (max-width: 1024px) 100vw, 1024px\" \/><\/figure>\n<\/figure>\n\n\n\n<p>\u00cdrta \u00e9s fot\u00f3k: Kiss K\u00e1lm\u00e1n<\/p>\n","protected":false},"excerpt":{"rendered":"<p>M\u00e1rcius 1-\u00e9n, szombaton 19 \u00f3r\u00e1t\u00f3l pl\u00e9b\u00e1niai estet szervezett az egyh\u00e1zk\u00f6zs\u00e9g \u00e9s a Marcali F\u00e9rfi K\u00f6z\u00f6ss\u00e9g az X-h\u00e1z nagyterm\u00e9ben. Tomanek Ferenc \u00c1ron pl\u00e9b\u00e1nos \u00e9s dr. Pozsonyi M\u00e1rk vil\u00e1gi eln\u00f6k r\u00f6vid k\u00f6sz\u00f6nt\u0151j\u00e9t k\u00f6vet\u0151en pezsg\u0151s koccint\u00e1s \u00e9s batyus vacsora v\u00e1rta a r\u00e9sztvev\u0151ket. A vid\u00e1m hangulat\u00fa zen\u00e9s est folyam\u00e1n dr. Gyulain\u00e9 Domj\u00e1n Zsuzsanna hitoktat\u00f3n\u0151 j\u00f3volt\u00e1b\u00f3l kv\u00edzj\u00e1t\u00e9k is volt a pl\u00e9b\u00e1nia t\u00f6rt\u00e9net\u00e9b\u0151l, majd tombola sorsol\u00e1s k\u00f6vetkezett, ahol k\u00fcl\u00f6nf\u00e9le nyerem\u00e9nyek leltek gazd\u00e1ra. A befolyt \u00f6sszeget az X-h\u00e1z tet\u0151cser\u00e9j\u00e9re k\u00edv\u00e1nj\u00e1k ford\u00edtani a szervez\u0151k. A tombola f\u0151nyerem\u00e9nyt, egy&#8230;<\/p>\n<p class=\"read-more\"><a class=\"btn btn-default\" href=\"https:\/\/marcali.plebania.hu\/?p=6816\"> Read More<span class=\"screen-reader-text\">  Read More<\/span><\/a><\/p>\n","protected":false},"author":2,"featured_media":0,"comment_status":"closed","ping_status":"open","sticky":false,"template":"","format":"standard","meta":{"footnotes":""},"categories":[1],"tags":[],"class_list":["post-6816","post","type-post","status-publish","format-standard","hentry","category-egyeb"],"_links":{"self":[{"href":"https:\/\/marcali.plebania.hu\/index.php?rest_route=\/wp\/v2\/posts\/6816","targetHints":{"allow":["GET"]}}],"collection":[{"href":"https:\/\/marcali.plebania.hu\/index.php?rest_route=\/wp\/v2\/posts"}],"about":[{"href":"https:\/\/marcali.plebania.hu\/index.php?rest_route=\/wp\/v2\/types\/post"}],"author":[{"embeddable":true,"href":"https:\/\/marcali.plebania.hu\/index.php?rest_route=\/wp\/v2\/users\/2"}],"replies":[{"embeddable":true,"href":"https:\/\/marcali.plebania.hu\/index.php?rest_route=%2Fwp%2Fv2%2Fcomments&post=6816"}],"version-history":[{"count":1,"href":"https:\/\/marcali.plebania.hu\/index.php?rest_route=\/wp\/v2\/posts\/6816\/revisions"}],"predecessor-version":[{"id":6834,"href":"https:\/\/marcali.plebania.hu\/index.php?rest_route=\/wp\/v2\/posts\/6816\/revisions\/6834"}],"wp:attachment":[{"href":"https:\/\/marcali.plebania.hu\/index.php?rest_route=%2Fwp%2Fv2%2Fmedia&parent=6816"}],"wp:term":[{"taxonomy":"category","embeddable":true,"href":"https:\/\/marcali.plebania.hu\/index.php?rest_route=%2Fwp%2Fv2%2Fcategories&post=6816"},{"taxonomy":"post_tag","embeddable":true,"href":"https:\/\/marcali.plebania.hu\/index.php?rest_route=%2Fwp%2Fv2%2Ftags&post=6816"}],"curies":[{"name":"wp","href":"https:\/\/api.w.org\/{rel}","templated":true}]}}