{"id":6860,"date":"2025-03-09T00:17:21","date_gmt":"2025-03-09T00:17:21","guid":{"rendered":"https:\/\/marcali.plebania.hu\/?p=6860"},"modified":"2025-03-09T00:56:56","modified_gmt":"2025-03-09T00:56:56","slug":"hirdetesek-2025-marcius-9-en","status":"publish","type":"post","link":"https:\/\/marcali.plebania.hu\/?p=6860","title":{"rendered":"Hirdet\u00e9sek 2025. m\u00e1rcius 9-\u00e9n"},"content":{"rendered":"\n<p><strong><a href=\"https:\/\/igenaptar.katolikus.hu\/nap\/index.php?holnap=2025-03-09\" target=\"_blank\" rel=\"noreferrer noopener\"><u>Nagyb\u00f6jti 1. vas\u00e1rnap<\/u><\/a><\/strong><\/p>\n\n\n\n<ol start=\"1\" class=\"wp-block-list\">\n<li>A szentmis\u00e9k ut\u00e1n <strong>hamvazkod<\/strong>hat minden jelenl\u00e9v\u0151, aki szerd\u00e1n m\u00e9g nem r\u00e9szes\u00fclt ebben a szentelm\u00e9nyben.<\/li>\n\n\n\n<li>A <strong>F\u00e9rfi-k\u00f6r <\/strong><span style=\"text-decoration: underline;\">szerd\u00e1n<\/span> 18:00-kor kezd\u0151dik a pl\u00e9b\u00e1ni\u00e1n, melynek kezdeti t\u00e9m\u00e1ja a katolikuss\u00e1g lesz: mit jelent katolikusnak lenni, \u00e9s mi\u00e9rt fontos nek\u00fcnk a katolikus egyh\u00e1z k\u00f6z\u00f6ss\u00e9g\u00e9ben meg\u00e9lni a hit\u00fcnket.<\/li>\n\n\n\n<li><span style=\"text-decoration: underline;\">Cs\u00fct\u00f6rt\u00f6k\u00f6n<\/span> 16:30-kor kezdj\u00fck a fatimai ima\u00f3r\u00e1t.<\/li>\n\n\n\n<li>K\u00f6sz\u00f6nj\u00fck a jelentkez\u00e9seket a szentmis\u00e9ken val\u00f3 <strong>felolvas\u00e1s<\/strong>ra. J\u00f6v\u0151 <span style=\"text-decoration: underline;\">vas\u00e1rnap<\/span> a 9 \u00f3rai mise ut\u00e1n v\u00e1rjuk a jelentkez\u0151ket a templomba. (\u00c9s azokat is, akiknek panaszuk van a hangos\u00edt\u00e1sra, hogy az \u0151 visszajelz\u00e9seiket is figyelembe vehess\u00fck.)<\/li>\n\n\n\n<li>Nagyb\u00f6jti <strong>j\u00e1t\u00e9k<\/strong>ra h\u00edvunk mindenkit, aki szeret j\u00e1tszani: minden vas\u00e1rnapi mise ut\u00e1n a r\u00e9sztvev\u0151k a hitoktat\u00f3t\u00f3l kapnak egy feladatlapot, amely a szentmise olvasm\u00e1nyaihoz k\u00f6t\u0151dik. T\u00f6bb koroszt\u00e1lyban is lehet indulni: \u00f3vod\u00e1s, 1-3. oszt\u00e1lyos, 4-6. oszt\u00e1lyos, 7-8 \u00e9s k\u00f6z\u00e9piskol\u00e1s valamint feln\u0151tt kateg\u00f3ri\u00e1ban lehet indulni. A n\u00e9vvel ell\u00e1tott \u00e9s kit\u00f6lt\u00f6tt lapot a k\u00f6vetkez\u0151 vas\u00e1rnapon k\u00e9rj\u00fck bedobni a \u201eTaKi megold\u00e1sok\u201d felirat\u00fa dobozba. H\u00fasv\u00e9tig tart a j\u00e1t\u00e9k, ut\u00e1na a legszorgalmasabbak jutalomban r\u00e9szes\u00fclnek.<\/li>\n\n\n\n<li>\u201e<strong>Mi\u00e9rt hiszek?<\/strong>\u201d-sorozatunk k\u00f6vetkez\u0151 vend\u00e9ge Tam\u00e1si J\u00f3zsef atya lesz. <span style=\"text-decoration: underline;\">M\u00e1rcius 27-\u00e9n<\/span> az esti szentmise celebr\u00e1l\u00e1sa ut\u00e1n 18:15-kor kezdi el\u0151ad\u00e1s\u00e1t, tan\u00fas\u00e1gt\u00e9tel\u00e9t az X-h\u00e1zban (D\u00f3zsa Gy. u. 3.). Szeretettel h\u00edvjuk az \u00e9rdekl\u0151d\u0151ket.<\/li>\n<\/ol>\n\n\n\n<hr class=\"wp-block-separator has-alpha-channel-opacity\"\/>\n\n\n\n<figure class=\"wp-block-image size-large\"><img loading=\"lazy\" decoding=\"async\" width=\"1024\" height=\"766\" src=\"https:\/\/marcali.plebania.hu\/wp-content\/uploads\/2025\/03\/250309-1-1024x766.png\" alt=\"\" class=\"wp-image-6868\" srcset=\"https:\/\/marcali.plebania.hu\/wp-content\/uploads\/2025\/03\/250309-1-1024x766.png 1024w, https:\/\/marcali.plebania.hu\/wp-content\/uploads\/2025\/03\/250309-1-300x224.png 300w, https:\/\/marcali.plebania.hu\/wp-content\/uploads\/2025\/03\/250309-1-768x574.png 768w, https:\/\/marcali.plebania.hu\/wp-content\/uploads\/2025\/03\/250309-1-361x270.png 361w, https:\/\/marcali.plebania.hu\/wp-content\/uploads\/2025\/03\/250309-1.png 1383w\" sizes=\"auto, (max-width: 1024px) 100vw, 1024px\" \/><\/figure>\n\n\n\n<hr class=\"wp-block-separator has-alpha-channel-opacity\"\/>\n\n\n\n<figure class=\"wp-block-gallery aligncenter has-nested-images columns-default is-cropped wp-block-gallery-1 is-layout-flex wp-block-gallery-is-layout-flex\">\n<figure class=\"wp-block-image size-large is-style-default\"><img loading=\"lazy\" decoding=\"async\" width=\"1024\" height=\"987\" data-id=\"6865\" src=\"https:\/\/marcali.plebania.hu\/wp-content\/uploads\/2025\/03\/Nagybojt-1.-hete-1024x987.png\" alt=\"\" class=\"wp-image-6865\" srcset=\"https:\/\/marcali.plebania.hu\/wp-content\/uploads\/2025\/03\/Nagybojt-1.-hete-1024x987.png 1024w, https:\/\/marcali.plebania.hu\/wp-content\/uploads\/2025\/03\/Nagybojt-1.-hete-300x289.png 300w, https:\/\/marcali.plebania.hu\/wp-content\/uploads\/2025\/03\/Nagybojt-1.-hete-768x740.png 768w, https:\/\/marcali.plebania.hu\/wp-content\/uploads\/2025\/03\/Nagybojt-1.-hete-280x270.png 280w, https:\/\/marcali.plebania.hu\/wp-content\/uploads\/2025\/03\/Nagybojt-1.-hete.png 1242w\" sizes=\"auto, (max-width: 1024px) 100vw, 1024px\" \/><\/figure>\n<\/figure>\n","protected":false},"excerpt":{"rendered":"<p>Nagyb\u00f6jti 1. vas\u00e1rnap<\/p>\n","protected":false},"author":2,"featured_media":0,"comment_status":"closed","ping_status":"open","sticky":false,"template":"","format":"standard","meta":{"footnotes":""},"categories":[3],"tags":[],"class_list":["post-6860","post","type-post","status-publish","format-standard","hentry","category-hirdetesek"],"_links":{"self":[{"href":"https:\/\/marcali.plebania.hu\/index.php?rest_route=\/wp\/v2\/posts\/6860","targetHints":{"allow":["GET"]}}],"collection":[{"href":"https:\/\/marcali.plebania.hu\/index.php?rest_route=\/wp\/v2\/posts"}],"about":[{"href":"https:\/\/marcali.plebania.hu\/index.php?rest_route=\/wp\/v2\/types\/post"}],"author":[{"embeddable":true,"href":"https:\/\/marcali.plebania.hu\/index.php?rest_route=\/wp\/v2\/users\/2"}],"replies":[{"embeddable":true,"href":"https:\/\/marcali.plebania.hu\/index.php?rest_route=%2Fwp%2Fv2%2Fcomments&post=6860"}],"version-history":[{"count":6,"href":"https:\/\/marcali.plebania.hu\/index.php?rest_route=\/wp\/v2\/posts\/6860\/revisions"}],"predecessor-version":[{"id":6870,"href":"https:\/\/marcali.plebania.hu\/index.php?rest_route=\/wp\/v2\/posts\/6860\/revisions\/6870"}],"wp:attachment":[{"href":"https:\/\/marcali.plebania.hu\/index.php?rest_route=%2Fwp%2Fv2%2Fmedia&parent=6860"}],"wp:term":[{"taxonomy":"category","embeddable":true,"href":"https:\/\/marcali.plebania.hu\/index.php?rest_route=%2Fwp%2Fv2%2Fcategories&post=6860"},{"taxonomy":"post_tag","embeddable":true,"href":"https:\/\/marcali.plebania.hu\/index.php?rest_route=%2Fwp%2Fv2%2Ftags&post=6860"}],"curies":[{"name":"wp","href":"https:\/\/api.w.org\/{rel}","templated":true}]}}