{"id":6875,"date":"2025-03-16T07:06:28","date_gmt":"2025-03-16T07:06:28","guid":{"rendered":"https:\/\/marcali.plebania.hu\/?p=6875"},"modified":"2025-03-16T07:06:28","modified_gmt":"2025-03-16T07:06:28","slug":"hirdetesek-2025-marcius-16-an","status":"publish","type":"post","link":"https:\/\/marcali.plebania.hu\/?p=6875","title":{"rendered":"Hirdet\u00e9sek 2025. m\u00e1rcius 16-\u00e1n"},"content":{"rendered":"\n<p><strong><a href=\"https:\/\/igenaptar.katolikus.hu\/nap\/index.php?holnap=2025-03-16\" target=\"_blank\" rel=\"noreferrer noopener\"><u>Nagyb\u00f6jt 2. vas\u00e1rnapja<\/u><\/a><\/strong><\/p>\n\n\n\n<ol start=\"1\" class=\"wp-block-list\">\n<li>A 9 \u00f3rai szentmise ut\u00e1n a nemzet\u0151r\u00f6k eml\u00e9kt\u00e1bl\u00e1j\u00e1n\u00e1l koszor\u00faz\u00e1s lesz. Ezut\u00e1n kezd\u0151dik a tal\u00e1lkoz\u00f3 a templomban azokkal, akik jelentkeztek a felolvas\u00e1sra.<\/li>\n\n\n\n<li>A m\u00falt heti rejtv\u00e9ny megold\u00e1s\u00e1t k\u00e9rj\u00fck bedobni a \u201eTaKi megold\u00e1sok\u201d felirat\u00fa dobozba. Nagyb\u00f6jti <strong>j\u00e1t\u00e9k<\/strong>unk idej\u00e9n minden vas\u00e1rnapi mise ut\u00e1n a r\u00e9sztvev\u0151k (koroszt\u00e1lyuknak megfelel\u0151en) kapnak egy feladatlapot, amely az aznapi olvasm\u00e1nyokhoz k\u00f6t\u0151dik. A n\u00e9vvel ell\u00e1tott \u00e9s kit\u00f6lt\u00f6tt lapot a k\u00f6vetkez\u0151 vas\u00e1rnapon k\u00e9rj\u00fck leadni. \u00d3vod\u00e1s kort\u00f3l 99 \u00e9ves korig b\u00e1rki csatlakozhat. H\u00fasv\u00e9tig tart a j\u00e1t\u00e9k, ut\u00e1na a legszorgalmasabbak jutalomban r\u00e9szes\u00fclnek.<\/li>\n\n\n\n<li>Kedden megbesz\u00e9l\u00e9sre h\u00edvjuk a <strong>karit\u00e1sz<\/strong>-tagokat a pl\u00e9b\u00e1ni\u00e1ra a szentmise ut\u00e1n (18:00-t\u00f3l).<\/li>\n\n\n\n<li>Szerd\u00e1ig v\u00e1rjuk a <a href=\"https:\/\/marcali.plebania.hu\/index.php\/2025\/03\/08\/jelentkezes-a-ministrans-talalkozora\/\">jelentkez\u00e9seket<\/a> a szombati <strong>ministr\u00e1ns-tal\u00e1lkoz\u00f3<\/strong>ra.<\/li>\n\n\n\n<li>A <strong>feln\u0151tt hittan, szents\u00e9gi felk\u00e9sz\u00edt\u0151 <\/strong>szerd\u00e1n 18:00-kor kezd\u0151dik a pl\u00e9b\u00e1ni\u00e1n.<\/li>\n\n\n\n<li>P\u00e9nteken 16:45-kor <strong>keresztut<\/strong>at im\u00e1dkozunk a pl\u00e9b\u00e1niatemplomban a hitoktat\u00f3k vezet\u00e9s\u00e9vel.<\/li>\n\n\n\n<li>Nagyb\u00f6jtben <strong>\u00e9lelmiszergy\u0171jt\u00e9s<\/strong> lesz (m\u00e1rcius 23-t\u00f3l 30-ig), melyre tart\u00f3s \u00e9lelmiszereket k\u00e9r\u00fcnk a szeg\u00e9nyek jav\u00e1ra.<\/li>\n\n\n\n<li>M\u00e1rcius 25-e Gy\u00fcm\u00f6lcsolt\u00f3 Boldogasszony \u00fcnnepe, <strong>templomunk b\u00facs\u00fa<\/strong>ja. A 17:30-kor kezd\u0151d\u0151 \u00fcnnepi szentmise el\u0151tti \u00f3r\u00e1ban (16:30-t\u00f3l) a <a href=\"https:\/\/keesz.hu\/kesz-imalanc-2025\" target=\"_blank\" rel=\"noreferrer noopener\"><u>K\u00c9SZ-imal\u00e1nchoz<\/u><\/a> csatlakozva 100 \u00dcdv\u00f6zl\u00e9gyet im\u00e1dkozunk a megfogant \u00e9letek\u00e9rt. Emellett pl\u00e9b\u00e1niai bekapcsol\u00f3d\u00e1st is szervez\u00fcnk a <a href=\"https:\/\/lelkiadoptalas.hu\/mi-a-lelki-adoptalas\/\" target=\"_blank\" rel=\"noreferrer noopener\"><u>Lelki Adopt\u00e1l\u00e1s<\/u><\/a> m\u0171v\u00e9be, ami egy 9 h\u00f3napig tart\u00f3 im\u00e1ds\u00e1gos elk\u00f6telez\u0151d\u00e9s egy, az \u00e9desanyja m\u00e9h\u00e9ben abortusz \u00e1ltali hal\u00e1llal fenyegetett gyermek v\u00e9delm\u00e9ben. Ennek r\u00e9szleteit j\u00f6v\u0151 h\u00e9ten hirdetj\u00fck.<\/li>\n\n\n\n<li>\u201e<strong>Mi\u00e9rt hiszek?<\/strong>\u201d-sorozatunk k\u00f6vetkez\u0151 vend\u00e9ge Tam\u00e1si J\u00f3zsef atya lesz. M\u00e1rcius 27-\u00e9n az esti szentmise celebr\u00e1l\u00e1sa ut\u00e1n 18:15-kor kezdi el\u0151ad\u00e1s\u00e1t, tan\u00fas\u00e1gt\u00e9tel\u00e9t az X-h\u00e1zban (D\u00f3zsa Gy. u. 3.). Szeretettel h\u00edvjuk az \u00e9rdekl\u0151d\u0151ket.<\/li>\n\n\n\n<li>Pohnert D\u00e1vid \u00fajmis\u00e9s atya vezet\u00e9s\u00e9vel <strong>nagyb\u00f6jti lelki nap<\/strong>ra h\u00edvunk minden h\u00edv\u0151t \u00e9s \u00e9rdekl\u0151d\u0151t m\u00e1rcius 29-\u00e9n.<\/li>\n\n\n\n<li>A kaposv\u00e1ri Cappuccini k\u00f3rus, Szili Zolt\u00e1n karnagy vezet\u00e9s\u00e9vel <strong>nagyb\u00f6jti \u00e1h\u00edtat<\/strong>ot tart templomunkban \u00e1prilis 5-\u00e9n 16:30-t\u00f3l, majd az esti szentmis\u00e9n is \u00e9nekel.<\/li>\n<\/ol>\n\n\n\n<hr class=\"wp-block-separator has-alpha-channel-opacity\"\/>\n\n\n<div class=\"wp-block-image\">\n<figure class=\"aligncenter size-large\"><img loading=\"lazy\" decoding=\"async\" width=\"1024\" height=\"799\" src=\"https:\/\/marcali.plebania.hu\/wp-content\/uploads\/2025\/03\/250316-1024x799.png\" alt=\"\" class=\"wp-image-6876\" srcset=\"https:\/\/marcali.plebania.hu\/wp-content\/uploads\/2025\/03\/250316-1024x799.png 1024w, https:\/\/marcali.plebania.hu\/wp-content\/uploads\/2025\/03\/250316-300x234.png 300w, https:\/\/marcali.plebania.hu\/wp-content\/uploads\/2025\/03\/250316-768x599.png 768w, https:\/\/marcali.plebania.hu\/wp-content\/uploads\/2025\/03\/250316-346x270.png 346w, https:\/\/marcali.plebania.hu\/wp-content\/uploads\/2025\/03\/250316.png 1384w\" sizes=\"auto, (max-width: 1024px) 100vw, 1024px\" \/><\/figure>\n<\/div>\n\n\n<hr class=\"wp-block-separator has-alpha-channel-opacity\"\/>\n\n\n\n<figure class=\"wp-block-gallery has-nested-images columns-default is-cropped wp-block-gallery-1 is-layout-flex wp-block-gallery-is-layout-flex\">\n<figure class=\"wp-block-image size-large\"><img loading=\"lazy\" decoding=\"async\" width=\"921\" height=\"1024\" data-id=\"6878\" src=\"https:\/\/marcali.plebania.hu\/wp-content\/uploads\/2025\/03\/Nagybojti-keszulet-2.-het-921x1024.png\" alt=\"\" class=\"wp-image-6878\" srcset=\"https:\/\/marcali.plebania.hu\/wp-content\/uploads\/2025\/03\/Nagybojti-keszulet-2.-het-921x1024.png 921w, https:\/\/marcali.plebania.hu\/wp-content\/uploads\/2025\/03\/Nagybojti-keszulet-2.-het-270x300.png 270w, https:\/\/marcali.plebania.hu\/wp-content\/uploads\/2025\/03\/Nagybojti-keszulet-2.-het-768x854.png 768w, https:\/\/marcali.plebania.hu\/wp-content\/uploads\/2025\/03\/Nagybojti-keszulet-2.-het-243x270.png 243w, https:\/\/marcali.plebania.hu\/wp-content\/uploads\/2025\/03\/Nagybojti-keszulet-2.-het.png 1153w\" sizes=\"auto, (max-width: 921px) 100vw, 921px\" \/><\/figure>\n\n\n\n<figure class=\"wp-block-image size-large\"><img loading=\"lazy\" decoding=\"async\" width=\"724\" height=\"1024\" data-id=\"6877\" src=\"https:\/\/marcali.plebania.hu\/wp-content\/uploads\/2025\/03\/Cappuccini-724x1024.jpg\" alt=\"\" class=\"wp-image-6877\" srcset=\"https:\/\/marcali.plebania.hu\/wp-content\/uploads\/2025\/03\/Cappuccini-724x1024.jpg 724w, https:\/\/marcali.plebania.hu\/wp-content\/uploads\/2025\/03\/Cappuccini-212x300.jpg 212w, https:\/\/marcali.plebania.hu\/wp-content\/uploads\/2025\/03\/Cappuccini-768x1086.jpg 768w, https:\/\/marcali.plebania.hu\/wp-content\/uploads\/2025\/03\/Cappuccini-1086x1536.jpg 1086w, https:\/\/marcali.plebania.hu\/wp-content\/uploads\/2025\/03\/Cappuccini-191x270.jpg 191w, https:\/\/marcali.plebania.hu\/wp-content\/uploads\/2025\/03\/Cappuccini.jpg 1414w\" sizes=\"auto, (max-width: 724px) 100vw, 724px\" \/><\/figure>\n\n\n\n<figure class=\"wp-block-image size-large\"><img loading=\"lazy\" decoding=\"async\" width=\"724\" height=\"1024\" data-id=\"6836\" src=\"https:\/\/marcali.plebania.hu\/wp-content\/uploads\/2025\/03\/MIERT_HISZEK_TAMASI_JOZSEF_V1-724x1024.jpg\" alt=\"\" class=\"wp-image-6836\" srcset=\"https:\/\/marcali.plebania.hu\/wp-content\/uploads\/2025\/03\/MIERT_HISZEK_TAMASI_JOZSEF_V1-724x1024.jpg 724w, https:\/\/marcali.plebania.hu\/wp-content\/uploads\/2025\/03\/MIERT_HISZEK_TAMASI_JOZSEF_V1-212x300.jpg 212w, https:\/\/marcali.plebania.hu\/wp-content\/uploads\/2025\/03\/MIERT_HISZEK_TAMASI_JOZSEF_V1-768x1086.jpg 768w, https:\/\/marcali.plebania.hu\/wp-content\/uploads\/2025\/03\/MIERT_HISZEK_TAMASI_JOZSEF_V1-1086x1536.jpg 1086w, https:\/\/marcali.plebania.hu\/wp-content\/uploads\/2025\/03\/MIERT_HISZEK_TAMASI_JOZSEF_V1-1448x2048.jpg 1448w, https:\/\/marcali.plebania.hu\/wp-content\/uploads\/2025\/03\/MIERT_HISZEK_TAMASI_JOZSEF_V1-191x270.jpg 191w, https:\/\/marcali.plebania.hu\/wp-content\/uploads\/2025\/03\/MIERT_HISZEK_TAMASI_JOZSEF_V1-scaled.jpg 1811w\" sizes=\"auto, (max-width: 724px) 100vw, 724px\" \/><\/figure>\n<\/figure>\n","protected":false},"excerpt":{"rendered":"<p>Nagyb\u00f6jt 2. vas\u00e1rnapja<\/p>\n","protected":false},"author":1,"featured_media":0,"comment_status":"closed","ping_status":"open","sticky":false,"template":"","format":"standard","meta":{"footnotes":""},"categories":[3],"tags":[],"class_list":["post-6875","post","type-post","status-publish","format-standard","hentry","category-hirdetesek"],"_links":{"self":[{"href":"https:\/\/marcali.plebania.hu\/index.php?rest_route=\/wp\/v2\/posts\/6875","targetHints":{"allow":["GET"]}}],"collection":[{"href":"https:\/\/marcali.plebania.hu\/index.php?rest_route=\/wp\/v2\/posts"}],"about":[{"href":"https:\/\/marcali.plebania.hu\/index.php?rest_route=\/wp\/v2\/types\/post"}],"author":[{"embeddable":true,"href":"https:\/\/marcali.plebania.hu\/index.php?rest_route=\/wp\/v2\/users\/1"}],"replies":[{"embeddable":true,"href":"https:\/\/marcali.plebania.hu\/index.php?rest_route=%2Fwp%2Fv2%2Fcomments&post=6875"}],"version-history":[{"count":2,"href":"https:\/\/marcali.plebania.hu\/index.php?rest_route=\/wp\/v2\/posts\/6875\/revisions"}],"predecessor-version":[{"id":6880,"href":"https:\/\/marcali.plebania.hu\/index.php?rest_route=\/wp\/v2\/posts\/6875\/revisions\/6880"}],"wp:attachment":[{"href":"https:\/\/marcali.plebania.hu\/index.php?rest_route=%2Fwp%2Fv2%2Fmedia&parent=6875"}],"wp:term":[{"taxonomy":"category","embeddable":true,"href":"https:\/\/marcali.plebania.hu\/index.php?rest_route=%2Fwp%2Fv2%2Fcategories&post=6875"},{"taxonomy":"post_tag","embeddable":true,"href":"https:\/\/marcali.plebania.hu\/index.php?rest_route=%2Fwp%2Fv2%2Ftags&post=6875"}],"curies":[{"name":"wp","href":"https:\/\/api.w.org\/{rel}","templated":true}]}}