{"id":6895,"date":"2025-03-20T15:02:14","date_gmt":"2025-03-20T15:02:14","guid":{"rendered":"https:\/\/marcali.plebania.hu\/?p=6895"},"modified":"2025-03-20T15:02:14","modified_gmt":"2025-03-20T15:02:14","slug":"kesz-imalanc-a-megfogant-eletekert","status":"publish","type":"post","link":"https:\/\/marcali.plebania.hu\/?p=6895","title":{"rendered":"K\u00c9SZ-Imal\u00e1nc a megfogant \u00e9letek\u00e9rt"},"content":{"rendered":"\n<p>Marcaliban: 2025. 03. 25. kedden, Gy\u00fcm\u00f6lcsolt\u00f3 Boldogasszony \u00fcnnep\u00e9n, 16.30-17.30 k\u00f6z\u00f6tt a pl\u00e9b\u00e1niatemplomban <\/p>\n\n\n\n<figure class=\"wp-block-image size-full\"><img loading=\"lazy\" decoding=\"async\" width=\"525\" height=\"742\" src=\"https:\/\/marcali.plebania.hu\/wp-content\/uploads\/2025\/03\/plakat_KESZ-imalanc_.jpg\" alt=\"\" class=\"wp-image-6896\" srcset=\"https:\/\/marcali.plebania.hu\/wp-content\/uploads\/2025\/03\/plakat_KESZ-imalanc_.jpg 525w, https:\/\/marcali.plebania.hu\/wp-content\/uploads\/2025\/03\/plakat_KESZ-imalanc_-212x300.jpg 212w, https:\/\/marcali.plebania.hu\/wp-content\/uploads\/2025\/03\/plakat_KESZ-imalanc_-191x270.jpg 191w\" sizes=\"auto, (max-width: 525px) 100vw, 525px\" \/><\/figure>\n\n\n\n<p><a href=\"https:\/\/keesz.hu\/kesz-imalanc-2025\">https:\/\/keesz.hu\/kesz-imalanc-2025<\/a><\/p>\n","protected":false},"excerpt":{"rendered":"<p>Marcaliban: 2025. 03. 25. kedden, Gy\u00fcm\u00f6lcsolt\u00f3 Boldogasszony \u00fcnnep\u00e9n, 16.30-17.30 k\u00f6z\u00f6tt a pl\u00e9b\u00e1niatemplomban https:\/\/keesz.hu\/kesz-imalanc-2025<\/p>\n","protected":false},"author":2,"featured_media":0,"comment_status":"closed","ping_status":"open","sticky":false,"template":"","format":"standard","meta":{"footnotes":""},"categories":[1],"tags":[],"class_list":["post-6895","post","type-post","status-publish","format-standard","hentry","category-egyeb"],"_links":{"self":[{"href":"https:\/\/marcali.plebania.hu\/index.php?rest_route=\/wp\/v2\/posts\/6895","targetHints":{"allow":["GET"]}}],"collection":[{"href":"https:\/\/marcali.plebania.hu\/index.php?rest_route=\/wp\/v2\/posts"}],"about":[{"href":"https:\/\/marcali.plebania.hu\/index.php?rest_route=\/wp\/v2\/types\/post"}],"author":[{"embeddable":true,"href":"https:\/\/marcali.plebania.hu\/index.php?rest_route=\/wp\/v2\/users\/2"}],"replies":[{"embeddable":true,"href":"https:\/\/marcali.plebania.hu\/index.php?rest_route=%2Fwp%2Fv2%2Fcomments&post=6895"}],"version-history":[{"count":1,"href":"https:\/\/marcali.plebania.hu\/index.php?rest_route=\/wp\/v2\/posts\/6895\/revisions"}],"predecessor-version":[{"id":6897,"href":"https:\/\/marcali.plebania.hu\/index.php?rest_route=\/wp\/v2\/posts\/6895\/revisions\/6897"}],"wp:attachment":[{"href":"https:\/\/marcali.plebania.hu\/index.php?rest_route=%2Fwp%2Fv2%2Fmedia&parent=6895"}],"wp:term":[{"taxonomy":"category","embeddable":true,"href":"https:\/\/marcali.plebania.hu\/index.php?rest_route=%2Fwp%2Fv2%2Fcategories&post=6895"},{"taxonomy":"post_tag","embeddable":true,"href":"https:\/\/marcali.plebania.hu\/index.php?rest_route=%2Fwp%2Fv2%2Ftags&post=6895"}],"curies":[{"name":"wp","href":"https:\/\/api.w.org\/{rel}","templated":true}]}}