{"id":6898,"date":"2025-03-22T21:24:58","date_gmt":"2025-03-22T21:24:58","guid":{"rendered":"https:\/\/marcali.plebania.hu\/?p=6898"},"modified":"2025-03-29T10:12:59","modified_gmt":"2025-03-29T10:12:59","slug":"jelentkezes-a-nagybojti-lelki-nap-programjaira-2025-marcius-29","status":"publish","type":"post","link":"https:\/\/marcali.plebania.hu\/?p=6898","title":{"rendered":"Jelentkez\u00e9s a nagyb\u00f6jti lelki nap programjaira (2025. m\u00e1rcius 29.)"},"content":{"rendered":"\n<iframe loading=\"lazy\" src=\"https:\/\/docs.google.com\/forms\/d\/e\/1FAIpQLSef6sMQmm4-1CG24Qvr39dW3VwxhMIXqxB1JzhW-EZR0NGeZg\/viewform?embedded=true\" width=\"640\" height=\"963\" frameborder=\"0\" marginheight=\"0\" marginwidth=\"0\">Bet\u00f6lt\u00e9s\u2026<\/iframe>\n","protected":false},"excerpt":{"rendered":"<p>Bet\u00f6lt\u00e9s\u2026<\/p>\n","protected":false},"author":1,"featured_media":0,"comment_status":"closed","ping_status":"open","sticky":false,"template":"","format":"standard","meta":{"footnotes":""},"categories":[9],"tags":[],"class_list":["post-6898","post","type-post","status-publish","format-standard","hentry","category-jelentkezes"],"_links":{"self":[{"href":"https:\/\/marcali.plebania.hu\/index.php?rest_route=\/wp\/v2\/posts\/6898","targetHints":{"allow":["GET"]}}],"collection":[{"href":"https:\/\/marcali.plebania.hu\/index.php?rest_route=\/wp\/v2\/posts"}],"about":[{"href":"https:\/\/marcali.plebania.hu\/index.php?rest_route=\/wp\/v2\/types\/post"}],"author":[{"embeddable":true,"href":"https:\/\/marcali.plebania.hu\/index.php?rest_route=\/wp\/v2\/users\/1"}],"replies":[{"embeddable":true,"href":"https:\/\/marcali.plebania.hu\/index.php?rest_route=%2Fwp%2Fv2%2Fcomments&post=6898"}],"version-history":[{"count":2,"href":"https:\/\/marcali.plebania.hu\/index.php?rest_route=\/wp\/v2\/posts\/6898\/revisions"}],"predecessor-version":[{"id":6915,"href":"https:\/\/marcali.plebania.hu\/index.php?rest_route=\/wp\/v2\/posts\/6898\/revisions\/6915"}],"wp:attachment":[{"href":"https:\/\/marcali.plebania.hu\/index.php?rest_route=%2Fwp%2Fv2%2Fmedia&parent=6898"}],"wp:term":[{"taxonomy":"category","embeddable":true,"href":"https:\/\/marcali.plebania.hu\/index.php?rest_route=%2Fwp%2Fv2%2Fcategories&post=6898"},{"taxonomy":"post_tag","embeddable":true,"href":"https:\/\/marcali.plebania.hu\/index.php?rest_route=%2Fwp%2Fv2%2Ftags&post=6898"}],"curies":[{"name":"wp","href":"https:\/\/api.w.org\/{rel}","templated":true}]}}