{"id":6900,"date":"2025-03-22T22:32:39","date_gmt":"2025-03-22T22:32:39","guid":{"rendered":"https:\/\/marcali.plebania.hu\/?p=6900"},"modified":"2025-03-22T23:07:02","modified_gmt":"2025-03-22T23:07:02","slug":"hirdetesek-2025-marcius-23-an","status":"publish","type":"post","link":"https:\/\/marcali.plebania.hu\/?p=6900","title":{"rendered":"Hirdet\u00e9sek 2025. m\u00e1rcius 23-\u00e1n"},"content":{"rendered":"\n<p><strong><a href=\"https:\/\/igenaptar.katolikus.hu\/nap\/index.php?holnap=2025-03-23\" target=\"_blank\" rel=\"noreferrer noopener\"><u>Nagyb\u00f6jt 3. vas\u00e1rnapja<\/u><\/a><\/strong><\/p>\n\n\n\n<ol start=\"1\" class=\"wp-block-list\">\n<li>M\u00e1t\u00f3l j\u00f6v\u0151 vas\u00e1rnapig tart az orsz\u00e1gos <strong>tart\u00f3s\u00e9lelmiszer-gy\u0171jt\u00e9s<\/strong>. K\u00e9rj\u00fck a h\u00edveket, lehet\u0151s\u00e9geikhez m\u00e9rten hozzanak adom\u00e1nyt a templomba, amit karit\u00e1sz csoportunk h\u00fasv\u00e9t el\u0151tt oszt ki a r\u00e1szorul\u00f3 csal\u00e1doknak.<\/li>\n\n\n\n<li>K\u00f6sz\u00f6nj\u00fck a jelentkez\u00e9seket a templomi <strong>felolvas\u00e1s<\/strong>ra, valamint a megbesz\u00e9l\u00e9sen \u00e9s a pr\u00f3b\u00e1n val\u00f3 r\u00e9szv\u00e9telt. A k\u00e9s\u0151bbiekben is lehet jelentkezni erre a sz\u00e9p szolg\u00e1latra.<\/li>\n\n\n\n<li>A m\u00falt heti <strong>rejtv\u00e9ny<\/strong> megold\u00e1s\u00e1t k\u00e9rj\u00fck bedobni a \u201eTaKi megold\u00e1sok\u201d felirat\u00fa dobozba. A pap\u00edr h\u00e1toldal\u00e1n is lehet folytatni a v\u00e1laszt, ha el\u00f6l kev\u00e9snek bizonyul a hely.<\/li>\n\n\n\n<li><span style=\"text-decoration: underline;\">Kedden<\/span> lesz Gy\u00fcm\u00f6lcsolt\u00f3 Boldogasszony \u00fcnnepe, <strong>templomunk b\u00facs\u00fa<\/strong>ja. 16:30-t\u00f3l a <a href=\"https:\/\/keesz.hu\/kesz-imalanc-2025\" target=\"_blank\" rel=\"noreferrer noopener\"><u>K\u00c9SZ-imal\u00e1nchoz<\/u><\/a> csatlakozva 100 \u00dcdv\u00f6zl\u00e9gyet im\u00e1dkozunk a megfogant \u00e9letek\u00e9rt. A 17:30-kor kezd\u0151d\u0151 \u00fcnnepi szentmis\u00e9t Monostori L\u00e1szl\u00f3 atya, a budapesti Szent Margit-templom pl\u00e9b\u00e1nosa celebr\u00e1lja. A szentmise ut\u00e1n pl\u00e9b\u00e1niai bekapcsol\u00f3d\u00e1st szervez\u00fcnk a <a href=\"https:\/\/lelkiadoptalas.hu\/mi-a-lelki-adoptalas\/\" target=\"_blank\" rel=\"noreferrer noopener\">Lelki Adopt\u00e1l\u00e1s<\/a> m\u0171v\u00e9be, ami egy 9 h\u00f3napig tart\u00f3 im\u00e1ds\u00e1gos elk\u00f6telez\u0151d\u00e9s egy, az \u00e9desanyja m\u00e9h\u00e9ben abortusz \u00e1ltali hal\u00e1llal fenyegetett gyermek v\u00e9delm\u00e9ben. A keddi szentmise ut\u00e1n a templomban hallgathatunk meg egy r\u00e9szletes ismertet\u0151t \u00e9s egy tan\u00fas\u00e1gt\u00e9telt, majd k\u00f6vetkezik a k\u00f6z\u00f6s fogadalomt\u00e9tel.<\/li>\n\n\n\n<li>A <strong>F\u00e9rfi-k\u00f6r <\/strong><span style=\"text-decoration: underline;\">szerd\u00e1n<\/span> 18:00-kor kezd\u0151dik a pl\u00e9b\u00e1ni\u00e1n.<\/li>\n\n\n\n<li>\u201e<strong>Mi\u00e9rt hiszek?<\/strong>\u201d-sorozatunk k\u00f6vetkez\u0151 vend\u00e9ge Tam\u00e1si J\u00f3zsef atya lesz. <span style=\"text-decoration: underline;\">Cs\u00fct\u00f6rt\u00f6k\u00f6n<\/span> az esti szentmise celebr\u00e1l\u00e1sa ut\u00e1n 18:15-kor kezdi \u201eA J\u00f3isten humora\u201d alc\u00edm\u0171 el\u0151ad\u00e1s\u00e1t, tan\u00fas\u00e1gt\u00e9tel\u00e9t az X-h\u00e1zban (D\u00f3zsa Gy. u. 3.). Szeretettel h\u00edvjuk az \u00e9rdekl\u0151d\u0151ket.<\/li>\n\n\n\n<li><span style=\"text-decoration: underline;\">P\u00e9nteken<\/span> 16:45-kor <strong>keresztut<\/strong>at im\u00e1dkozunk a pl\u00e9b\u00e1niatemplomban a F\u00e9rfi-k\u00f6r vezet\u00e9s\u00e9vel.<\/li>\n\n\n\n<li>Pohnert D\u00e1vid \u00fajmis\u00e9s atya vezet\u00e9s\u00e9vel <strong>nagyb\u00f6jti lelki nap<\/strong>ra h\u00edvunk minden h\u00edv\u0151t \u00e9s \u00e9rdekl\u0151d\u0151t <span style=\"text-decoration: underline;\">szombaton<\/span>: 14:00-t\u00f3l lehet\u0151s\u00e9g lesz D\u00e1vid aty\u00e1val <em>szem\u00e9lyes lelki besz\u00e9lget\u00e9s<\/em>re vagy gy\u00f3n\u00e1sra a pl\u00e9b\u00e1ni\u00e1n. (A szentgy\u00f3n\u00e1sra val\u00f3 felk\u00e9sz\u00fcl\u00e9shez szeretettel aj\u00e1nljuk <a href=\"https:\/\/marcali.plebania.hu\/index.php\/szentgyonas\/\">ezt az \u00f6ssze\u00e1ll\u00edt\u00e1st<\/a>.) 16:00-t\u00f3l v\u00e1rjuk a gyerekeket <em>k\u00e9zm\u0171ves foglalkoz\u00e1sra<\/em> az X-h\u00e1zba, a feln\u0151tteket pedig a pl\u00e9b\u00e1ni\u00e1ra <em>D\u00e1vid atya el\u0151ad\u00e1s\u00e1ra<\/em>, melynek t\u00e9m\u00e1ja a kiengesztel\u0151d\u00e9s lesz (emberek egym\u00e1s k\u00f6zt \u00e9s Istennel). A szervez\u00e9s k\u00f6nny\u00edt\u00e9se \u00e9rdek\u00e9ben cs\u00fct\u00f6rt\u00f6kig v\u00e1rjuk a <strong>jelentkez\u00e9s<\/strong>eket az al\u00e1bbi \u0171rlapon mindh\u00e1rom programra. Az esti szentmise v\u00e9g\u00e9n D\u00e1vid atya \u00fajmis\u00e9s \u00e1ld\u00e1st ad.<\/li>\n\n\n\n<li>A kaposv\u00e1ri Cappuccini k\u00f3rus, Szili Zolt\u00e1n karnagy vezet\u00e9s\u00e9vel <strong>nagyb\u00f6jti \u00e1h\u00edtat<\/strong>ot tart templomunkban \u00e1prilis 5-\u00e9n 16:30-t\u00f3l, majd az esti szentmis\u00e9n is \u00e9nekel.<\/li>\n<\/ol>\n\n\n\n<iframe loading=\"lazy\" src=\"https:\/\/docs.google.com\/forms\/d\/e\/1FAIpQLSef6sMQmm4-1CG24Qvr39dW3VwxhMIXqxB1JzhW-EZR0NGeZg\/viewform?embedded=true\" width=\"640\" height=\"963\" frameborder=\"0\" marginheight=\"0\" marginwidth=\"0\">Bet\u00f6lt\u00e9s\u2026<\/iframe>\n\n\n\n<hr class=\"wp-block-separator has-alpha-channel-opacity\"\/>\n\n\n\n<figure class=\"wp-block-image size-large\"><img loading=\"lazy\" decoding=\"async\" width=\"1024\" height=\"788\" src=\"https:\/\/marcali.plebania.hu\/wp-content\/uploads\/2025\/03\/250323-1-1024x788.png\" alt=\"\" class=\"wp-image-6904\" srcset=\"https:\/\/marcali.plebania.hu\/wp-content\/uploads\/2025\/03\/250323-1-1024x788.png 1024w, https:\/\/marcali.plebania.hu\/wp-content\/uploads\/2025\/03\/250323-1-300x231.png 300w, https:\/\/marcali.plebania.hu\/wp-content\/uploads\/2025\/03\/250323-1-768x591.png 768w, https:\/\/marcali.plebania.hu\/wp-content\/uploads\/2025\/03\/250323-1-351x270.png 351w, https:\/\/marcali.plebania.hu\/wp-content\/uploads\/2025\/03\/250323-1.png 1518w\" sizes=\"auto, (max-width: 1024px) 100vw, 1024px\" \/><\/figure>\n\n\n\n<hr class=\"wp-block-separator has-alpha-channel-opacity\"\/>\n\n\n\n<figure class=\"wp-block-gallery has-nested-images columns-default is-cropped wp-block-gallery-1 is-layout-flex wp-block-gallery-is-layout-flex\">\n<figure class=\"wp-block-image size-large\"><img loading=\"lazy\" decoding=\"async\" width=\"819\" height=\"1024\" data-id=\"6905\" src=\"https:\/\/marcali.plebania.hu\/wp-content\/uploads\/2025\/03\/karitasz-819x1024.jpg\" alt=\"\" class=\"wp-image-6905\" srcset=\"https:\/\/marcali.plebania.hu\/wp-content\/uploads\/2025\/03\/karitasz-819x1024.jpg 819w, https:\/\/marcali.plebania.hu\/wp-content\/uploads\/2025\/03\/karitasz-240x300.jpg 240w, https:\/\/marcali.plebania.hu\/wp-content\/uploads\/2025\/03\/karitasz-768x960.jpg 768w, https:\/\/marcali.plebania.hu\/wp-content\/uploads\/2025\/03\/karitasz-216x270.jpg 216w, https:\/\/marcali.plebania.hu\/wp-content\/uploads\/2025\/03\/karitasz.jpg 1080w\" sizes=\"auto, (max-width: 819px) 100vw, 819px\" \/><\/figure>\n\n\n\n<figure class=\"wp-block-image size-large\"><img loading=\"lazy\" decoding=\"async\" width=\"525\" height=\"742\" data-id=\"6896\" src=\"https:\/\/marcali.plebania.hu\/wp-content\/uploads\/2025\/03\/plakat_KESZ-imalanc_.jpg\" alt=\"\" class=\"wp-image-6896\" srcset=\"https:\/\/marcali.plebania.hu\/wp-content\/uploads\/2025\/03\/plakat_KESZ-imalanc_.jpg 525w, https:\/\/marcali.plebania.hu\/wp-content\/uploads\/2025\/03\/plakat_KESZ-imalanc_-212x300.jpg 212w, https:\/\/marcali.plebania.hu\/wp-content\/uploads\/2025\/03\/plakat_KESZ-imalanc_-191x270.jpg 191w\" sizes=\"auto, (max-width: 525px) 100vw, 525px\" \/><\/figure>\n\n\n\n<figure class=\"wp-block-image size-large\"><img loading=\"lazy\" decoding=\"async\" width=\"724\" height=\"1024\" data-id=\"6836\" src=\"https:\/\/marcali.plebania.hu\/wp-content\/uploads\/2025\/03\/MIERT_HISZEK_TAMASI_JOZSEF_V1-724x1024.jpg\" alt=\"\" class=\"wp-image-6836\" srcset=\"https:\/\/marcali.plebania.hu\/wp-content\/uploads\/2025\/03\/MIERT_HISZEK_TAMASI_JOZSEF_V1-724x1024.jpg 724w, https:\/\/marcali.plebania.hu\/wp-content\/uploads\/2025\/03\/MIERT_HISZEK_TAMASI_JOZSEF_V1-212x300.jpg 212w, https:\/\/marcali.plebania.hu\/wp-content\/uploads\/2025\/03\/MIERT_HISZEK_TAMASI_JOZSEF_V1-768x1086.jpg 768w, https:\/\/marcali.plebania.hu\/wp-content\/uploads\/2025\/03\/MIERT_HISZEK_TAMASI_JOZSEF_V1-1086x1536.jpg 1086w, https:\/\/marcali.plebania.hu\/wp-content\/uploads\/2025\/03\/MIERT_HISZEK_TAMASI_JOZSEF_V1-1448x2048.jpg 1448w, https:\/\/marcali.plebania.hu\/wp-content\/uploads\/2025\/03\/MIERT_HISZEK_TAMASI_JOZSEF_V1-191x270.jpg 191w, https:\/\/marcali.plebania.hu\/wp-content\/uploads\/2025\/03\/MIERT_HISZEK_TAMASI_JOZSEF_V1-scaled.jpg 1811w\" sizes=\"auto, (max-width: 724px) 100vw, 724px\" \/><\/figure>\n\n\n<div class=\"wp-block-image\">\n<figure class=\"aligncenter size-large\"><img loading=\"lazy\" decoding=\"async\" width=\"1024\" height=\"580\" data-id=\"6907\" src=\"https:\/\/marcali.plebania.hu\/wp-content\/uploads\/2025\/03\/elokeszito-plakat-1024x580.jpg\" alt=\"\" class=\"wp-image-6907\" srcset=\"https:\/\/marcali.plebania.hu\/wp-content\/uploads\/2025\/03\/elokeszito-plakat-1024x580.jpg 1024w, https:\/\/marcali.plebania.hu\/wp-content\/uploads\/2025\/03\/elokeszito-plakat-300x170.jpg 300w, https:\/\/marcali.plebania.hu\/wp-content\/uploads\/2025\/03\/elokeszito-plakat-768x435.jpg 768w, https:\/\/marcali.plebania.hu\/wp-content\/uploads\/2025\/03\/elokeszito-plakat-1536x870.jpg 1536w, https:\/\/marcali.plebania.hu\/wp-content\/uploads\/2025\/03\/elokeszito-plakat-2048x1160.jpg 2048w, https:\/\/marcali.plebania.hu\/wp-content\/uploads\/2025\/03\/elokeszito-plakat-476x270.jpg 476w\" sizes=\"auto, (max-width: 1024px) 100vw, 1024px\" \/><\/figure>\n<\/div><\/figure>\n\n\n\n<p class=\"has-text-align-center\">A ferences nagyb\u00f6jti k\u00e9sz\u00fclet napt\u00e1ra <a href=\"https:\/\/orszagutiferencesek.hu\/wp-content\/uploads\/2024\/02\/Nb_Cev_2025.pdf\">innen<\/a> t\u00f6lthet\u0151 le. <\/p>\n\n\n\n<p><\/p>\n","protected":false},"excerpt":{"rendered":"<p>Nagyb\u00f6jt 3. vas\u00e1rnapja Bet\u00f6lt\u00e9s\u2026 A ferences nagyb\u00f6jti k\u00e9sz\u00fclet napt\u00e1ra innen t\u00f6lthet\u0151 le.<\/p>\n","protected":false},"author":1,"featured_media":0,"comment_status":"closed","ping_status":"open","sticky":false,"template":"","format":"standard","meta":{"footnotes":""},"categories":[3],"tags":[],"class_list":["post-6900","post","type-post","status-publish","format-standard","hentry","category-hirdetesek"],"_links":{"self":[{"href":"https:\/\/marcali.plebania.hu\/index.php?rest_route=\/wp\/v2\/posts\/6900","targetHints":{"allow":["GET"]}}],"collection":[{"href":"https:\/\/marcali.plebania.hu\/index.php?rest_route=\/wp\/v2\/posts"}],"about":[{"href":"https:\/\/marcali.plebania.hu\/index.php?rest_route=\/wp\/v2\/types\/post"}],"author":[{"embeddable":true,"href":"https:\/\/marcali.plebania.hu\/index.php?rest_route=\/wp\/v2\/users\/1"}],"replies":[{"embeddable":true,"href":"https:\/\/marcali.plebania.hu\/index.php?rest_route=%2Fwp%2Fv2%2Fcomments&post=6900"}],"version-history":[{"count":8,"href":"https:\/\/marcali.plebania.hu\/index.php?rest_route=\/wp\/v2\/posts\/6900\/revisions"}],"predecessor-version":[{"id":6914,"href":"https:\/\/marcali.plebania.hu\/index.php?rest_route=\/wp\/v2\/posts\/6900\/revisions\/6914"}],"wp:attachment":[{"href":"https:\/\/marcali.plebania.hu\/index.php?rest_route=%2Fwp%2Fv2%2Fmedia&parent=6900"}],"wp:term":[{"taxonomy":"category","embeddable":true,"href":"https:\/\/marcali.plebania.hu\/index.php?rest_route=%2Fwp%2Fv2%2Fcategories&post=6900"},{"taxonomy":"post_tag","embeddable":true,"href":"https:\/\/marcali.plebania.hu\/index.php?rest_route=%2Fwp%2Fv2%2Ftags&post=6900"}],"curies":[{"name":"wp","href":"https:\/\/api.w.org\/{rel}","templated":true}]}}