{"id":6916,"date":"2025-03-27T10:11:21","date_gmt":"2025-03-27T10:11:21","guid":{"rendered":"https:\/\/marcali.plebania.hu\/?p=6916"},"modified":"2025-03-27T10:11:21","modified_gmt":"2025-03-27T10:11:21","slug":"templomunk-bucsunapja-gyumolcsolto-boldogasszony-unnepe","status":"publish","type":"post","link":"https:\/\/marcali.plebania.hu\/?p=6916","title":{"rendered":"Templomunk b\u00facs\u00fanapja, Gy\u00fcm\u00f6lcsolt\u00f3 Boldogasszony \u00fcnnepe"},"content":{"rendered":"\n<p>2025. m\u00e1rcius 25-\u00e9n \u2013 imm\u00e1r 3. alkalommal \u2013 csatlakozott pl\u00e9b\u00e1ni\u00e1nk K\u00c9SZ csoportja is az orsz\u00e1gos imal\u00e1nchoz. 16.30 \u00e9s 17.30 k\u00f6z\u00f6tt meg\u00e1ll\u00e1s n\u00e9lk\u00fcl Sz\u0171z M\u00e1ri\u00e1hoz im\u00e1dkoztunk, k\u00e9rve k\u00f6zbenj\u00e1r\u00e1s\u00e1t a megfogant \u00e9let\u00e9k\u00e9rt. A Kereszt\u00e9ny \u00c9rtelmis\u00e9giek Sz\u00f6vets\u00e9g\u00e9nek felh\u00edv\u00e1s\u00e1hoz csatlakozott a \u201e40 nap az \u00e9let\u00e9rt\u201d \u00e9letp\u00e1rti kamp\u00e1ny, amelynek c\u00e9lja, hogy az ima, a b\u00f6jt \u00e9s a b\u00e9k\u00e9s jelenl\u00e9t r\u00e9v\u00e9n felh\u00edvja a figyelmet arra, hogy k\u00f6z\u00f6s \u00fcgy\u00fcnk az emberi \u00e9let v\u00e9delme a fogantat\u00e1st\u00f3l a term\u00e9szetes hal\u00e1lig. A 40 napos \u2013 napi 12 vagy 24 \u00f3r\u00e1s \u2013 imaszolg\u00e1lat k\u00f6zter\u00fcleten t\u00f6rt\u00e9nik, kereszt\u00e9ny im\u00e1dkoz\u00f3kkal, a \u201ecsapatot\u201d Isten \u00e9p\u00edti, Isten kegyelm\u00e9b\u0151l.<\/p>\n\n\n\n<figure class=\"wp-block-gallery has-nested-images columns-default is-cropped wp-block-gallery-1 is-layout-flex wp-block-gallery-is-layout-flex\">\n<figure class=\"wp-block-image size-large\"><img loading=\"lazy\" decoding=\"async\" width=\"1024\" height=\"683\" data-id=\"6917\" src=\"https:\/\/marcali.plebania.hu\/wp-content\/uploads\/2025\/03\/01-1024x683.jpg\" alt=\"\" class=\"wp-image-6917\" srcset=\"https:\/\/marcali.plebania.hu\/wp-content\/uploads\/2025\/03\/01-1024x683.jpg 1024w, https:\/\/marcali.plebania.hu\/wp-content\/uploads\/2025\/03\/01-300x200.jpg 300w, https:\/\/marcali.plebania.hu\/wp-content\/uploads\/2025\/03\/01-768x512.jpg 768w, https:\/\/marcali.plebania.hu\/wp-content\/uploads\/2025\/03\/01-1536x1024.jpg 1536w, https:\/\/marcali.plebania.hu\/wp-content\/uploads\/2025\/03\/01-2048x1365.jpg 2048w, https:\/\/marcali.plebania.hu\/wp-content\/uploads\/2025\/03\/01-405x270.jpg 405w\" sizes=\"auto, (max-width: 1024px) 100vw, 1024px\" \/><\/figure>\n\n\n\n<figure class=\"wp-block-image size-large\"><img loading=\"lazy\" decoding=\"async\" width=\"1024\" height=\"683\" data-id=\"6919\" src=\"https:\/\/marcali.plebania.hu\/wp-content\/uploads\/2025\/03\/03-1024x683.jpg\" alt=\"\" class=\"wp-image-6919\" srcset=\"https:\/\/marcali.plebania.hu\/wp-content\/uploads\/2025\/03\/03-1024x683.jpg 1024w, https:\/\/marcali.plebania.hu\/wp-content\/uploads\/2025\/03\/03-300x200.jpg 300w, https:\/\/marcali.plebania.hu\/wp-content\/uploads\/2025\/03\/03-768x512.jpg 768w, https:\/\/marcali.plebania.hu\/wp-content\/uploads\/2025\/03\/03-1536x1024.jpg 1536w, https:\/\/marcali.plebania.hu\/wp-content\/uploads\/2025\/03\/03-2048x1365.jpg 2048w, https:\/\/marcali.plebania.hu\/wp-content\/uploads\/2025\/03\/03-405x270.jpg 405w\" sizes=\"auto, (max-width: 1024px) 100vw, 1024px\" \/><\/figure>\n\n\n\n<figure class=\"wp-block-image size-large\"><img loading=\"lazy\" decoding=\"async\" width=\"1024\" height=\"683\" data-id=\"6922\" src=\"https:\/\/marcali.plebania.hu\/wp-content\/uploads\/2025\/03\/06-1-1024x683.jpg\" alt=\"\" class=\"wp-image-6922\" srcset=\"https:\/\/marcali.plebania.hu\/wp-content\/uploads\/2025\/03\/06-1-1024x683.jpg 1024w, https:\/\/marcali.plebania.hu\/wp-content\/uploads\/2025\/03\/06-1-300x200.jpg 300w, https:\/\/marcali.plebania.hu\/wp-content\/uploads\/2025\/03\/06-1-768x512.jpg 768w, https:\/\/marcali.plebania.hu\/wp-content\/uploads\/2025\/03\/06-1-1536x1024.jpg 1536w, https:\/\/marcali.plebania.hu\/wp-content\/uploads\/2025\/03\/06-1-2048x1365.jpg 2048w, https:\/\/marcali.plebania.hu\/wp-content\/uploads\/2025\/03\/06-1-405x270.jpg 405w\" sizes=\"auto, (max-width: 1024px) 100vw, 1024px\" \/><\/figure>\n\n\n\n<figure class=\"wp-block-image size-large\"><img loading=\"lazy\" decoding=\"async\" width=\"1024\" height=\"683\" data-id=\"6920\" src=\"https:\/\/marcali.plebania.hu\/wp-content\/uploads\/2025\/03\/05-1-1024x683.jpg\" alt=\"\" class=\"wp-image-6920\" srcset=\"https:\/\/marcali.plebania.hu\/wp-content\/uploads\/2025\/03\/05-1-1024x683.jpg 1024w, https:\/\/marcali.plebania.hu\/wp-content\/uploads\/2025\/03\/05-1-300x200.jpg 300w, https:\/\/marcali.plebania.hu\/wp-content\/uploads\/2025\/03\/05-1-768x512.jpg 768w, https:\/\/marcali.plebania.hu\/wp-content\/uploads\/2025\/03\/05-1-1536x1024.jpg 1536w, https:\/\/marcali.plebania.hu\/wp-content\/uploads\/2025\/03\/05-1-2048x1365.jpg 2048w, https:\/\/marcali.plebania.hu\/wp-content\/uploads\/2025\/03\/05-1-405x270.jpg 405w\" sizes=\"auto, (max-width: 1024px) 100vw, 1024px\" \/><\/figure>\n<\/figure>\n\n\n\n<p>Haz\u00e1nkban 2017-ben szervezt\u00e9k meg az els\u0151 12 \u00f3r\u00e1s b\u00e9k\u00e9s jelenl\u00e9tet Budapesten, a Szent Istv\u00e1n k\u00f3rh\u00e1z el\u0151tt, egy nemzetk\u00f6zi, kereszt\u00e9ny megmozdul\u00e1s r\u00e9szek\u00e9nt.<\/p>\n\n\n\n<p>2021 tavasz\u00e1n, ism\u00e9t megszervezt\u00e9k a Semmelweis Egyetem II. Sz\u00fcl\u00e9szeti \u00e9s N\u0151gy\u00f3gy\u00e1szati Klinik\u00e1ja el\u0151tt, az\u00f3ta minden tavasszal \u00e9s \u0151sszel, ugyanott 40 napig im\u00e1dkoznak. A budapesti imaszolg\u00e1latnak m\u00e1r t\u00f6bb megtartott bab\u00e1r\u00f3l van tudom\u00e1sa.<\/p>\n\n\n\n<p>2024 tavasz\u00e1n a vil\u00e1g 656 v\u00e1rosa k\u00f6z\u00f6tt, Budapest mellett m\u00e1r t\u00f6bb vid\u00e9ki v\u00e1rosban is im\u00e1dkoztak az \u00e9let\u00e9rt.<\/p>\n\n\n\n<p>A \u201eJ\u00d3, HOGY VAGY!\u201d \u00e9letv\u00e9d\u0151k sz\u00f6vets\u00e9ge Budapesten alakult meg. Ez lehet\u0151v\u00e9 teszi, hogy az \u00e9letv\u00e9d\u0151k egy\u00fctt hat\u00e9konyabban k\u00e9pviselj\u00e9k az \u00e9let \u00e9rt\u00e9kess\u00e9g\u00e9t a fogantat\u00e1st\u00f3l a term\u00e9szetes hal\u00e1lig.<\/p>\n\n\n\n<p>A Kaposv\u00e1ri Egyh\u00e1zmegye is elk\u00f6telezett, 2022-ben Varga L\u00e1szl\u00f3 p\u00fcsp\u00f6k \u00far \u00e9letv\u00e9d\u0151 referenseket nevezett ki, \u0151sszel pedig orsz\u00e1gos \u00c9letv\u00e9d\u0151 Napot szerveztek. Dr. Gyulain\u00e9 Domj\u00e1n Zsuzsanna lelkes k\u00f6zrem\u0171k\u00f6d\u00e9s\u00e9vel pl\u00e9b\u00e1ni\u00e1nk fiataljai, a h\u00edvek k\u00f6z\u00f6ss\u00e9ge is akt\u00edvan r\u00e9szt vesznek a programokban.<\/p>\n\n\n\n<figure class=\"wp-block-gallery has-nested-images columns-default is-cropped wp-block-gallery-2 is-layout-flex wp-block-gallery-is-layout-flex\">\n<figure class=\"wp-block-image size-large\"><img loading=\"lazy\" decoding=\"async\" width=\"1024\" height=\"683\" data-id=\"6924\" src=\"https:\/\/marcali.plebania.hu\/wp-content\/uploads\/2025\/03\/09-1024x683.jpg\" alt=\"\" class=\"wp-image-6924\" srcset=\"https:\/\/marcali.plebania.hu\/wp-content\/uploads\/2025\/03\/09-1024x683.jpg 1024w, https:\/\/marcali.plebania.hu\/wp-content\/uploads\/2025\/03\/09-300x200.jpg 300w, https:\/\/marcali.plebania.hu\/wp-content\/uploads\/2025\/03\/09-768x512.jpg 768w, https:\/\/marcali.plebania.hu\/wp-content\/uploads\/2025\/03\/09-1536x1024.jpg 1536w, https:\/\/marcali.plebania.hu\/wp-content\/uploads\/2025\/03\/09-2048x1365.jpg 2048w, https:\/\/marcali.plebania.hu\/wp-content\/uploads\/2025\/03\/09-405x270.jpg 405w\" sizes=\"auto, (max-width: 1024px) 100vw, 1024px\" \/><\/figure>\n\n\n\n<figure class=\"wp-block-image size-large\"><img loading=\"lazy\" decoding=\"async\" width=\"1024\" height=\"683\" data-id=\"6925\" src=\"https:\/\/marcali.plebania.hu\/wp-content\/uploads\/2025\/03\/11-1024x683.jpg\" alt=\"\" class=\"wp-image-6925\" srcset=\"https:\/\/marcali.plebania.hu\/wp-content\/uploads\/2025\/03\/11-1024x683.jpg 1024w, https:\/\/marcali.plebania.hu\/wp-content\/uploads\/2025\/03\/11-300x200.jpg 300w, https:\/\/marcali.plebania.hu\/wp-content\/uploads\/2025\/03\/11-768x512.jpg 768w, https:\/\/marcali.plebania.hu\/wp-content\/uploads\/2025\/03\/11-1536x1024.jpg 1536w, https:\/\/marcali.plebania.hu\/wp-content\/uploads\/2025\/03\/11-2048x1365.jpg 2048w, https:\/\/marcali.plebania.hu\/wp-content\/uploads\/2025\/03\/11-405x270.jpg 405w\" sizes=\"auto, (max-width: 1024px) 100vw, 1024px\" \/><\/figure>\n\n\n\n<figure class=\"wp-block-image size-large\"><img loading=\"lazy\" decoding=\"async\" width=\"1024\" height=\"683\" data-id=\"6926\" src=\"https:\/\/marcali.plebania.hu\/wp-content\/uploads\/2025\/03\/12-1024x683.jpg\" alt=\"\" class=\"wp-image-6926\" srcset=\"https:\/\/marcali.plebania.hu\/wp-content\/uploads\/2025\/03\/12-1024x683.jpg 1024w, https:\/\/marcali.plebania.hu\/wp-content\/uploads\/2025\/03\/12-300x200.jpg 300w, https:\/\/marcali.plebania.hu\/wp-content\/uploads\/2025\/03\/12-768x512.jpg 768w, https:\/\/marcali.plebania.hu\/wp-content\/uploads\/2025\/03\/12-1536x1024.jpg 1536w, https:\/\/marcali.plebania.hu\/wp-content\/uploads\/2025\/03\/12-2048x1365.jpg 2048w, https:\/\/marcali.plebania.hu\/wp-content\/uploads\/2025\/03\/12-405x270.jpg 405w\" sizes=\"auto, (max-width: 1024px) 100vw, 1024px\" \/><\/figure>\n\n\n\n<figure class=\"wp-block-image size-large\"><img loading=\"lazy\" decoding=\"async\" width=\"1024\" height=\"683\" data-id=\"6928\" src=\"https:\/\/marcali.plebania.hu\/wp-content\/uploads\/2025\/03\/19-1024x683.jpg\" alt=\"\" class=\"wp-image-6928\" srcset=\"https:\/\/marcali.plebania.hu\/wp-content\/uploads\/2025\/03\/19-1024x683.jpg 1024w, https:\/\/marcali.plebania.hu\/wp-content\/uploads\/2025\/03\/19-300x200.jpg 300w, https:\/\/marcali.plebania.hu\/wp-content\/uploads\/2025\/03\/19-768x512.jpg 768w, https:\/\/marcali.plebania.hu\/wp-content\/uploads\/2025\/03\/19-1536x1024.jpg 1536w, https:\/\/marcali.plebania.hu\/wp-content\/uploads\/2025\/03\/19-2048x1365.jpg 2048w, https:\/\/marcali.plebania.hu\/wp-content\/uploads\/2025\/03\/19-405x270.jpg 405w\" sizes=\"auto, (max-width: 1024px) 100vw, 1024px\" \/><\/figure>\n<\/figure>\n\n\n\n<p>K\u00f6sz\u00f6nj\u00fck a Marcali R\u00f3zsaf\u00fcz\u00e9r T\u00e1rsulat otthonukban im\u00e1dkoz\u00f3 tagjainak, a pl\u00e9b\u00e1niai imak\u00f6r\u00f6k jelenlev\u0151 r\u00e9sztvev\u0151inek \u00e9s az \u00e9rdekl\u0151d\u0151 h\u00edveknek, hogy k\u00f6zel harmincan egy\u00fctt t\u00f6lt\u00f6tt\u00fck \u00e1h\u00edtatban ezt a sz\u00e9p \u00f3r\u00e1t, elmondtuk a 100 \u00dcdv\u00f6zl\u00e9gy im\u00e1ds\u00e1got.<\/p>\n\n\n\n<p>A b\u00facs\u00fa napja az \u00fcnnepi szentmis\u00e9vel folytat\u00f3dott, melyet dr. Monostori L\u00e1szl\u00f3 esperes, a Budapest-\u00dajlip\u00f3tv\u00e1rosi \u00c1rp\u00e1d-h\u00e1zi Szent Margit templom pl\u00e9b\u00e1nosa mutatott be a h\u00edveknek. Megtudtuk, hogy el\u0151sz\u00f6r j\u00e1r v\u00e1rosunkban, s tetsz\u00e9s\u00e9t fejezte ki templomunk sz\u00e9ps\u00e9ge ir\u00e1nt, pr\u00e9dik\u00e1ci\u00f3j\u00e1ban sz\u00edvhez sz\u00f3l\u00f3 gondolatokkal gazdagodtunk.<\/p>\n\n\n\n<figure class=\"wp-block-gallery has-nested-images columns-default is-cropped wp-block-gallery-3 is-layout-flex wp-block-gallery-is-layout-flex\">\n<figure class=\"wp-block-image size-large\"><img loading=\"lazy\" decoding=\"async\" width=\"1024\" height=\"683\" data-id=\"6929\" src=\"https:\/\/marcali.plebania.hu\/wp-content\/uploads\/2025\/03\/20-1-1024x683.jpg\" alt=\"\" class=\"wp-image-6929\" srcset=\"https:\/\/marcali.plebania.hu\/wp-content\/uploads\/2025\/03\/20-1-1024x683.jpg 1024w, https:\/\/marcali.plebania.hu\/wp-content\/uploads\/2025\/03\/20-1-300x200.jpg 300w, https:\/\/marcali.plebania.hu\/wp-content\/uploads\/2025\/03\/20-1-768x512.jpg 768w, https:\/\/marcali.plebania.hu\/wp-content\/uploads\/2025\/03\/20-1-1536x1024.jpg 1536w, https:\/\/marcali.plebania.hu\/wp-content\/uploads\/2025\/03\/20-1-2048x1365.jpg 2048w, https:\/\/marcali.plebania.hu\/wp-content\/uploads\/2025\/03\/20-1-405x270.jpg 405w\" sizes=\"auto, (max-width: 1024px) 100vw, 1024px\" \/><\/figure>\n\n\n\n<figure class=\"wp-block-image size-large\"><img loading=\"lazy\" decoding=\"async\" width=\"1024\" height=\"683\" data-id=\"6930\" src=\"https:\/\/marcali.plebania.hu\/wp-content\/uploads\/2025\/03\/21-1-1024x683.jpg\" alt=\"\" class=\"wp-image-6930\" srcset=\"https:\/\/marcali.plebania.hu\/wp-content\/uploads\/2025\/03\/21-1-1024x683.jpg 1024w, https:\/\/marcali.plebania.hu\/wp-content\/uploads\/2025\/03\/21-1-300x200.jpg 300w, https:\/\/marcali.plebania.hu\/wp-content\/uploads\/2025\/03\/21-1-768x512.jpg 768w, https:\/\/marcali.plebania.hu\/wp-content\/uploads\/2025\/03\/21-1-1536x1024.jpg 1536w, https:\/\/marcali.plebania.hu\/wp-content\/uploads\/2025\/03\/21-1-2048x1365.jpg 2048w, https:\/\/marcali.plebania.hu\/wp-content\/uploads\/2025\/03\/21-1-405x270.jpg 405w\" sizes=\"auto, (max-width: 1024px) 100vw, 1024px\" \/><\/figure>\n\n\n\n<figure class=\"wp-block-image size-large\"><img loading=\"lazy\" decoding=\"async\" width=\"1024\" height=\"683\" data-id=\"6934\" src=\"https:\/\/marcali.plebania.hu\/wp-content\/uploads\/2025\/03\/25-1024x683.jpg\" alt=\"\" class=\"wp-image-6934\" srcset=\"https:\/\/marcali.plebania.hu\/wp-content\/uploads\/2025\/03\/25-1024x683.jpg 1024w, https:\/\/marcali.plebania.hu\/wp-content\/uploads\/2025\/03\/25-300x200.jpg 300w, https:\/\/marcali.plebania.hu\/wp-content\/uploads\/2025\/03\/25-768x512.jpg 768w, https:\/\/marcali.plebania.hu\/wp-content\/uploads\/2025\/03\/25-1536x1024.jpg 1536w, https:\/\/marcali.plebania.hu\/wp-content\/uploads\/2025\/03\/25-2048x1365.jpg 2048w, https:\/\/marcali.plebania.hu\/wp-content\/uploads\/2025\/03\/25-405x270.jpg 405w\" sizes=\"auto, (max-width: 1024px) 100vw, 1024px\" \/><\/figure>\n\n\n\n<figure class=\"wp-block-image size-large\"><img loading=\"lazy\" decoding=\"async\" width=\"1024\" height=\"683\" data-id=\"6932\" src=\"https:\/\/marcali.plebania.hu\/wp-content\/uploads\/2025\/03\/23-1-1024x683.jpg\" alt=\"\" class=\"wp-image-6932\" srcset=\"https:\/\/marcali.plebania.hu\/wp-content\/uploads\/2025\/03\/23-1-1024x683.jpg 1024w, https:\/\/marcali.plebania.hu\/wp-content\/uploads\/2025\/03\/23-1-300x200.jpg 300w, https:\/\/marcali.plebania.hu\/wp-content\/uploads\/2025\/03\/23-1-768x512.jpg 768w, https:\/\/marcali.plebania.hu\/wp-content\/uploads\/2025\/03\/23-1-1536x1024.jpg 1536w, https:\/\/marcali.plebania.hu\/wp-content\/uploads\/2025\/03\/23-1-2048x1365.jpg 2048w, https:\/\/marcali.plebania.hu\/wp-content\/uploads\/2025\/03\/23-1-405x270.jpg 405w\" sizes=\"auto, (max-width: 1024px) 100vw, 1024px\" \/><\/figure>\n<\/figure>\n\n\n\n<p>A mise ut\u00e1n dr. Gyulain\u00e9 Domj\u00e1n Zsuzsanna k\u00f6sz\u00f6nt\u00f6tte a Lelki adopt\u00e1l\u00e1sra jelentkez\u0151ket, akik v\u00e1llalj\u00e1k, hogy 9 h\u00f3napig tart\u00f3 im\u00e1ds\u00e1gra k\u00f6telez\u0151dnek el egy, az \u00e9desanyja m\u00e9h\u00e9ben abortusz \u00e1ltali hal\u00e1llal fenyegetett gyermek v\u00e9delm\u00e9ben. Meghallgattuk egyik t\u00e1rsunk tan\u00fas\u00e1gt\u00e9tel\u00e9t, majd Tomanek Ferenc \u00c1ron atya \u00e1ld\u00e1s\u00e1val \u00fcnnep\u00e9lyes \u00edg\u00e9retet, fogadalmat tett\u00fcnk.<\/p>\n\n\n\n<figure class=\"wp-block-gallery has-nested-images columns-default is-cropped wp-block-gallery-4 is-layout-flex wp-block-gallery-is-layout-flex\">\n<figure class=\"wp-block-image size-large\"><img loading=\"lazy\" decoding=\"async\" width=\"1024\" height=\"683\" data-id=\"6935\" src=\"https:\/\/marcali.plebania.hu\/wp-content\/uploads\/2025\/03\/27-1024x683.jpg\" alt=\"\" class=\"wp-image-6935\" srcset=\"https:\/\/marcali.plebania.hu\/wp-content\/uploads\/2025\/03\/27-1024x683.jpg 1024w, https:\/\/marcali.plebania.hu\/wp-content\/uploads\/2025\/03\/27-300x200.jpg 300w, https:\/\/marcali.plebania.hu\/wp-content\/uploads\/2025\/03\/27-768x512.jpg 768w, https:\/\/marcali.plebania.hu\/wp-content\/uploads\/2025\/03\/27-1536x1024.jpg 1536w, https:\/\/marcali.plebania.hu\/wp-content\/uploads\/2025\/03\/27-2048x1365.jpg 2048w, https:\/\/marcali.plebania.hu\/wp-content\/uploads\/2025\/03\/27-405x270.jpg 405w\" sizes=\"auto, (max-width: 1024px) 100vw, 1024px\" \/><\/figure>\n\n\n\n<figure class=\"wp-block-image size-large\"><img loading=\"lazy\" decoding=\"async\" width=\"1024\" height=\"683\" data-id=\"6936\" src=\"https:\/\/marcali.plebania.hu\/wp-content\/uploads\/2025\/03\/28-1-1024x683.jpg\" alt=\"\" class=\"wp-image-6936\" srcset=\"https:\/\/marcali.plebania.hu\/wp-content\/uploads\/2025\/03\/28-1-1024x683.jpg 1024w, https:\/\/marcali.plebania.hu\/wp-content\/uploads\/2025\/03\/28-1-300x200.jpg 300w, https:\/\/marcali.plebania.hu\/wp-content\/uploads\/2025\/03\/28-1-768x512.jpg 768w, https:\/\/marcali.plebania.hu\/wp-content\/uploads\/2025\/03\/28-1-1536x1024.jpg 1536w, https:\/\/marcali.plebania.hu\/wp-content\/uploads\/2025\/03\/28-1-2048x1365.jpg 2048w, https:\/\/marcali.plebania.hu\/wp-content\/uploads\/2025\/03\/28-1-405x270.jpg 405w\" sizes=\"auto, (max-width: 1024px) 100vw, 1024px\" \/><\/figure>\n\n\n\n<figure class=\"wp-block-image size-large\"><img loading=\"lazy\" decoding=\"async\" width=\"1024\" height=\"683\" data-id=\"6939\" src=\"https:\/\/marcali.plebania.hu\/wp-content\/uploads\/2025\/03\/26-1024x683.jpg\" alt=\"\" class=\"wp-image-6939\" srcset=\"https:\/\/marcali.plebania.hu\/wp-content\/uploads\/2025\/03\/26-1024x683.jpg 1024w, https:\/\/marcali.plebania.hu\/wp-content\/uploads\/2025\/03\/26-300x200.jpg 300w, https:\/\/marcali.plebania.hu\/wp-content\/uploads\/2025\/03\/26-768x512.jpg 768w, https:\/\/marcali.plebania.hu\/wp-content\/uploads\/2025\/03\/26-1536x1024.jpg 1536w, https:\/\/marcali.plebania.hu\/wp-content\/uploads\/2025\/03\/26-2048x1365.jpg 2048w, https:\/\/marcali.plebania.hu\/wp-content\/uploads\/2025\/03\/26-405x270.jpg 405w\" sizes=\"auto, (max-width: 1024px) 100vw, 1024px\" \/><\/figure>\n\n\n\n<figure class=\"wp-block-image size-large\"><img loading=\"lazy\" decoding=\"async\" width=\"1024\" height=\"683\" data-id=\"6938\" src=\"https:\/\/marcali.plebania.hu\/wp-content\/uploads\/2025\/03\/29-1-1024x683.jpg\" alt=\"\" class=\"wp-image-6938\" srcset=\"https:\/\/marcali.plebania.hu\/wp-content\/uploads\/2025\/03\/29-1-1024x683.jpg 1024w, https:\/\/marcali.plebania.hu\/wp-content\/uploads\/2025\/03\/29-1-300x200.jpg 300w, https:\/\/marcali.plebania.hu\/wp-content\/uploads\/2025\/03\/29-1-768x512.jpg 768w, https:\/\/marcali.plebania.hu\/wp-content\/uploads\/2025\/03\/29-1-1536x1024.jpg 1536w, https:\/\/marcali.plebania.hu\/wp-content\/uploads\/2025\/03\/29-1-2048x1365.jpg 2048w, https:\/\/marcali.plebania.hu\/wp-content\/uploads\/2025\/03\/29-1-405x270.jpg 405w\" sizes=\"auto, (max-width: 1024px) 100vw, 1024px\" \/><\/figure>\n<\/figure>\n\n\n\n<p>Nagyon meghitt pillanatokkal teli, sz\u00e9p nap volt!<\/p>\n\n\n\n<p>\u00cdrta: G\u00e1ln\u00e9 V\u00e9gh Edit\/K\u00c9SZ Marcali Csoport<\/p>\n\n\n\n<p>Fot\u00f3k: Kiss K\u00e1lm\u00e1n<\/p>\n","protected":false},"excerpt":{"rendered":"<p>2025. m\u00e1rcius 25-\u00e9n \u2013 imm\u00e1r 3. alkalommal \u2013 csatlakozott pl\u00e9b\u00e1ni\u00e1nk K\u00c9SZ csoportja is az orsz\u00e1gos imal\u00e1nchoz. 16.30 \u00e9s 17.30 k\u00f6z\u00f6tt meg\u00e1ll\u00e1s n\u00e9lk\u00fcl Sz\u0171z M\u00e1ri\u00e1hoz im\u00e1dkoztunk, k\u00e9rve k\u00f6zbenj\u00e1r\u00e1s\u00e1t a megfogant \u00e9let\u00e9k\u00e9rt. A Kereszt\u00e9ny \u00c9rtelmis\u00e9giek Sz\u00f6vets\u00e9g\u00e9nek felh\u00edv\u00e1s\u00e1hoz csatlakozott a \u201e40 nap az \u00e9let\u00e9rt\u201d \u00e9letp\u00e1rti kamp\u00e1ny, amelynek c\u00e9lja, hogy az ima, a b\u00f6jt \u00e9s a b\u00e9k\u00e9s jelenl\u00e9t r\u00e9v\u00e9n felh\u00edvja a figyelmet arra, hogy k\u00f6z\u00f6s \u00fcgy\u00fcnk az emberi \u00e9let v\u00e9delme a fogantat\u00e1st\u00f3l a term\u00e9szetes hal\u00e1lig. A 40 napos \u2013 napi 12 vagy 24 \u00f3r\u00e1s&#8230;<\/p>\n<p class=\"read-more\"><a class=\"btn btn-default\" href=\"https:\/\/marcali.plebania.hu\/?p=6916\"> Read More<span class=\"screen-reader-text\">  Read More<\/span><\/a><\/p>\n","protected":false},"author":2,"featured_media":0,"comment_status":"closed","ping_status":"open","sticky":false,"template":"","format":"standard","meta":{"footnotes":""},"categories":[1],"tags":[],"class_list":["post-6916","post","type-post","status-publish","format-standard","hentry","category-egyeb"],"_links":{"self":[{"href":"https:\/\/marcali.plebania.hu\/index.php?rest_route=\/wp\/v2\/posts\/6916","targetHints":{"allow":["GET"]}}],"collection":[{"href":"https:\/\/marcali.plebania.hu\/index.php?rest_route=\/wp\/v2\/posts"}],"about":[{"href":"https:\/\/marcali.plebania.hu\/index.php?rest_route=\/wp\/v2\/types\/post"}],"author":[{"embeddable":true,"href":"https:\/\/marcali.plebania.hu\/index.php?rest_route=\/wp\/v2\/users\/2"}],"replies":[{"embeddable":true,"href":"https:\/\/marcali.plebania.hu\/index.php?rest_route=%2Fwp%2Fv2%2Fcomments&post=6916"}],"version-history":[{"count":1,"href":"https:\/\/marcali.plebania.hu\/index.php?rest_route=\/wp\/v2\/posts\/6916\/revisions"}],"predecessor-version":[{"id":6940,"href":"https:\/\/marcali.plebania.hu\/index.php?rest_route=\/wp\/v2\/posts\/6916\/revisions\/6940"}],"wp:attachment":[{"href":"https:\/\/marcali.plebania.hu\/index.php?rest_route=%2Fwp%2Fv2%2Fmedia&parent=6916"}],"wp:term":[{"taxonomy":"category","embeddable":true,"href":"https:\/\/marcali.plebania.hu\/index.php?rest_route=%2Fwp%2Fv2%2Fcategories&post=6916"},{"taxonomy":"post_tag","embeddable":true,"href":"https:\/\/marcali.plebania.hu\/index.php?rest_route=%2Fwp%2Fv2%2Ftags&post=6916"}],"curies":[{"name":"wp","href":"https:\/\/api.w.org\/{rel}","templated":true}]}}