{"id":6945,"date":"2025-03-29T10:21:56","date_gmt":"2025-03-29T10:21:56","guid":{"rendered":"https:\/\/marcali.plebania.hu\/?p=6945"},"modified":"2025-03-29T10:21:56","modified_gmt":"2025-03-29T10:21:56","slug":"ministrans-talalkozo-templomunk-bucsuja-alkalmabol","status":"publish","type":"post","link":"https:\/\/marcali.plebania.hu\/?p=6945","title":{"rendered":"Ministr\u00e1ns-tal\u00e1lkoz\u00f3 templomunk b\u00facs\u00faja alkalm\u00e1b\u00f3l"},"content":{"rendered":"\n<p>M\u00e1rcius 22-\u00e9n ker\u00fclt megrendez\u00e9sre az idei m\u00e1sodik ministr\u00e1ns-foglalkoz\u00e1s. A program keretein bel\u00fcl a gyerekek megismerkedtek a templomb\u00facs\u00faval, mivel lassan k\u00f6zeledik Gy\u00fcm\u00f6lcsolt\u00f3 Boldogasszony \u00fcnnepe. A d\u00e9lel\u0151tt sor\u00e1n a ministr\u00e1nsok angyalok b\u0151r\u00e9be b\u00fajhattak a templomban, melynek l\u00e9nyege az volt, hogy belek\u00e9pzelj\u00e9k magukat az esem\u00e9nybe, mikor M\u00e1ria megtudta az \u00f6r\u00f6mh\u00edrt G\u00e1briel arkangyalt\u00f3l. <\/p>\n\n\n\n<figure class=\"wp-block-gallery has-nested-images columns-default is-cropped wp-block-gallery-1 is-layout-flex wp-block-gallery-is-layout-flex\">\n<figure class=\"wp-block-image size-large\"><img loading=\"lazy\" decoding=\"async\" width=\"1024\" height=\"768\" data-id=\"6946\" src=\"https:\/\/marcali.plebania.hu\/wp-content\/uploads\/2025\/03\/01-1-1024x768.jpg\" alt=\"\" class=\"wp-image-6946\" srcset=\"https:\/\/marcali.plebania.hu\/wp-content\/uploads\/2025\/03\/01-1-1024x768.jpg 1024w, https:\/\/marcali.plebania.hu\/wp-content\/uploads\/2025\/03\/01-1-300x225.jpg 300w, https:\/\/marcali.plebania.hu\/wp-content\/uploads\/2025\/03\/01-1-768x576.jpg 768w, https:\/\/marcali.plebania.hu\/wp-content\/uploads\/2025\/03\/01-1-1536x1152.jpg 1536w, https:\/\/marcali.plebania.hu\/wp-content\/uploads\/2025\/03\/01-1-360x270.jpg 360w, https:\/\/marcali.plebania.hu\/wp-content\/uploads\/2025\/03\/01-1.jpg 2048w\" sizes=\"auto, (max-width: 1024px) 100vw, 1024px\" \/><\/figure>\n\n\n\n<figure class=\"wp-block-image size-large\"><img loading=\"lazy\" decoding=\"async\" width=\"1024\" height=\"768\" data-id=\"6947\" src=\"https:\/\/marcali.plebania.hu\/wp-content\/uploads\/2025\/03\/02-1-1024x768.jpg\" alt=\"\" class=\"wp-image-6947\" srcset=\"https:\/\/marcali.plebania.hu\/wp-content\/uploads\/2025\/03\/02-1-1024x768.jpg 1024w, https:\/\/marcali.plebania.hu\/wp-content\/uploads\/2025\/03\/02-1-300x225.jpg 300w, https:\/\/marcali.plebania.hu\/wp-content\/uploads\/2025\/03\/02-1-768x576.jpg 768w, https:\/\/marcali.plebania.hu\/wp-content\/uploads\/2025\/03\/02-1-1536x1152.jpg 1536w, https:\/\/marcali.plebania.hu\/wp-content\/uploads\/2025\/03\/02-1-360x270.jpg 360w, https:\/\/marcali.plebania.hu\/wp-content\/uploads\/2025\/03\/02-1.jpg 2048w\" sizes=\"auto, (max-width: 1024px) 100vw, 1024px\" \/><\/figure>\n<\/figure>\n\n\n\n<p>Ezek ut\u00e1n a pl\u00e9b\u00e1ni\u00e1n egy kis s\u00fctiz\u00e9s \u00e9s gy\u00fcm\u00f6lcs\u00f6z\u00e9s ut\u00e1n egy kis h\u00e1zi olt\u00e1rt alkothattak. Ennek keretein bel\u00fcl r\u00f3zsaf\u0171z\u00e9rt vagy m\u00e9cses tart\u00f3t csin\u00e1lhattak, de volt olyan, aki mind a kett\u0151t elk\u00e9sz\u00edtette. Az olt\u00e1r r\u00e9sze volt egy kis kend\u0151 \u00e9s M\u00e1ria-k\u00e9p is, melyet a program v\u00e9g\u00e9n Ferenc atya meg\u00e1ldott. A d\u00e9lel\u0151tt vill\u00e1mgyorsan elszaladt, nagyon j\u00f3 hangulatban telt \u00e9s \u00f6r\u00f6m volt hallgatni a csacsog\u00f3 besz\u00e9lget\u00e9st a munka alatt.<\/p>\n\n\n\n<figure class=\"wp-block-gallery has-nested-images columns-default is-cropped wp-block-gallery-2 is-layout-flex wp-block-gallery-is-layout-flex\">\n<figure class=\"wp-block-image size-large\"><img loading=\"lazy\" decoding=\"async\" width=\"768\" height=\"1024\" data-id=\"6949\" src=\"https:\/\/marcali.plebania.hu\/wp-content\/uploads\/2025\/03\/03-1-768x1024.jpg\" alt=\"\" class=\"wp-image-6949\" srcset=\"https:\/\/marcali.plebania.hu\/wp-content\/uploads\/2025\/03\/03-1-768x1024.jpg 768w, https:\/\/marcali.plebania.hu\/wp-content\/uploads\/2025\/03\/03-1-225x300.jpg 225w, https:\/\/marcali.plebania.hu\/wp-content\/uploads\/2025\/03\/03-1-1152x1536.jpg 1152w, https:\/\/marcali.plebania.hu\/wp-content\/uploads\/2025\/03\/03-1-203x270.jpg 203w, https:\/\/marcali.plebania.hu\/wp-content\/uploads\/2025\/03\/03-1.jpg 1536w\" sizes=\"auto, (max-width: 768px) 100vw, 768px\" \/><\/figure>\n\n\n\n<figure class=\"wp-block-image size-large\"><img loading=\"lazy\" decoding=\"async\" width=\"1024\" height=\"768\" data-id=\"6950\" src=\"https:\/\/marcali.plebania.hu\/wp-content\/uploads\/2025\/03\/04-2-1024x768.jpg\" alt=\"\" class=\"wp-image-6950\" srcset=\"https:\/\/marcali.plebania.hu\/wp-content\/uploads\/2025\/03\/04-2-1024x768.jpg 1024w, https:\/\/marcali.plebania.hu\/wp-content\/uploads\/2025\/03\/04-2-300x225.jpg 300w, https:\/\/marcali.plebania.hu\/wp-content\/uploads\/2025\/03\/04-2-768x576.jpg 768w, https:\/\/marcali.plebania.hu\/wp-content\/uploads\/2025\/03\/04-2-1536x1152.jpg 1536w, https:\/\/marcali.plebania.hu\/wp-content\/uploads\/2025\/03\/04-2-360x270.jpg 360w, https:\/\/marcali.plebania.hu\/wp-content\/uploads\/2025\/03\/04-2.jpg 2048w\" sizes=\"auto, (max-width: 1024px) 100vw, 1024px\" \/><\/figure>\n\n\n\n<figure class=\"wp-block-image size-large\"><img loading=\"lazy\" decoding=\"async\" width=\"768\" height=\"1024\" data-id=\"6951\" src=\"https:\/\/marcali.plebania.hu\/wp-content\/uploads\/2025\/03\/05-2-768x1024.jpg\" alt=\"\" class=\"wp-image-6951\" srcset=\"https:\/\/marcali.plebania.hu\/wp-content\/uploads\/2025\/03\/05-2-768x1024.jpg 768w, https:\/\/marcali.plebania.hu\/wp-content\/uploads\/2025\/03\/05-2-225x300.jpg 225w, https:\/\/marcali.plebania.hu\/wp-content\/uploads\/2025\/03\/05-2-1152x1536.jpg 1152w, https:\/\/marcali.plebania.hu\/wp-content\/uploads\/2025\/03\/05-2-203x270.jpg 203w, https:\/\/marcali.plebania.hu\/wp-content\/uploads\/2025\/03\/05-2.jpg 1536w\" sizes=\"auto, (max-width: 768px) 100vw, 768px\" \/><\/figure>\n\n\n\n<figure class=\"wp-block-image size-large is-style-default\"><img loading=\"lazy\" decoding=\"async\" width=\"768\" height=\"1024\" data-id=\"6948\" src=\"https:\/\/marcali.plebania.hu\/wp-content\/uploads\/2025\/03\/06-2-768x1024.jpg\" alt=\"\" class=\"wp-image-6948\" srcset=\"https:\/\/marcali.plebania.hu\/wp-content\/uploads\/2025\/03\/06-2-768x1024.jpg 768w, https:\/\/marcali.plebania.hu\/wp-content\/uploads\/2025\/03\/06-2-225x300.jpg 225w, https:\/\/marcali.plebania.hu\/wp-content\/uploads\/2025\/03\/06-2-1152x1536.jpg 1152w, https:\/\/marcali.plebania.hu\/wp-content\/uploads\/2025\/03\/06-2-203x270.jpg 203w, https:\/\/marcali.plebania.hu\/wp-content\/uploads\/2025\/03\/06-2.jpg 1536w\" sizes=\"auto, (max-width: 768px) 100vw, 768px\" \/><\/figure>\n<\/figure>\n\n\n\n<p><\/p>\n\n\n\n<p>\u00cdrta: Pozsonyi Nusi<\/p>\n\n\n\n<p>K\u00f6sz\u00f6nj\u00fck a szervez\u00e9st \u00e9s a r\u00e9szv\u00e9telt!<\/p>\n","protected":false},"excerpt":{"rendered":"<p>M\u00e1rcius 22-\u00e9n ker\u00fclt megrendez\u00e9sre az idei m\u00e1sodik ministr\u00e1ns-foglalkoz\u00e1s. A program keretein bel\u00fcl a gyerekek megismerkedtek a templomb\u00facs\u00faval, mivel lassan k\u00f6zeledik Gy\u00fcm\u00f6lcsolt\u00f3 Boldogasszony \u00fcnnepe. A d\u00e9lel\u0151tt sor\u00e1n a ministr\u00e1nsok angyalok b\u0151r\u00e9be b\u00fajhattak a templomban, melynek l\u00e9nyege az volt, hogy belek\u00e9pzelj\u00e9k magukat az esem\u00e9nybe, mikor M\u00e1ria megtudta az \u00f6r\u00f6mh\u00edrt G\u00e1briel arkangyalt\u00f3l. Ezek ut\u00e1n a pl\u00e9b\u00e1ni\u00e1n egy kis s\u00fctiz\u00e9s \u00e9s gy\u00fcm\u00f6lcs\u00f6z\u00e9s ut\u00e1n egy kis h\u00e1zi olt\u00e1rt alkothattak. Ennek keretein bel\u00fcl r\u00f3zsaf\u0171z\u00e9rt vagy m\u00e9cses tart\u00f3t csin\u00e1lhattak, de volt olyan, aki mind a kett\u0151t elk\u00e9sz\u00edtette&#8230;.<\/p>\n<p class=\"read-more\"><a class=\"btn btn-default\" href=\"https:\/\/marcali.plebania.hu\/?p=6945\"> Read More<span class=\"screen-reader-text\">  Read More<\/span><\/a><\/p>\n","protected":false},"author":1,"featured_media":0,"comment_status":"closed","ping_status":"open","sticky":false,"template":"","format":"standard","meta":{"footnotes":""},"categories":[4],"tags":[],"class_list":["post-6945","post","type-post","status-publish","format-standard","hentry","category-hirek"],"_links":{"self":[{"href":"https:\/\/marcali.plebania.hu\/index.php?rest_route=\/wp\/v2\/posts\/6945","targetHints":{"allow":["GET"]}}],"collection":[{"href":"https:\/\/marcali.plebania.hu\/index.php?rest_route=\/wp\/v2\/posts"}],"about":[{"href":"https:\/\/marcali.plebania.hu\/index.php?rest_route=\/wp\/v2\/types\/post"}],"author":[{"embeddable":true,"href":"https:\/\/marcali.plebania.hu\/index.php?rest_route=\/wp\/v2\/users\/1"}],"replies":[{"embeddable":true,"href":"https:\/\/marcali.plebania.hu\/index.php?rest_route=%2Fwp%2Fv2%2Fcomments&post=6945"}],"version-history":[{"count":1,"href":"https:\/\/marcali.plebania.hu\/index.php?rest_route=\/wp\/v2\/posts\/6945\/revisions"}],"predecessor-version":[{"id":6952,"href":"https:\/\/marcali.plebania.hu\/index.php?rest_route=\/wp\/v2\/posts\/6945\/revisions\/6952"}],"wp:attachment":[{"href":"https:\/\/marcali.plebania.hu\/index.php?rest_route=%2Fwp%2Fv2%2Fmedia&parent=6945"}],"wp:term":[{"taxonomy":"category","embeddable":true,"href":"https:\/\/marcali.plebania.hu\/index.php?rest_route=%2Fwp%2Fv2%2Fcategories&post=6945"},{"taxonomy":"post_tag","embeddable":true,"href":"https:\/\/marcali.plebania.hu\/index.php?rest_route=%2Fwp%2Fv2%2Ftags&post=6945"}],"curies":[{"name":"wp","href":"https:\/\/api.w.org\/{rel}","templated":true}]}}