{"id":6953,"date":"2025-03-29T11:10:07","date_gmt":"2025-03-29T11:10:07","guid":{"rendered":"https:\/\/marcali.plebania.hu\/?p=6953"},"modified":"2025-03-29T11:10:07","modified_gmt":"2025-03-29T11:10:07","slug":"hirdetesek-2025-marcius-30-an","status":"publish","type":"post","link":"https:\/\/marcali.plebania.hu\/?p=6953","title":{"rendered":"Hirdet\u00e9sek 2025. m\u00e1rcius 30-\u00e1n"},"content":{"rendered":"\n<p><span style=\"text-decoration: underline;\"><a href=\"https:\/\/igenaptar.katolikus.hu\/nap\/index.php?holnap=2025-03-30\"><u>Nagyb\u00f6jt 4. vas\u00e1rnapja<\/u> &#8211; L\u00e6tare-vas\u00e1rnap <\/a><\/span><\/p>\n\n\n\n<ol start=\"1\" class=\"wp-block-list\">\n<li>K\u00f6sz\u00f6nj\u00fck a bekapcsol\u00f3d\u00e1st <strong>templomunk b\u00facs\u00faja<\/strong>, Gy\u00fcm\u00f6lcsolt\u00f3 Boldogasszony \u00fcnnepe alkalm\u00e1b\u00f3l meghirdetett pl\u00e9b\u00e1niai programokba: ministr\u00e1ns-tal\u00e1lkoz\u00f3, 100 \u00dcdv\u00f6zl\u00e9gy im\u00e1dkoz\u00e1sa a megfogant \u00e9letek\u00e9rt, b\u00facs\u00fai \u00fcnnepi szentmise dr. Monostori L\u00e1szl\u00f3 aty\u00e1val, Lelki adopt\u00e1l\u00e1s, Tam\u00e1si J\u00f3zsef atya tan\u00fas\u00e1gt\u00e9tele \u00e9s a lelki nap Pohnert D\u00e1vid \u00fajmis\u00e9s aty\u00e1val. K\u00f6sz\u00f6nj\u00fck a szervez\u0151k, seg\u00edt\u0151k munk\u00e1j\u00e1t. Biztatunk mindenkit a k\u00f6z\u00f6ss\u00e9g\u00fcnk \u00fcnnepeibe, programjaiba val\u00f3 bekapcsol\u00f3d\u00e1sra!<\/li>\n\n\n\n<li>Ma fejez\u0151dik be az orsz\u00e1gos <strong>tart\u00f3s\u00e9lelmiszer-gy\u0171jt\u00e9s<\/strong>. K\u00f6sz\u00f6nj\u00fck az adom\u00e1nyokat. A bel\u0151l\u00fck \u00f6ssze\u00e1ll\u00edtott csomagokat karit\u00e1sz csoportunk h\u00fasv\u00e9t el\u0151tt osztja ki a neh\u00e9z sors\u00fa csal\u00e1doknak.<\/li>\n\n\n\n<li>A sekresty\u00e9ben olvashat\u00f3 a <strong>templomi felolvas\u00e1s<\/strong> \u00e1prilisi beoszt\u00e1sa. K\u00e9rj\u00fck, ha valaki nem tud elj\u00f6nni a templomba egy olyan napon, amikor \u0151 olvasna fel, id\u0151ben jelezze ezt. K\u00f6sz\u00f6nj\u00fck a szolg\u00e1latot.<\/li>\n\n\n\n<li>A m\u00falt heti <strong>rejtv\u00e9ny<\/strong> megold\u00e1s\u00e1t k\u00e9rj\u00fck bedobni a \u201eTaKi megold\u00e1sok\u201d felirat\u00fa dobozba.<\/li>\n\n\n\n<li>A <strong>feln\u0151tt hittan \u00e9s szents\u00e9gi felk\u00e9sz\u00edt\u0151 <\/strong>szerd\u00e1n 18:00-kor kezd\u0151dik a pl\u00e9b\u00e1ni\u00e1n.<\/li>\n\n\n\n<li><span style=\"text-decoration: underline;\">P\u00e9nteken<\/span> els\u0151 p\u00e9ntek, 16:45-kor <strong>keresztut<\/strong>at im\u00e1dkozunk a pl\u00e9b\u00e1niatemplomban a pl\u00e9b\u00e1niai karit\u00e1sz csoport vezet\u00e9s\u00e9vel.<\/li>\n\n\n\n<li>A kaposv\u00e1ri Cappuccini k\u00f3rus, Szili Zolt\u00e1n karnagy vezet\u00e9s\u00e9vel <strong>nagyb\u00f6jti \u00e1h\u00edtat<\/strong>ot tart templomunkban <span style=\"text-decoration: underline;\">szombaton<\/span> 16:30-t\u00f3l, majd az esti szentmis\u00e9n is \u00e9nekel.<\/li>\n\n\n\n<li>A templom h\u00fasv\u00e9ti d\u00edsz\u00edt\u00e9s\u00e9re sz\u00e1nt vir\u00e1gp\u00e9nzt k\u00e9rj\u00fck Rit\u00e1nak adni a sekresty\u00e9ben. K\u00f6sz\u00f6nj\u00fck.<\/li>\n\n\n\n<li>A j\u00f6v\u0151 <span style=\"text-decoration: underline;\">vas\u00e1rnap<\/span>i perselyadom\u00e1nyt a Szentf\u00f6ld jav\u00e1ra tov\u00e1bb\u00edtjuk.<\/li>\n<\/ol>\n\n\n\n<hr class=\"wp-block-separator has-alpha-channel-opacity\"\/>\n\n\n\n<figure class=\"wp-block-image size-large\"><img loading=\"lazy\" decoding=\"async\" width=\"1024\" height=\"691\" src=\"https:\/\/marcali.plebania.hu\/wp-content\/uploads\/2025\/03\/250330-1024x691.png\" alt=\"\" class=\"wp-image-6955\" srcset=\"https:\/\/marcali.plebania.hu\/wp-content\/uploads\/2025\/03\/250330-1024x691.png 1024w, https:\/\/marcali.plebania.hu\/wp-content\/uploads\/2025\/03\/250330-300x202.png 300w, https:\/\/marcali.plebania.hu\/wp-content\/uploads\/2025\/03\/250330-768x518.png 768w, https:\/\/marcali.plebania.hu\/wp-content\/uploads\/2025\/03\/250330-1536x1036.png 1536w, https:\/\/marcali.plebania.hu\/wp-content\/uploads\/2025\/03\/250330-400x270.png 400w, https:\/\/marcali.plebania.hu\/wp-content\/uploads\/2025\/03\/250330.png 1551w\" sizes=\"auto, (max-width: 1024px) 100vw, 1024px\" \/><\/figure>\n\n\n\n<hr class=\"wp-block-separator has-alpha-channel-opacity\"\/>\n\n\n<div class=\"wp-block-image\">\n<figure class=\"aligncenter size-large\"><img loading=\"lazy\" decoding=\"async\" width=\"724\" height=\"1024\" src=\"https:\/\/marcali.plebania.hu\/wp-content\/uploads\/2025\/03\/Cappuccini-724x1024.jpg\" alt=\"\" class=\"wp-image-6877\" srcset=\"https:\/\/marcali.plebania.hu\/wp-content\/uploads\/2025\/03\/Cappuccini-724x1024.jpg 724w, https:\/\/marcali.plebania.hu\/wp-content\/uploads\/2025\/03\/Cappuccini-212x300.jpg 212w, https:\/\/marcali.plebania.hu\/wp-content\/uploads\/2025\/03\/Cappuccini-768x1086.jpg 768w, https:\/\/marcali.plebania.hu\/wp-content\/uploads\/2025\/03\/Cappuccini-1086x1536.jpg 1086w, https:\/\/marcali.plebania.hu\/wp-content\/uploads\/2025\/03\/Cappuccini-191x270.jpg 191w, https:\/\/marcali.plebania.hu\/wp-content\/uploads\/2025\/03\/Cappuccini.jpg 1414w\" sizes=\"auto, (max-width: 724px) 100vw, 724px\" \/><\/figure>\n<\/div>\n\n\n<figure class=\"wp-block-gallery has-nested-images columns-default is-cropped wp-block-gallery-1 is-layout-flex wp-block-gallery-is-layout-flex\">\n<figure class=\"wp-block-image size-large\"><img loading=\"lazy\" decoding=\"async\" width=\"819\" height=\"1024\" data-id=\"6905\" src=\"https:\/\/marcali.plebania.hu\/wp-content\/uploads\/2025\/03\/karitasz-819x1024.jpg\" alt=\"\" class=\"wp-image-6905\" srcset=\"https:\/\/marcali.plebania.hu\/wp-content\/uploads\/2025\/03\/karitasz-819x1024.jpg 819w, https:\/\/marcali.plebania.hu\/wp-content\/uploads\/2025\/03\/karitasz-240x300.jpg 240w, https:\/\/marcali.plebania.hu\/wp-content\/uploads\/2025\/03\/karitasz-768x960.jpg 768w, https:\/\/marcali.plebania.hu\/wp-content\/uploads\/2025\/03\/karitasz-216x270.jpg 216w, https:\/\/marcali.plebania.hu\/wp-content\/uploads\/2025\/03\/karitasz.jpg 1080w\" sizes=\"auto, (max-width: 819px) 100vw, 819px\" \/><\/figure>\n\n\n\n<figure class=\"wp-block-image size-large\"><img loading=\"lazy\" decoding=\"async\" width=\"724\" height=\"1024\" data-id=\"6956\" src=\"https:\/\/marcali.plebania.hu\/wp-content\/uploads\/2025\/03\/Zarandoklat-a-hivatasokert-aprilis-724x1024.jpg\" alt=\"\" class=\"wp-image-6956\" srcset=\"https:\/\/marcali.plebania.hu\/wp-content\/uploads\/2025\/03\/Zarandoklat-a-hivatasokert-aprilis-724x1024.jpg 724w, https:\/\/marcali.plebania.hu\/wp-content\/uploads\/2025\/03\/Zarandoklat-a-hivatasokert-aprilis-212x300.jpg 212w, https:\/\/marcali.plebania.hu\/wp-content\/uploads\/2025\/03\/Zarandoklat-a-hivatasokert-aprilis-768x1086.jpg 768w, https:\/\/marcali.plebania.hu\/wp-content\/uploads\/2025\/03\/Zarandoklat-a-hivatasokert-aprilis-1086x1536.jpg 1086w, https:\/\/marcali.plebania.hu\/wp-content\/uploads\/2025\/03\/Zarandoklat-a-hivatasokert-aprilis-191x270.jpg 191w, https:\/\/marcali.plebania.hu\/wp-content\/uploads\/2025\/03\/Zarandoklat-a-hivatasokert-aprilis.jpg 1414w\" sizes=\"auto, (max-width: 724px) 100vw, 724px\" \/><\/figure>\n<\/figure>\n\n\n\n<p><\/p>\n","protected":false},"excerpt":{"rendered":"<p>Nagyb\u00f6jt 4. vas\u00e1rnapja &#8211; L\u00e6tare-vas\u00e1rnap<\/p>\n","protected":false},"author":1,"featured_media":0,"comment_status":"closed","ping_status":"open","sticky":false,"template":"","format":"standard","meta":{"footnotes":""},"categories":[3],"tags":[],"class_list":["post-6953","post","type-post","status-publish","format-standard","hentry","category-hirdetesek"],"_links":{"self":[{"href":"https:\/\/marcali.plebania.hu\/index.php?rest_route=\/wp\/v2\/posts\/6953","targetHints":{"allow":["GET"]}}],"collection":[{"href":"https:\/\/marcali.plebania.hu\/index.php?rest_route=\/wp\/v2\/posts"}],"about":[{"href":"https:\/\/marcali.plebania.hu\/index.php?rest_route=\/wp\/v2\/types\/post"}],"author":[{"embeddable":true,"href":"https:\/\/marcali.plebania.hu\/index.php?rest_route=\/wp\/v2\/users\/1"}],"replies":[{"embeddable":true,"href":"https:\/\/marcali.plebania.hu\/index.php?rest_route=%2Fwp%2Fv2%2Fcomments&post=6953"}],"version-history":[{"count":2,"href":"https:\/\/marcali.plebania.hu\/index.php?rest_route=\/wp\/v2\/posts\/6953\/revisions"}],"predecessor-version":[{"id":6957,"href":"https:\/\/marcali.plebania.hu\/index.php?rest_route=\/wp\/v2\/posts\/6953\/revisions\/6957"}],"wp:attachment":[{"href":"https:\/\/marcali.plebania.hu\/index.php?rest_route=%2Fwp%2Fv2%2Fmedia&parent=6953"}],"wp:term":[{"taxonomy":"category","embeddable":true,"href":"https:\/\/marcali.plebania.hu\/index.php?rest_route=%2Fwp%2Fv2%2Fcategories&post=6953"},{"taxonomy":"post_tag","embeddable":true,"href":"https:\/\/marcali.plebania.hu\/index.php?rest_route=%2Fwp%2Fv2%2Ftags&post=6953"}],"curies":[{"name":"wp","href":"https:\/\/api.w.org\/{rel}","templated":true}]}}