{"id":6959,"date":"2025-04-01T15:15:33","date_gmt":"2025-04-01T15:15:33","guid":{"rendered":"https:\/\/marcali.plebania.hu\/?p=6959"},"modified":"2025-04-01T15:15:33","modified_gmt":"2025-04-01T15:15:33","slug":"tamasi-jozsef-atya-miert-hiszek-a-joisten-humora-kesz-eloadas-az-x-hazban","status":"publish","type":"post","link":"https:\/\/marcali.plebania.hu\/?p=6959","title":{"rendered":"Tam\u00e1si J\u00f3zsef atya: Mi\u00e9rt hiszek? A J\u00f3isten humora. \u2013 K\u00c9SZ el\u0151ad\u00e1s az X-h\u00e1zban"},"content":{"rendered":"\n<p>2025. m\u00e1rcius 27-\u00e9n, cs\u00fct\u00f6rt\u00f6k\u00f6n 17.30 \u00f3rakor Tam\u00e1si J\u00f3zsef nyugalmazott pl\u00e9b\u00e1nos \u00e9s Tomanek Ferenc \u00c1ron marcali pl\u00e9b\u00e1nos celebr\u00e1lt \u00fcnnepi szentmis\u00e9t a Gy\u00fcm\u00f6lcsolt\u00f3 Boldogasszony Pl\u00e9b\u00e1niatemplomban, majd a vend\u00e9g atya aranymis\u00e9s \u00e1ld\u00e1st adott a jelenl\u00e9v\u0151kre.<\/p>\n\n\n\n<figure class=\"wp-block-gallery has-nested-images columns-default is-cropped wp-block-gallery-1 is-layout-flex wp-block-gallery-is-layout-flex\">\n<figure class=\"wp-block-image size-large\"><img loading=\"lazy\" decoding=\"async\" width=\"1024\" height=\"683\" data-id=\"6960\" src=\"https:\/\/marcali.plebania.hu\/wp-content\/uploads\/2025\/04\/01-1024x683.jpg\" alt=\"\" class=\"wp-image-6960\" srcset=\"https:\/\/marcali.plebania.hu\/wp-content\/uploads\/2025\/04\/01-1024x683.jpg 1024w, https:\/\/marcali.plebania.hu\/wp-content\/uploads\/2025\/04\/01-300x200.jpg 300w, https:\/\/marcali.plebania.hu\/wp-content\/uploads\/2025\/04\/01-768x512.jpg 768w, https:\/\/marcali.plebania.hu\/wp-content\/uploads\/2025\/04\/01-1536x1024.jpg 1536w, https:\/\/marcali.plebania.hu\/wp-content\/uploads\/2025\/04\/01-2048x1365.jpg 2048w, https:\/\/marcali.plebania.hu\/wp-content\/uploads\/2025\/04\/01-405x270.jpg 405w\" sizes=\"auto, (max-width: 1024px) 100vw, 1024px\" \/><\/figure>\n\n\n\n<figure class=\"wp-block-image size-large\"><img loading=\"lazy\" decoding=\"async\" width=\"1024\" height=\"683\" data-id=\"6961\" src=\"https:\/\/marcali.plebania.hu\/wp-content\/uploads\/2025\/04\/02-1024x683.jpg\" alt=\"\" class=\"wp-image-6961\" srcset=\"https:\/\/marcali.plebania.hu\/wp-content\/uploads\/2025\/04\/02-1024x683.jpg 1024w, https:\/\/marcali.plebania.hu\/wp-content\/uploads\/2025\/04\/02-300x200.jpg 300w, https:\/\/marcali.plebania.hu\/wp-content\/uploads\/2025\/04\/02-768x512.jpg 768w, https:\/\/marcali.plebania.hu\/wp-content\/uploads\/2025\/04\/02-1536x1024.jpg 1536w, https:\/\/marcali.plebania.hu\/wp-content\/uploads\/2025\/04\/02-2048x1365.jpg 2048w, https:\/\/marcali.plebania.hu\/wp-content\/uploads\/2025\/04\/02-405x270.jpg 405w\" sizes=\"auto, (max-width: 1024px) 100vw, 1024px\" \/><\/figure>\n\n\n\n<figure class=\"wp-block-image size-large\"><img loading=\"lazy\" decoding=\"async\" width=\"1024\" height=\"683\" data-id=\"6962\" src=\"https:\/\/marcali.plebania.hu\/wp-content\/uploads\/2025\/04\/03-1024x683.jpg\" alt=\"\" class=\"wp-image-6962\" srcset=\"https:\/\/marcali.plebania.hu\/wp-content\/uploads\/2025\/04\/03-1024x683.jpg 1024w, https:\/\/marcali.plebania.hu\/wp-content\/uploads\/2025\/04\/03-300x200.jpg 300w, https:\/\/marcali.plebania.hu\/wp-content\/uploads\/2025\/04\/03-768x512.jpg 768w, https:\/\/marcali.plebania.hu\/wp-content\/uploads\/2025\/04\/03-1536x1024.jpg 1536w, https:\/\/marcali.plebania.hu\/wp-content\/uploads\/2025\/04\/03-2048x1365.jpg 2048w, https:\/\/marcali.plebania.hu\/wp-content\/uploads\/2025\/04\/03-405x270.jpg 405w\" sizes=\"auto, (max-width: 1024px) 100vw, 1024px\" \/><\/figure>\n\n\n\n<figure class=\"wp-block-image size-large\"><img loading=\"lazy\" decoding=\"async\" width=\"1024\" height=\"683\" data-id=\"6963\" src=\"https:\/\/marcali.plebania.hu\/wp-content\/uploads\/2025\/04\/04-1024x683.jpg\" alt=\"\" class=\"wp-image-6963\" srcset=\"https:\/\/marcali.plebania.hu\/wp-content\/uploads\/2025\/04\/04-1024x683.jpg 1024w, https:\/\/marcali.plebania.hu\/wp-content\/uploads\/2025\/04\/04-300x200.jpg 300w, https:\/\/marcali.plebania.hu\/wp-content\/uploads\/2025\/04\/04-768x512.jpg 768w, https:\/\/marcali.plebania.hu\/wp-content\/uploads\/2025\/04\/04-1536x1024.jpg 1536w, https:\/\/marcali.plebania.hu\/wp-content\/uploads\/2025\/04\/04-2048x1365.jpg 2048w, https:\/\/marcali.plebania.hu\/wp-content\/uploads\/2025\/04\/04-405x270.jpg 405w\" sizes=\"auto, (max-width: 1024px) 100vw, 1024px\" \/><\/figure>\n<\/figure>\n\n\n\n<p>Az istentisztelet ut\u00e1n 18.15 \u00f3r\u00e1t\u00f3l \u201eMi\u00e9rt hiszek? A J\u00f3isten humora.\u201d c\u00edmmel tan\u00fas\u00e1gtev\u0151 el\u0151ad\u00e1st tartott Tam\u00e1si J\u00f3zsef az egyh\u00e1zk\u00f6zs\u00e9g k\u00f6z\u00f6ss\u00e9gi h\u00e1z\u00e1ban (X-h\u00e1z, D\u00f3zsa u. 3.). A r\u00e9sztvev\u0151ket \u00e9s a katolikus m\u00e9di\u00e1b\u00f3l k\u00f6zismert vend\u00e9get el\u0151sz\u00f6r Kiss K\u00e1lm\u00e1n, a K\u00c9SZ helyi csoportj\u00e1nak eln\u00f6ke k\u00f6sz\u00f6nt\u00f6tte, majd pedig Molik Edit, az el\u0151ad\u00e1s-sorozat \u00f6tletgazd\u00e1ja \u00e9s f\u0151 szervez\u0151je mutatta be a templom\u00e9p\u00edt\u0151 lelkip\u00e1sztort.<\/p>\n\n\n\n<figure class=\"wp-block-gallery has-nested-images columns-default is-cropped wp-block-gallery-2 is-layout-flex wp-block-gallery-is-layout-flex\">\n<figure class=\"wp-block-image size-large\"><img loading=\"lazy\" decoding=\"async\" width=\"1024\" height=\"683\" data-id=\"6964\" src=\"https:\/\/marcali.plebania.hu\/wp-content\/uploads\/2025\/04\/06-1024x683.jpg\" alt=\"\" class=\"wp-image-6964\" srcset=\"https:\/\/marcali.plebania.hu\/wp-content\/uploads\/2025\/04\/06-1024x683.jpg 1024w, https:\/\/marcali.plebania.hu\/wp-content\/uploads\/2025\/04\/06-300x200.jpg 300w, https:\/\/marcali.plebania.hu\/wp-content\/uploads\/2025\/04\/06-768x512.jpg 768w, https:\/\/marcali.plebania.hu\/wp-content\/uploads\/2025\/04\/06-1536x1024.jpg 1536w, https:\/\/marcali.plebania.hu\/wp-content\/uploads\/2025\/04\/06-2048x1365.jpg 2048w, https:\/\/marcali.plebania.hu\/wp-content\/uploads\/2025\/04\/06-405x270.jpg 405w\" sizes=\"auto, (max-width: 1024px) 100vw, 1024px\" \/><\/figure>\n\n\n\n<figure class=\"wp-block-image size-large\"><img loading=\"lazy\" decoding=\"async\" width=\"1024\" height=\"683\" data-id=\"6965\" src=\"https:\/\/marcali.plebania.hu\/wp-content\/uploads\/2025\/04\/07-1024x683.jpg\" alt=\"\" class=\"wp-image-6965\" srcset=\"https:\/\/marcali.plebania.hu\/wp-content\/uploads\/2025\/04\/07-1024x683.jpg 1024w, https:\/\/marcali.plebania.hu\/wp-content\/uploads\/2025\/04\/07-300x200.jpg 300w, https:\/\/marcali.plebania.hu\/wp-content\/uploads\/2025\/04\/07-768x512.jpg 768w, https:\/\/marcali.plebania.hu\/wp-content\/uploads\/2025\/04\/07-1536x1024.jpg 1536w, https:\/\/marcali.plebania.hu\/wp-content\/uploads\/2025\/04\/07-2048x1365.jpg 2048w, https:\/\/marcali.plebania.hu\/wp-content\/uploads\/2025\/04\/07-405x270.jpg 405w\" sizes=\"auto, (max-width: 1024px) 100vw, 1024px\" \/><\/figure>\n\n\n\n<figure class=\"wp-block-image size-large\"><img loading=\"lazy\" decoding=\"async\" width=\"1024\" height=\"683\" data-id=\"6967\" src=\"https:\/\/marcali.plebania.hu\/wp-content\/uploads\/2025\/04\/08-1024x683.jpg\" alt=\"\" class=\"wp-image-6967\" srcset=\"https:\/\/marcali.plebania.hu\/wp-content\/uploads\/2025\/04\/08-1024x683.jpg 1024w, https:\/\/marcali.plebania.hu\/wp-content\/uploads\/2025\/04\/08-300x200.jpg 300w, https:\/\/marcali.plebania.hu\/wp-content\/uploads\/2025\/04\/08-768x512.jpg 768w, https:\/\/marcali.plebania.hu\/wp-content\/uploads\/2025\/04\/08-1536x1024.jpg 1536w, https:\/\/marcali.plebania.hu\/wp-content\/uploads\/2025\/04\/08-2048x1365.jpg 2048w, https:\/\/marcali.plebania.hu\/wp-content\/uploads\/2025\/04\/08-405x270.jpg 405w\" sizes=\"auto, (max-width: 1024px) 100vw, 1024px\" \/><\/figure>\n\n\n\n<figure class=\"wp-block-image size-large\"><img loading=\"lazy\" decoding=\"async\" width=\"1024\" height=\"683\" data-id=\"6966\" src=\"https:\/\/marcali.plebania.hu\/wp-content\/uploads\/2025\/04\/05-1024x683.jpg\" alt=\"\" class=\"wp-image-6966\" srcset=\"https:\/\/marcali.plebania.hu\/wp-content\/uploads\/2025\/04\/05-1024x683.jpg 1024w, https:\/\/marcali.plebania.hu\/wp-content\/uploads\/2025\/04\/05-300x200.jpg 300w, https:\/\/marcali.plebania.hu\/wp-content\/uploads\/2025\/04\/05-768x512.jpg 768w, https:\/\/marcali.plebania.hu\/wp-content\/uploads\/2025\/04\/05-1536x1024.jpg 1536w, https:\/\/marcali.plebania.hu\/wp-content\/uploads\/2025\/04\/05-2048x1365.jpg 2048w, https:\/\/marcali.plebania.hu\/wp-content\/uploads\/2025\/04\/05-405x270.jpg 405w\" sizes=\"auto, (max-width: 1024px) 100vw, 1024px\" \/><\/figure>\n<\/figure>\n\n\n\n<p>Mint elhangzott: Tam\u00e1s J\u00f3zsef negyedik gyermeke volt a sz\u00fcleinek, akik mindent megadtak nekik, amire sz\u00fcks\u00e9g\u00fck volt. Els\u0151sorban a szeretetet, ami abban is megnyilv\u00e1nult, hogy megtanult\u00e1k egym\u00e1st is szeretni. A gy\u00f6kereir\u0151l pedig elmondhatja, hogy csod\u00e1latos sz\u00e9p \u00e9lete volt. \u00c9rzelmekben, lelkiekben, hangulatban nagyon gazdag vil\u00e1gba n\u0151tt bele. Gyermekk\u00e9nt sok minden szeretett volna lenni, p\u00e9ld\u00e1ul: boh\u00f3c, matek-fizika szakos tan\u00e1r, vagy \u00e9p\u00edt\u00e9szm\u00e9rn\u00f6k, v\u00e9g\u00fcl m\u00e9gis a papi hivat\u00e1st v\u00e1lasztotta. Mint humorosan nyilatkozta: \u201eNem volt ugyanis k\u00f6nny\u0171 elhinnem, hogy ilyen nyersanyaggal is tud valamit kezdeni a vil\u00e1got semmib\u0151l faragni tud\u00f3\u2026\u201d V\u00e9g\u00fcl 1974-ben szentelt\u00e9k papp\u00e1. 9 \u00e9vig volt k\u00e1pl\u00e1n: Bercelen, Tiszak\u00e9csk\u00e9n, Soroks\u00e1ron \u00e9s R\u00e1kosszentmih\u00e1lyon. Majd mivel nem volt \u201eel\u00e9g hajl\u00e9kony derek\u00fa\u201d, ez\u00e9rt az akkor m\u00e9g tombol\u00f3 \u00c1llami Egyh\u00e1z\u00fcgyi Hivatal (\u00c1EH) arra \u201ek\u00e9rte\u201d a p\u00fcsp\u00f6k\u00e9t, hogy legyen ugyan v\u00e9gre pl\u00e9b\u00e1nos, de m\u00e9g Pest megy\u00e9n is k\u00edv\u00fcl, s semmik\u00e9ppen nem egy v\u00e1rosban. \u00cdgy azt\u00e1n az akkor legszocialist\u00e1bb megy\u00e9be (Szolnok), a legkem\u00e9nyebb, s legvegyesebb nagyk\u00f6zs\u00e9gben, Tiszaf\u00f6ldv\u00e1ron; illetve az egyetlen, templom n\u00e9lk\u00fcli, lassan v\u00e1ross\u00e1 n\u00f6v\u0151, szocialista fellegv\u00e1ron, Martf\u0171n kezdhette meg a \u201evit\u00e9zked\u00e9s\u00e9t\u201d. Am\u00edg ott volt, addig v\u00e1ross\u00e1 n\u0151tte ki mag\u00e1t mindk\u00e9t telep\u00fcl\u00e9s! (Itt mutatkozott meg Isten humora!) K\u00f6zben hobbij\u00e1nak, az utaz\u00e1s szeretet\u00e9nek is \u00e9lhetett. A zar\u00e1ndokt\u00e1rsakkal, paptestv\u00e9rekkel, bar\u00e1tokkal, testv\u00e9reivel, s\u0151t 2004-ig m\u00e9g a sz\u00fcleivel is eljuthatott \u00f6sszesen 56 orsz\u00e1gba. Ezekr\u0151l az \u00e9lm\u00e9nyeir\u0151l is mindig sz\u00edvesen besz\u00e9l J\u00f3zsef atya.<\/p>\n\n\n\n<figure class=\"wp-block-gallery has-nested-images columns-default is-cropped wp-block-gallery-3 is-layout-flex wp-block-gallery-is-layout-flex\">\n<figure class=\"wp-block-image size-large\"><img loading=\"lazy\" decoding=\"async\" width=\"1024\" height=\"683\" data-id=\"6972\" src=\"https:\/\/marcali.plebania.hu\/wp-content\/uploads\/2025\/04\/11-1024x683.jpg\" alt=\"\" class=\"wp-image-6972\" srcset=\"https:\/\/marcali.plebania.hu\/wp-content\/uploads\/2025\/04\/11-1024x683.jpg 1024w, https:\/\/marcali.plebania.hu\/wp-content\/uploads\/2025\/04\/11-300x200.jpg 300w, https:\/\/marcali.plebania.hu\/wp-content\/uploads\/2025\/04\/11-768x512.jpg 768w, https:\/\/marcali.plebania.hu\/wp-content\/uploads\/2025\/04\/11-1536x1024.jpg 1536w, https:\/\/marcali.plebania.hu\/wp-content\/uploads\/2025\/04\/11-2048x1365.jpg 2048w, https:\/\/marcali.plebania.hu\/wp-content\/uploads\/2025\/04\/11-405x270.jpg 405w\" sizes=\"auto, (max-width: 1024px) 100vw, 1024px\" \/><\/figure>\n\n\n\n<figure class=\"wp-block-image size-large\"><img loading=\"lazy\" decoding=\"async\" width=\"1024\" height=\"683\" data-id=\"6973\" src=\"https:\/\/marcali.plebania.hu\/wp-content\/uploads\/2025\/04\/29-1024x683.jpg\" alt=\"\" class=\"wp-image-6973\" srcset=\"https:\/\/marcali.plebania.hu\/wp-content\/uploads\/2025\/04\/29-1024x683.jpg 1024w, https:\/\/marcali.plebania.hu\/wp-content\/uploads\/2025\/04\/29-300x200.jpg 300w, https:\/\/marcali.plebania.hu\/wp-content\/uploads\/2025\/04\/29-768x512.jpg 768w, https:\/\/marcali.plebania.hu\/wp-content\/uploads\/2025\/04\/29-1536x1024.jpg 1536w, https:\/\/marcali.plebania.hu\/wp-content\/uploads\/2025\/04\/29-2048x1365.jpg 2048w, https:\/\/marcali.plebania.hu\/wp-content\/uploads\/2025\/04\/29-405x270.jpg 405w\" sizes=\"auto, (max-width: 1024px) 100vw, 1024px\" \/><\/figure>\n\n\n\n<figure class=\"wp-block-image size-large\"><img loading=\"lazy\" decoding=\"async\" width=\"1024\" height=\"683\" data-id=\"6970\" src=\"https:\/\/marcali.plebania.hu\/wp-content\/uploads\/2025\/04\/15-1024x683.jpg\" alt=\"\" class=\"wp-image-6970\" srcset=\"https:\/\/marcali.plebania.hu\/wp-content\/uploads\/2025\/04\/15-1024x683.jpg 1024w, https:\/\/marcali.plebania.hu\/wp-content\/uploads\/2025\/04\/15-300x200.jpg 300w, https:\/\/marcali.plebania.hu\/wp-content\/uploads\/2025\/04\/15-768x512.jpg 768w, https:\/\/marcali.plebania.hu\/wp-content\/uploads\/2025\/04\/15-1536x1024.jpg 1536w, https:\/\/marcali.plebania.hu\/wp-content\/uploads\/2025\/04\/15-2048x1365.jpg 2048w, https:\/\/marcali.plebania.hu\/wp-content\/uploads\/2025\/04\/15-405x270.jpg 405w\" sizes=\"auto, (max-width: 1024px) 100vw, 1024px\" \/><\/figure>\n\n\n\n<figure class=\"wp-block-image size-large\"><img loading=\"lazy\" decoding=\"async\" width=\"1024\" height=\"683\" data-id=\"6971\" src=\"https:\/\/marcali.plebania.hu\/wp-content\/uploads\/2025\/04\/14-1024x683.jpg\" alt=\"\" class=\"wp-image-6971\" srcset=\"https:\/\/marcali.plebania.hu\/wp-content\/uploads\/2025\/04\/14-1024x683.jpg 1024w, https:\/\/marcali.plebania.hu\/wp-content\/uploads\/2025\/04\/14-300x200.jpg 300w, https:\/\/marcali.plebania.hu\/wp-content\/uploads\/2025\/04\/14-768x512.jpg 768w, https:\/\/marcali.plebania.hu\/wp-content\/uploads\/2025\/04\/14-1536x1024.jpg 1536w, https:\/\/marcali.plebania.hu\/wp-content\/uploads\/2025\/04\/14-2048x1365.jpg 2048w, https:\/\/marcali.plebania.hu\/wp-content\/uploads\/2025\/04\/14-405x270.jpg 405w\" sizes=\"auto, (max-width: 1024px) 100vw, 1024px\" \/><\/figure>\n<\/figure>\n\n\n\n<p>A Marcali el\u0151ad\u00e1son azonban legf\u0151k\u00e9pp a martf\u0171i templom \u00e9p\u00edt\u00e9si el\u0151zm\u00e9nyeir\u0151l, k\u00f6r\u00fclm\u00e9nyeir\u0151l, kalandos t\u00f6rt\u00e9neteir\u0151l adott egy kis \u00edzel\u00edt\u0151t a r\u00e1 jellemz\u0151 humoros, \u00e9letvid\u00e1m st\u00edlusban. A rendszerv\u00e1lt\u00e1s id\u0151szak\u00e1ban v\u00e1gott bele a templom\u00e9p\u00edt\u00e9si terv\u00e9be, \u00e9s sok neh\u00e9zs\u00e9g k\u00f6zepette siker\u00fclt v\u00e9g\u00fcl megval\u00f3s\u00edtani elk\u00e9pzel\u00e9s\u00e9t. Marosi G\u00e1bor tervezte a templomot. Mivel egy hitetlenked\u0151 v\u00e1rosr\u00f3l volt sz\u00f3, \u00fagy gondolta a pl\u00e9b\u00e1nos, hogy a legjobb lenne Szent Tam\u00e1s apostol a v\u00e9d\u0151szent. Mivel \u0151 is hitetlenkedett, azt\u00e1n amikor megtudta, hogy mi az igazs\u00e1g, akkor leborult J\u00e9zus el\u0151tt: \u201e\u00c9n Uram, \u00e9n Istenem!\u201d \u2013 mondta. Tam\u00e1si J\u00f3zsef elmes\u00e9lte, mik\u00e9nt siker\u00fclt a sz\u00fcks\u00e9ges anyagiakat el\u0151teremtenie az \u00e9p\u00edt\u00e9shez a Gondvisel\u00e9s k\u00f6zrem\u0171k\u00f6d\u00e9s\u00e9vel; s ha \u00e9ppen \u00fagy ad\u00f3dott, akkor lib\u00e1kat, k\u00e9peslapokat, vagy \u00e9ppen vir\u00e1got is \u00e1rult csakhogy elk\u00e9sz\u00fclj\u00f6n a templom.<\/p>\n\n\n\n<p>Az \u00e9p\u00edt\u00e9szm\u00e9rn\u00f6k a Szentf\u00f6ld\u00f6n tal\u00e1lkozott el\u0151sz\u00f6r a Jeruzs\u00e1lemi Kereszttel, Jeruzs\u00e1lem szimb\u00f3lum\u00e1val, az egyenl\u0151 sz\u00e1r\u00fa kereszt n\u00e9gy sark\u00e1ban n\u00e9gy kis kereszt J\u00e9zus \u00f6t seb\u00e9re utalva ezzel. Azokra a sebekre, amelyeket Szent Tam\u00e1s apostol \u00e9rintett meg, amikor leborult. Ez lett a templom alaprajza. Egy igaz\u00e1n rendk\u00edv\u00fcli \u00e9p\u00fclet lett, mert keleties hangulata van.<\/p>\n\n\n\n<p>\u00dagy k\u00e9rte, hogy Tam\u00e1s apostol \u00e9let\u00e9nek k\u00e9t legjelent\u0151sebb helysz\u00edne legyen \u201ebelevar\u00e1zsolva\u201d az \u00e9p\u00fcletbe. Ezek pedig Jeruzs\u00e1lem \u00e9s India, mivel Indi\u00e1ban halt meg az apostol. A pl\u00e9b\u00e1nosnak volt szerencs\u00e9je kijutni Indi\u00e1ba, s\u0151t Szent Tam\u00e1s v\u00e9rtan\u00fas\u00e1g\u00e1nak a helysz\u00edn\u00e9n is mis\u00e9zhetett; m\u00e9g miel\u0151tt a templom\u00e9p\u00edt\u00e9s beindult volna. V\u00e9g\u00fcl siker\u00fclt a martf\u0171i templomi \u00e9letet is beind\u00edtania, \u00e9s nagyon sok kultur\u00e1lis rendezv\u00e9nnyel gazdag\u00edtani a lelki programokat. Ezt k\u00f6vet\u0151en \u00e9rdemei elismer\u00e9sek\u00e9nt p\u00fcsp\u00f6ki tan\u00e1csoss\u00e1 nevezt\u00e9k ki.<\/p>\n\n\n\n<p>Mint fogalmazott: \u201eSiker\u00fclt megtartani a h\u00e1rommaroknyi ny\u00e1jat, tal\u00e1n m\u00e9g n\u00f6velni is l\u00e9tsz\u00e1mot, megmenteni, fel\u00faj\u00edtani az \u00e9p\u00fcleteket, Martf\u0171n templomot \u00e9p\u00edteni stb. E mellett mozgalmas \u00e9letet \u00e9lt\u00fcnk, sok-sok kultur\u00e1lis rendezv\u00e9nnyel, zar\u00e1ndoklattal.\u201d K\u00f6zel 30 \u00e9vnyi tiszaf\u00f6ldv\u00e1ri szolg\u00e1lat ut\u00e1n v\u00e9g\u00fcl 2012-ben Kartalban lett pl\u00e9b\u00e1nos eg\u00e9szen nyug\u00e1llom\u00e1nyba vonul\u00e1s\u00e1ig.<\/p>\n\n\n\n<figure class=\"wp-block-gallery has-nested-images columns-default is-cropped wp-block-gallery-4 is-layout-flex wp-block-gallery-is-layout-flex\">\n<figure class=\"wp-block-image size-large\"><img loading=\"lazy\" decoding=\"async\" width=\"1024\" height=\"683\" data-id=\"6974\" src=\"https:\/\/marcali.plebania.hu\/wp-content\/uploads\/2025\/04\/33-1024x683.jpg\" alt=\"\" class=\"wp-image-6974\" srcset=\"https:\/\/marcali.plebania.hu\/wp-content\/uploads\/2025\/04\/33-1024x683.jpg 1024w, https:\/\/marcali.plebania.hu\/wp-content\/uploads\/2025\/04\/33-300x200.jpg 300w, https:\/\/marcali.plebania.hu\/wp-content\/uploads\/2025\/04\/33-768x512.jpg 768w, https:\/\/marcali.plebania.hu\/wp-content\/uploads\/2025\/04\/33-1536x1024.jpg 1536w, https:\/\/marcali.plebania.hu\/wp-content\/uploads\/2025\/04\/33-2048x1365.jpg 2048w, https:\/\/marcali.plebania.hu\/wp-content\/uploads\/2025\/04\/33-405x270.jpg 405w\" sizes=\"auto, (max-width: 1024px) 100vw, 1024px\" \/><\/figure>\n\n\n\n<figure class=\"wp-block-image size-large\"><img loading=\"lazy\" decoding=\"async\" width=\"1024\" height=\"683\" data-id=\"6977\" src=\"https:\/\/marcali.plebania.hu\/wp-content\/uploads\/2025\/04\/34-1024x683.jpg\" alt=\"\" class=\"wp-image-6977\" srcset=\"https:\/\/marcali.plebania.hu\/wp-content\/uploads\/2025\/04\/34-1024x683.jpg 1024w, https:\/\/marcali.plebania.hu\/wp-content\/uploads\/2025\/04\/34-300x200.jpg 300w, https:\/\/marcali.plebania.hu\/wp-content\/uploads\/2025\/04\/34-768x512.jpg 768w, https:\/\/marcali.plebania.hu\/wp-content\/uploads\/2025\/04\/34-1536x1024.jpg 1536w, https:\/\/marcali.plebania.hu\/wp-content\/uploads\/2025\/04\/34-2048x1365.jpg 2048w, https:\/\/marcali.plebania.hu\/wp-content\/uploads\/2025\/04\/34-405x270.jpg 405w\" sizes=\"auto, (max-width: 1024px) 100vw, 1024px\" \/><\/figure>\n\n\n\n<figure class=\"wp-block-image size-large\"><img loading=\"lazy\" decoding=\"async\" width=\"1024\" height=\"683\" data-id=\"6979\" src=\"https:\/\/marcali.plebania.hu\/wp-content\/uploads\/2025\/04\/37-1024x683.jpg\" alt=\"\" class=\"wp-image-6979\" srcset=\"https:\/\/marcali.plebania.hu\/wp-content\/uploads\/2025\/04\/37-1024x683.jpg 1024w, https:\/\/marcali.plebania.hu\/wp-content\/uploads\/2025\/04\/37-300x200.jpg 300w, https:\/\/marcali.plebania.hu\/wp-content\/uploads\/2025\/04\/37-768x512.jpg 768w, https:\/\/marcali.plebania.hu\/wp-content\/uploads\/2025\/04\/37-1536x1024.jpg 1536w, https:\/\/marcali.plebania.hu\/wp-content\/uploads\/2025\/04\/37-2048x1365.jpg 2048w, https:\/\/marcali.plebania.hu\/wp-content\/uploads\/2025\/04\/37-405x270.jpg 405w\" sizes=\"auto, (max-width: 1024px) 100vw, 1024px\" \/><\/figure>\n\n\n\n<figure class=\"wp-block-image size-large\"><img loading=\"lazy\" decoding=\"async\" width=\"1024\" height=\"683\" data-id=\"6976\" src=\"https:\/\/marcali.plebania.hu\/wp-content\/uploads\/2025\/04\/38-1024x683.jpg\" alt=\"\" class=\"wp-image-6976\" srcset=\"https:\/\/marcali.plebania.hu\/wp-content\/uploads\/2025\/04\/38-1024x683.jpg 1024w, https:\/\/marcali.plebania.hu\/wp-content\/uploads\/2025\/04\/38-300x200.jpg 300w, https:\/\/marcali.plebania.hu\/wp-content\/uploads\/2025\/04\/38-768x512.jpg 768w, https:\/\/marcali.plebania.hu\/wp-content\/uploads\/2025\/04\/38-1536x1024.jpg 1536w, https:\/\/marcali.plebania.hu\/wp-content\/uploads\/2025\/04\/38-2048x1365.jpg 2048w, https:\/\/marcali.plebania.hu\/wp-content\/uploads\/2025\/04\/38-405x270.jpg 405w\" sizes=\"auto, (max-width: 1024px) 100vw, 1024px\" \/><\/figure>\n<\/figure>\n\n\n\n<p>Tam\u00e1si J\u00f3zsef atya munk\u00e1j\u00e1nak egyh\u00e1zi \u00e9rdemeit, a k\u00f6z jav\u00e1t szolg\u00e1l\u00f3 t\u00f6rekv\u00e9seit \u00e9s a k\u00f6zm\u0171vel\u0151d\u00e9s ter\u00e9n v\u00e9gzett kimagasl\u00f3 munk\u00e1j\u00e1t sz\u00e1mos d\u00edjjal ismert\u00e9k el. Martf\u0171n megkapta a Pro Urbe \u00e9s Pro Cultura d\u00edjakat, Szolnokon a Megyei K\u00f6zm\u0171vel\u0151d\u00e9si D\u00edjat. Azt\u00e1n Martf\u0171, Tiszaf\u00f6ldv\u00e1r, \u00e9s sz\u00fcl\u0151v\u00e1rosa, Kunszentmikl\u00f3s d\u00edszpolg\u00e1ra is lett. A 60. sz\u00fclet\u00e9snapj\u00e1n a p\u00fcsp\u00f6k\u00e9t\u0151l vehette \u00e1t a V\u00e1ci Egyh\u00e1zmegye kult\u00far\u00e1j\u00e1\u00e9rt d\u00edjat, illet\u0151leg 2012-ben pedig ap\u00e1ti c\u00edmet kapott.<\/p>\n\n\n\n<p>A vid\u00e1m hangulat\u00fa tan\u00fas\u00e1gtev\u0151 el\u0151ad\u00e1s \u00e9s k\u00f6nyvbemutat\u00f3 ut\u00e1n a Szerz\u0151 \u00f6r\u00f6mmel dedik\u00e1lta a Martf\u0171i Szent Tam\u00e1s templom \u00e9p\u00edt\u00e9si t\u00f6rt\u00e9net\u00e9t bemutat\u00f3 k\u00f6tet\u00e9t.<\/p>\n\n\n\n<p><\/p>\n\n\n\n<p>\u00cdrta \u00e9s fot\u00f3k: K\u00c9SZ Marcali Csoport\/Kiss K\u00e1lm\u00e1n<\/p>\n","protected":false},"excerpt":{"rendered":"<p>2025. m\u00e1rcius 27-\u00e9n, cs\u00fct\u00f6rt\u00f6k\u00f6n 17.30 \u00f3rakor Tam\u00e1si J\u00f3zsef nyugalmazott pl\u00e9b\u00e1nos \u00e9s Tomanek Ferenc \u00c1ron marcali pl\u00e9b\u00e1nos celebr\u00e1lt \u00fcnnepi szentmis\u00e9t a Gy\u00fcm\u00f6lcsolt\u00f3 Boldogasszony Pl\u00e9b\u00e1niatemplomban, majd a vend\u00e9g atya aranymis\u00e9s \u00e1ld\u00e1st adott a jelenl\u00e9v\u0151kre. Az istentisztelet ut\u00e1n 18.15 \u00f3r\u00e1t\u00f3l \u201eMi\u00e9rt hiszek? A J\u00f3isten humora.\u201d c\u00edmmel tan\u00fas\u00e1gtev\u0151 el\u0151ad\u00e1st tartott Tam\u00e1si J\u00f3zsef az egyh\u00e1zk\u00f6zs\u00e9g k\u00f6z\u00f6ss\u00e9gi h\u00e1z\u00e1ban (X-h\u00e1z, D\u00f3zsa u. 3.). A r\u00e9sztvev\u0151ket \u00e9s a katolikus m\u00e9di\u00e1b\u00f3l k\u00f6zismert vend\u00e9get el\u0151sz\u00f6r Kiss K\u00e1lm\u00e1n, a K\u00c9SZ helyi csoportj\u00e1nak eln\u00f6ke k\u00f6sz\u00f6nt\u00f6tte, majd pedig Molik Edit, az el\u0151ad\u00e1s-sorozat \u00f6tletgazd\u00e1ja&#8230;<\/p>\n<p class=\"read-more\"><a class=\"btn btn-default\" href=\"https:\/\/marcali.plebania.hu\/?p=6959\"> Read More<span class=\"screen-reader-text\">  Read More<\/span><\/a><\/p>\n","protected":false},"author":2,"featured_media":0,"comment_status":"closed","ping_status":"open","sticky":false,"template":"","format":"standard","meta":{"footnotes":""},"categories":[1],"tags":[],"class_list":["post-6959","post","type-post","status-publish","format-standard","hentry","category-egyeb"],"_links":{"self":[{"href":"https:\/\/marcali.plebania.hu\/index.php?rest_route=\/wp\/v2\/posts\/6959","targetHints":{"allow":["GET"]}}],"collection":[{"href":"https:\/\/marcali.plebania.hu\/index.php?rest_route=\/wp\/v2\/posts"}],"about":[{"href":"https:\/\/marcali.plebania.hu\/index.php?rest_route=\/wp\/v2\/types\/post"}],"author":[{"embeddable":true,"href":"https:\/\/marcali.plebania.hu\/index.php?rest_route=\/wp\/v2\/users\/2"}],"replies":[{"embeddable":true,"href":"https:\/\/marcali.plebania.hu\/index.php?rest_route=%2Fwp%2Fv2%2Fcomments&post=6959"}],"version-history":[{"count":1,"href":"https:\/\/marcali.plebania.hu\/index.php?rest_route=\/wp\/v2\/posts\/6959\/revisions"}],"predecessor-version":[{"id":6980,"href":"https:\/\/marcali.plebania.hu\/index.php?rest_route=\/wp\/v2\/posts\/6959\/revisions\/6980"}],"wp:attachment":[{"href":"https:\/\/marcali.plebania.hu\/index.php?rest_route=%2Fwp%2Fv2%2Fmedia&parent=6959"}],"wp:term":[{"taxonomy":"category","embeddable":true,"href":"https:\/\/marcali.plebania.hu\/index.php?rest_route=%2Fwp%2Fv2%2Fcategories&post=6959"},{"taxonomy":"post_tag","embeddable":true,"href":"https:\/\/marcali.plebania.hu\/index.php?rest_route=%2Fwp%2Fv2%2Ftags&post=6959"}],"curies":[{"name":"wp","href":"https:\/\/api.w.org\/{rel}","templated":true}]}}