{"id":6981,"date":"2025-04-02T07:32:16","date_gmt":"2025-04-02T07:32:16","guid":{"rendered":"https:\/\/marcali.plebania.hu\/?p=6981"},"modified":"2025-04-02T07:32:16","modified_gmt":"2025-04-02T07:32:16","slug":"2025-evi-nagybojti-lelki-nap-marcaliban","status":"publish","type":"post","link":"https:\/\/marcali.plebania.hu\/?p=6981","title":{"rendered":"2025. \u00e9vi nagyb\u00f6jti Lelki Nap Marcaliban"},"content":{"rendered":"\n<p>2025. m\u00e1rcius 29-\u00e9n, szombaton d\u00e9lut\u00e1n \u2013 a h\u00fasv\u00e9tra val\u00f3 el\u0151k\u00e9sz\u00fclet r\u00e9szek\u00e9nt \u2013 tartott\u00e1k meg a nagyb\u00f6jti Lelki Napot a pl\u00e9b\u00e1ni\u00e1n \u00e9s a Gy\u00fcm\u00f6lcsolt\u00f3 Boldogasszony Pl\u00e9b\u00e1niatemplomban.<\/p>\n\n\n\n<figure class=\"wp-block-gallery has-nested-images columns-default is-cropped wp-block-gallery-1 is-layout-flex wp-block-gallery-is-layout-flex\">\n<figure class=\"wp-block-image size-large\"><img loading=\"lazy\" decoding=\"async\" width=\"1024\" height=\"683\" data-id=\"6983\" src=\"https:\/\/marcali.plebania.hu\/wp-content\/uploads\/2025\/04\/01-1-1024x683.jpg\" alt=\"\" class=\"wp-image-6983\" srcset=\"https:\/\/marcali.plebania.hu\/wp-content\/uploads\/2025\/04\/01-1-1024x683.jpg 1024w, https:\/\/marcali.plebania.hu\/wp-content\/uploads\/2025\/04\/01-1-300x200.jpg 300w, https:\/\/marcali.plebania.hu\/wp-content\/uploads\/2025\/04\/01-1-768x512.jpg 768w, https:\/\/marcali.plebania.hu\/wp-content\/uploads\/2025\/04\/01-1-1536x1024.jpg 1536w, https:\/\/marcali.plebania.hu\/wp-content\/uploads\/2025\/04\/01-1-2048x1365.jpg 2048w, https:\/\/marcali.plebania.hu\/wp-content\/uploads\/2025\/04\/01-1-405x270.jpg 405w\" sizes=\"auto, (max-width: 1024px) 100vw, 1024px\" \/><\/figure>\n\n\n\n<figure class=\"wp-block-image size-large\"><img loading=\"lazy\" decoding=\"async\" width=\"1024\" height=\"683\" data-id=\"6982\" src=\"https:\/\/marcali.plebania.hu\/wp-content\/uploads\/2025\/04\/03-1-1024x683.jpg\" alt=\"\" class=\"wp-image-6982\" srcset=\"https:\/\/marcali.plebania.hu\/wp-content\/uploads\/2025\/04\/03-1-1024x683.jpg 1024w, https:\/\/marcali.plebania.hu\/wp-content\/uploads\/2025\/04\/03-1-300x200.jpg 300w, https:\/\/marcali.plebania.hu\/wp-content\/uploads\/2025\/04\/03-1-768x512.jpg 768w, https:\/\/marcali.plebania.hu\/wp-content\/uploads\/2025\/04\/03-1-1536x1024.jpg 1536w, https:\/\/marcali.plebania.hu\/wp-content\/uploads\/2025\/04\/03-1-2048x1365.jpg 2048w, https:\/\/marcali.plebania.hu\/wp-content\/uploads\/2025\/04\/03-1-405x270.jpg 405w\" sizes=\"auto, (max-width: 1024px) 100vw, 1024px\" \/><\/figure>\n\n\n\n<figure class=\"wp-block-image size-large\"><img loading=\"lazy\" decoding=\"async\" width=\"1024\" height=\"683\" data-id=\"6984\" src=\"https:\/\/marcali.plebania.hu\/wp-content\/uploads\/2025\/04\/02-1-1024x683.jpg\" alt=\"\" class=\"wp-image-6984\" srcset=\"https:\/\/marcali.plebania.hu\/wp-content\/uploads\/2025\/04\/02-1-1024x683.jpg 1024w, https:\/\/marcali.plebania.hu\/wp-content\/uploads\/2025\/04\/02-1-300x200.jpg 300w, https:\/\/marcali.plebania.hu\/wp-content\/uploads\/2025\/04\/02-1-768x512.jpg 768w, https:\/\/marcali.plebania.hu\/wp-content\/uploads\/2025\/04\/02-1-1536x1024.jpg 1536w, https:\/\/marcali.plebania.hu\/wp-content\/uploads\/2025\/04\/02-1-2048x1365.jpg 2048w, https:\/\/marcali.plebania.hu\/wp-content\/uploads\/2025\/04\/02-1-405x270.jpg 405w\" sizes=\"auto, (max-width: 1024px) 100vw, 1024px\" \/><\/figure>\n\n\n\n<figure class=\"wp-block-image size-large\"><img loading=\"lazy\" decoding=\"async\" width=\"1024\" height=\"683\" data-id=\"6985\" src=\"https:\/\/marcali.plebania.hu\/wp-content\/uploads\/2025\/04\/04-1-1024x683.jpg\" alt=\"\" class=\"wp-image-6985\" srcset=\"https:\/\/marcali.plebania.hu\/wp-content\/uploads\/2025\/04\/04-1-1024x683.jpg 1024w, https:\/\/marcali.plebania.hu\/wp-content\/uploads\/2025\/04\/04-1-300x200.jpg 300w, https:\/\/marcali.plebania.hu\/wp-content\/uploads\/2025\/04\/04-1-768x512.jpg 768w, https:\/\/marcali.plebania.hu\/wp-content\/uploads\/2025\/04\/04-1-1536x1024.jpg 1536w, https:\/\/marcali.plebania.hu\/wp-content\/uploads\/2025\/04\/04-1-2048x1365.jpg 2048w, https:\/\/marcali.plebania.hu\/wp-content\/uploads\/2025\/04\/04-1-405x270.jpg 405w\" sizes=\"auto, (max-width: 1024px) 100vw, 1024px\" \/><\/figure>\n<\/figure>\n\n\n\n<p>A program 14 \u00f3rakor kezd\u0151d\u00f6tt a pl\u00e9b\u00e1ni\u00e1n, ahol Pohnert D\u00e1vid nagykanizsai \u00fajmis\u00e9s k\u00e1pl\u00e1n aty\u00e1val lehetett szem\u00e9lyes lelki besz\u00e9lget\u00e9st folytatni \u00e9s a gy\u00f3n\u00e1st is elv\u00e9gezni. Ezut\u00e1n 16 \u00f3r\u00e1t\u00f3l a pl\u00e9b\u00e1nia nagyterm\u00e9ben a vend\u00e9g, a feln\u0151tteknek tartott el\u0151ad\u00e1st az emberek egym\u00e1s k\u00f6zti \u00e9s Istennel val\u00f3 kiengesztel\u0151d\u00e9se t\u00e9m\u00e1j\u00e1ban.<\/p>\n\n\n\n<figure class=\"wp-block-gallery has-nested-images columns-default is-cropped wp-block-gallery-2 is-layout-flex wp-block-gallery-is-layout-flex\">\n<figure class=\"wp-block-image size-large\"><img loading=\"lazy\" decoding=\"async\" width=\"1024\" height=\"683\" data-id=\"6989\" src=\"https:\/\/marcali.plebania.hu\/wp-content\/uploads\/2025\/04\/08-1-1024x683.jpg\" alt=\"\" class=\"wp-image-6989\" srcset=\"https:\/\/marcali.plebania.hu\/wp-content\/uploads\/2025\/04\/08-1-1024x683.jpg 1024w, https:\/\/marcali.plebania.hu\/wp-content\/uploads\/2025\/04\/08-1-300x200.jpg 300w, https:\/\/marcali.plebania.hu\/wp-content\/uploads\/2025\/04\/08-1-768x512.jpg 768w, https:\/\/marcali.plebania.hu\/wp-content\/uploads\/2025\/04\/08-1-1536x1024.jpg 1536w, https:\/\/marcali.plebania.hu\/wp-content\/uploads\/2025\/04\/08-1-2048x1365.jpg 2048w, https:\/\/marcali.plebania.hu\/wp-content\/uploads\/2025\/04\/08-1-405x270.jpg 405w\" sizes=\"auto, (max-width: 1024px) 100vw, 1024px\" \/><\/figure>\n\n\n\n<figure class=\"wp-block-image size-large\"><img loading=\"lazy\" decoding=\"async\" width=\"1024\" height=\"683\" data-id=\"6990\" src=\"https:\/\/marcali.plebania.hu\/wp-content\/uploads\/2025\/04\/15-1-1024x683.jpg\" alt=\"\" class=\"wp-image-6990\" srcset=\"https:\/\/marcali.plebania.hu\/wp-content\/uploads\/2025\/04\/15-1-1024x683.jpg 1024w, https:\/\/marcali.plebania.hu\/wp-content\/uploads\/2025\/04\/15-1-300x200.jpg 300w, https:\/\/marcali.plebania.hu\/wp-content\/uploads\/2025\/04\/15-1-768x512.jpg 768w, https:\/\/marcali.plebania.hu\/wp-content\/uploads\/2025\/04\/15-1-1536x1024.jpg 1536w, https:\/\/marcali.plebania.hu\/wp-content\/uploads\/2025\/04\/15-1-2048x1365.jpg 2048w, https:\/\/marcali.plebania.hu\/wp-content\/uploads\/2025\/04\/15-1-405x270.jpg 405w\" sizes=\"auto, (max-width: 1024px) 100vw, 1024px\" \/><\/figure>\n\n\n\n<figure class=\"wp-block-image size-large\"><img loading=\"lazy\" decoding=\"async\" width=\"1024\" height=\"683\" data-id=\"6988\" src=\"https:\/\/marcali.plebania.hu\/wp-content\/uploads\/2025\/04\/10-1024x683.jpg\" alt=\"\" class=\"wp-image-6988\" srcset=\"https:\/\/marcali.plebania.hu\/wp-content\/uploads\/2025\/04\/10-1024x683.jpg 1024w, https:\/\/marcali.plebania.hu\/wp-content\/uploads\/2025\/04\/10-300x200.jpg 300w, https:\/\/marcali.plebania.hu\/wp-content\/uploads\/2025\/04\/10-768x512.jpg 768w, https:\/\/marcali.plebania.hu\/wp-content\/uploads\/2025\/04\/10-1536x1024.jpg 1536w, https:\/\/marcali.plebania.hu\/wp-content\/uploads\/2025\/04\/10-2048x1365.jpg 2048w, https:\/\/marcali.plebania.hu\/wp-content\/uploads\/2025\/04\/10-405x270.jpg 405w\" sizes=\"auto, (max-width: 1024px) 100vw, 1024px\" \/><\/figure>\n\n\n\n<figure class=\"wp-block-image size-large\"><img loading=\"lazy\" decoding=\"async\" width=\"1024\" height=\"683\" data-id=\"6991\" src=\"https:\/\/marcali.plebania.hu\/wp-content\/uploads\/2025\/04\/18-1024x683.jpg\" alt=\"\" class=\"wp-image-6991\" srcset=\"https:\/\/marcali.plebania.hu\/wp-content\/uploads\/2025\/04\/18-1024x683.jpg 1024w, https:\/\/marcali.plebania.hu\/wp-content\/uploads\/2025\/04\/18-300x200.jpg 300w, https:\/\/marcali.plebania.hu\/wp-content\/uploads\/2025\/04\/18-768x512.jpg 768w, https:\/\/marcali.plebania.hu\/wp-content\/uploads\/2025\/04\/18-1536x1024.jpg 1536w, https:\/\/marcali.plebania.hu\/wp-content\/uploads\/2025\/04\/18-2048x1365.jpg 2048w, https:\/\/marcali.plebania.hu\/wp-content\/uploads\/2025\/04\/18-405x270.jpg 405w\" sizes=\"auto, (max-width: 1024px) 100vw, 1024px\" \/><\/figure>\n<\/figure>\n\n\n\n<p>Ezt k\u00f6vet\u0151en Galambos Ferenc mesztegny\u0151i pl\u00e9b\u00e1nos \u00e9s T\u00f6lgyesi D\u00e1vid somogys\u00e1msoni pl\u00e9b\u00e1niai korm\u00e1nyz\u00f3 k\u00f6zrem\u0171k\u00f6d\u00e9s\u00e9vel mindenki elv\u00e9gezhette a szentgy\u00f3n\u00e1s\u00e1t a pl\u00e9b\u00e1niatemplomban. Majd 17.30 \u00f3rakor Pohnert D\u00e1vid atya \u00e9s Tomanek Ferenc \u00c1ron marcali pl\u00e9b\u00e1nos \u00fcnnepi, lelkigyakorlatos szentmis\u00e9t mutatott be a jelenl\u00e9v\u0151 h\u00edveknek. A pr\u00e9dik\u00e1ci\u00f3 szint\u00e9n a kiengesztel\u0151d\u00e9s fontoss\u00e1g\u00e1t hangs\u00falyozta. Az istentisztelet ut\u00e1n \u00fajmis\u00e9s \u00e1ld\u00e1sban is r\u00e9szes\u00fcltek a megjelentek.<\/p>\n\n\n\n<figure class=\"wp-block-gallery has-nested-images columns-default is-cropped wp-block-gallery-3 is-layout-flex wp-block-gallery-is-layout-flex\">\n<figure class=\"wp-block-image size-large\"><img loading=\"lazy\" decoding=\"async\" width=\"1024\" height=\"683\" data-id=\"6992\" src=\"https:\/\/marcali.plebania.hu\/wp-content\/uploads\/2025\/04\/28-1024x683.jpg\" alt=\"\" class=\"wp-image-6992\" srcset=\"https:\/\/marcali.plebania.hu\/wp-content\/uploads\/2025\/04\/28-1024x683.jpg 1024w, https:\/\/marcali.plebania.hu\/wp-content\/uploads\/2025\/04\/28-300x200.jpg 300w, https:\/\/marcali.plebania.hu\/wp-content\/uploads\/2025\/04\/28-768x512.jpg 768w, https:\/\/marcali.plebania.hu\/wp-content\/uploads\/2025\/04\/28-1536x1024.jpg 1536w, https:\/\/marcali.plebania.hu\/wp-content\/uploads\/2025\/04\/28-2048x1365.jpg 2048w, https:\/\/marcali.plebania.hu\/wp-content\/uploads\/2025\/04\/28-405x270.jpg 405w\" sizes=\"auto, (max-width: 1024px) 100vw, 1024px\" \/><\/figure>\n\n\n\n<figure class=\"wp-block-image size-large\"><img loading=\"lazy\" decoding=\"async\" width=\"1024\" height=\"683\" data-id=\"6993\" src=\"https:\/\/marcali.plebania.hu\/wp-content\/uploads\/2025\/04\/30-1024x683.jpg\" alt=\"\" class=\"wp-image-6993\" srcset=\"https:\/\/marcali.plebania.hu\/wp-content\/uploads\/2025\/04\/30-1024x683.jpg 1024w, https:\/\/marcali.plebania.hu\/wp-content\/uploads\/2025\/04\/30-300x200.jpg 300w, https:\/\/marcali.plebania.hu\/wp-content\/uploads\/2025\/04\/30-768x512.jpg 768w, https:\/\/marcali.plebania.hu\/wp-content\/uploads\/2025\/04\/30-1536x1024.jpg 1536w, https:\/\/marcali.plebania.hu\/wp-content\/uploads\/2025\/04\/30-2048x1365.jpg 2048w, https:\/\/marcali.plebania.hu\/wp-content\/uploads\/2025\/04\/30-405x270.jpg 405w\" sizes=\"auto, (max-width: 1024px) 100vw, 1024px\" \/><\/figure>\n\n\n\n<figure class=\"wp-block-image size-large\"><img loading=\"lazy\" decoding=\"async\" width=\"1024\" height=\"683\" data-id=\"6995\" src=\"https:\/\/marcali.plebania.hu\/wp-content\/uploads\/2025\/04\/31-1024x683.jpg\" alt=\"\" class=\"wp-image-6995\" srcset=\"https:\/\/marcali.plebania.hu\/wp-content\/uploads\/2025\/04\/31-1024x683.jpg 1024w, https:\/\/marcali.plebania.hu\/wp-content\/uploads\/2025\/04\/31-300x200.jpg 300w, https:\/\/marcali.plebania.hu\/wp-content\/uploads\/2025\/04\/31-768x512.jpg 768w, https:\/\/marcali.plebania.hu\/wp-content\/uploads\/2025\/04\/31-1536x1024.jpg 1536w, https:\/\/marcali.plebania.hu\/wp-content\/uploads\/2025\/04\/31-2048x1365.jpg 2048w, https:\/\/marcali.plebania.hu\/wp-content\/uploads\/2025\/04\/31-405x270.jpg 405w\" sizes=\"auto, (max-width: 1024px) 100vw, 1024px\" \/><\/figure>\n\n\n\n<figure class=\"wp-block-image size-large\"><img loading=\"lazy\" decoding=\"async\" width=\"1024\" height=\"683\" data-id=\"6996\" src=\"https:\/\/marcali.plebania.hu\/wp-content\/uploads\/2025\/04\/35-1-1024x683.jpg\" alt=\"\" class=\"wp-image-6996\" srcset=\"https:\/\/marcali.plebania.hu\/wp-content\/uploads\/2025\/04\/35-1-1024x683.jpg 1024w, https:\/\/marcali.plebania.hu\/wp-content\/uploads\/2025\/04\/35-1-300x200.jpg 300w, https:\/\/marcali.plebania.hu\/wp-content\/uploads\/2025\/04\/35-1-768x512.jpg 768w, https:\/\/marcali.plebania.hu\/wp-content\/uploads\/2025\/04\/35-1-1536x1024.jpg 1536w, https:\/\/marcali.plebania.hu\/wp-content\/uploads\/2025\/04\/35-1-2048x1365.jpg 2048w, https:\/\/marcali.plebania.hu\/wp-content\/uploads\/2025\/04\/35-1-405x270.jpg 405w\" sizes=\"auto, (max-width: 1024px) 100vw, 1024px\" \/><\/figure>\n<\/figure>\n\n\n\n<p>\u00cdrta \u00e9s fot\u00f3k: Kiss K\u00e1lm\u00e1n<\/p>\n","protected":false},"excerpt":{"rendered":"<p>2025. m\u00e1rcius 29-\u00e9n, szombaton d\u00e9lut\u00e1n \u2013 a h\u00fasv\u00e9tra val\u00f3 el\u0151k\u00e9sz\u00fclet r\u00e9szek\u00e9nt \u2013 tartott\u00e1k meg a nagyb\u00f6jti Lelki Napot a pl\u00e9b\u00e1ni\u00e1n \u00e9s a Gy\u00fcm\u00f6lcsolt\u00f3 Boldogasszony Pl\u00e9b\u00e1niatemplomban. A program 14 \u00f3rakor kezd\u0151d\u00f6tt a pl\u00e9b\u00e1ni\u00e1n, ahol Pohnert D\u00e1vid nagykanizsai \u00fajmis\u00e9s k\u00e1pl\u00e1n aty\u00e1val lehetett szem\u00e9lyes lelki besz\u00e9lget\u00e9st folytatni \u00e9s a gy\u00f3n\u00e1st is elv\u00e9gezni. Ezut\u00e1n 16 \u00f3r\u00e1t\u00f3l a pl\u00e9b\u00e1nia nagyterm\u00e9ben a vend\u00e9g, a feln\u0151tteknek tartott el\u0151ad\u00e1st az emberek egym\u00e1s k\u00f6zti \u00e9s Istennel val\u00f3 kiengesztel\u0151d\u00e9se t\u00e9m\u00e1j\u00e1ban. Ezt k\u00f6vet\u0151en Galambos Ferenc mesztegny\u0151i pl\u00e9b\u00e1nos \u00e9s T\u00f6lgyesi D\u00e1vid somogys\u00e1msoni&#8230;<\/p>\n<p class=\"read-more\"><a class=\"btn btn-default\" href=\"https:\/\/marcali.plebania.hu\/?p=6981\"> Read More<span class=\"screen-reader-text\">  Read More<\/span><\/a><\/p>\n","protected":false},"author":2,"featured_media":0,"comment_status":"closed","ping_status":"open","sticky":false,"template":"","format":"standard","meta":{"footnotes":""},"categories":[1],"tags":[],"class_list":["post-6981","post","type-post","status-publish","format-standard","hentry","category-egyeb"],"_links":{"self":[{"href":"https:\/\/marcali.plebania.hu\/index.php?rest_route=\/wp\/v2\/posts\/6981","targetHints":{"allow":["GET"]}}],"collection":[{"href":"https:\/\/marcali.plebania.hu\/index.php?rest_route=\/wp\/v2\/posts"}],"about":[{"href":"https:\/\/marcali.plebania.hu\/index.php?rest_route=\/wp\/v2\/types\/post"}],"author":[{"embeddable":true,"href":"https:\/\/marcali.plebania.hu\/index.php?rest_route=\/wp\/v2\/users\/2"}],"replies":[{"embeddable":true,"href":"https:\/\/marcali.plebania.hu\/index.php?rest_route=%2Fwp%2Fv2%2Fcomments&post=6981"}],"version-history":[{"count":1,"href":"https:\/\/marcali.plebania.hu\/index.php?rest_route=\/wp\/v2\/posts\/6981\/revisions"}],"predecessor-version":[{"id":6997,"href":"https:\/\/marcali.plebania.hu\/index.php?rest_route=\/wp\/v2\/posts\/6981\/revisions\/6997"}],"wp:attachment":[{"href":"https:\/\/marcali.plebania.hu\/index.php?rest_route=%2Fwp%2Fv2%2Fmedia&parent=6981"}],"wp:term":[{"taxonomy":"category","embeddable":true,"href":"https:\/\/marcali.plebania.hu\/index.php?rest_route=%2Fwp%2Fv2%2Fcategories&post=6981"},{"taxonomy":"post_tag","embeddable":true,"href":"https:\/\/marcali.plebania.hu\/index.php?rest_route=%2Fwp%2Fv2%2Ftags&post=6981"}],"curies":[{"name":"wp","href":"https:\/\/api.w.org\/{rel}","templated":true}]}}