{"id":7003,"date":"2025-04-05T23:10:49","date_gmt":"2025-04-05T23:10:49","guid":{"rendered":"https:\/\/marcali.plebania.hu\/?p=7003"},"modified":"2025-04-05T23:10:49","modified_gmt":"2025-04-05T23:10:49","slug":"hirdetesek-2025-aprilis-06-an","status":"publish","type":"post","link":"https:\/\/marcali.plebania.hu\/?p=7003","title":{"rendered":"Hirdet\u00e9sek 2025. \u00e1prilis 06-\u00e1n"},"content":{"rendered":"\n<p><a href=\"https:\/\/igenaptar.katolikus.hu\/nap\/index.php?holnap=2025-04-06\" target=\"_blank\" rel=\"noreferrer noopener\"><u>Nagyb\u00f6jt 5. vas\u00e1rnapja<\/u><\/a><\/p>\n\n\n\n<ol start=\"1\" class=\"wp-block-list\">\n<li>K\u00f6sz\u00f6nj\u00fck a bekapcsol\u00f3d\u00e1st a CapPuccini k\u00f3rus nagyb\u00f6jti \u00e1h\u00edtat\u00e1ba \u00e9s k\u00f6sz\u00f6nj\u00fck a k\u00f3rus megvend\u00e9gel\u00e9s\u00e9hez val\u00f3 finoms\u00e1gok elk\u00e9sz\u00edt\u00e9s\u00e9t.<\/li>\n\n\n\n<li>A mai perselyadom\u00e1nyt a <strong>Szentf\u00f6ld jav\u00e1ra<\/strong> tov\u00e1bb\u00edtjuk.<\/li>\n\n\n\n<li>A m\u00falt heti <strong>rejtv\u00e9ny<\/strong> megold\u00e1s\u00e1t k\u00e9rj\u00fck bedobni a \u201eTaKi megold\u00e1sok\u201d felirat\u00fa dobozba.<\/li>\n\n\n\n<li>A <strong>F\u00e9rfi k\u00f6r <\/strong><span style=\"text-decoration: underline;\">szerd\u00e1n<\/span> 18:00-kor kezd\u0151dik a pl\u00e9b\u00e1ni\u00e1n.<\/li>\n\n\n\n<li><span style=\"text-decoration: underline;\">P\u00e9nteken<\/span> 16:45-kor <strong>keresztut<\/strong>at im\u00e1dkozunk a pl\u00e9b\u00e1niatemplomban a R\u00f3zsaf\u00fcz\u00e9r T\u00e1rsulat vezet\u00e9s\u00e9vel.<\/li>\n\n\n\n<li><span style=\"text-decoration: underline;\">Szombaton<\/span> 16:30-kor<strong> fatimai ima\u00f3ra<\/strong> kezd\u0151dik a pl\u00e9b\u00e1niatemplomban.<\/li>\n\n\n\n<li>J\u00f6v\u0151 <span style=\"text-decoration: underline;\">vas\u00e1rnap<\/span>pal megkezd\u0151dik a nagyh\u00e9t. <strong>Vir\u00e1gvas\u00e1rnap<\/strong>, Urunk szenved\u00e9s\u00e9nek vas\u00e1rnapj\u00e1n az Egyh\u00e1z J\u00e9zus bevonul\u00e1s\u00e1t \u00fcnnepli Jeruzs\u00e1lembe, hogy beteljes\u00edtse a h\u00fasv\u00e9ti miszt\u00e9riumot. A pl\u00e9b\u00e1niai \u00fcnnepi szentmis\u00e9t 9 \u00f3rakor kezdj\u00fck barkaszentel\u00e9ssel \u00e9s k\u00f6rmenettel. A szentmis\u00e9ben az evang\u00e9liumot, J\u00e9zus szenved\u00e9s\u00e9nek t\u00f6rt\u00e9net\u00e9t el\u00e9nekelj\u00fck. Aznap ez lesz az egyetlen, k\u00f6z\u00f6s szentmis\u00e9nk a pl\u00e9b\u00e1nia ter\u00fclet\u00e9n, erre h\u00edvunk minden h\u00edv\u0151t.<\/li>\n\n\n\n<li>A <strong>nagyheti<\/strong> <strong>szentmis\u00e9k<\/strong> \u00e9s szertart\u00e1sok <strong>rendje<\/strong> al\u00e1bb olvashat\u00f3. A r\u00e9szleteket j\u00f6v\u0151 vas\u00e1rnap hirdetj\u00fck.<\/li>\n\n\n\n<li>A templom h\u00fasv\u00e9ti d\u00edsz\u00edt\u00e9s\u00e9re sz\u00e1nt vir\u00e1gp\u00e9nzt k\u00e9rj\u00fck Rit\u00e1nak adni a sekresty\u00e9ben. K\u00f6sz\u00f6nj\u00fck.<\/li>\n<\/ol>\n\n\n\n<hr class=\"wp-block-separator has-alpha-channel-opacity\"\/>\n\n\n\n<figure class=\"wp-block-image size-large\"><img loading=\"lazy\" decoding=\"async\" width=\"1024\" height=\"622\" src=\"https:\/\/marcali.plebania.hu\/wp-content\/uploads\/2025\/04\/250406-1024x622.png\" alt=\"\" class=\"wp-image-7005\" srcset=\"https:\/\/marcali.plebania.hu\/wp-content\/uploads\/2025\/04\/250406-1024x622.png 1024w, https:\/\/marcali.plebania.hu\/wp-content\/uploads\/2025\/04\/250406-300x182.png 300w, https:\/\/marcali.plebania.hu\/wp-content\/uploads\/2025\/04\/250406-768x466.png 768w, https:\/\/marcali.plebania.hu\/wp-content\/uploads\/2025\/04\/250406-1536x933.png 1536w, https:\/\/marcali.plebania.hu\/wp-content\/uploads\/2025\/04\/250406-445x270.png 445w, https:\/\/marcali.plebania.hu\/wp-content\/uploads\/2025\/04\/250406.png 1831w\" sizes=\"auto, (max-width: 1024px) 100vw, 1024px\" \/><\/figure>\n\n\n\n<hr class=\"wp-block-separator has-alpha-channel-opacity\"\/>\n\n\n\n<figure class=\"wp-block-image size-large\"><img loading=\"lazy\" decoding=\"async\" width=\"1024\" height=\"708\" src=\"https:\/\/marcali.plebania.hu\/wp-content\/uploads\/2025\/04\/250413-1-1024x708.png\" alt=\"\" class=\"wp-image-7007\" srcset=\"https:\/\/marcali.plebania.hu\/wp-content\/uploads\/2025\/04\/250413-1-1024x708.png 1024w, https:\/\/marcali.plebania.hu\/wp-content\/uploads\/2025\/04\/250413-1-300x208.png 300w, https:\/\/marcali.plebania.hu\/wp-content\/uploads\/2025\/04\/250413-1-768x531.png 768w, https:\/\/marcali.plebania.hu\/wp-content\/uploads\/2025\/04\/250413-1-1536x1063.png 1536w, https:\/\/marcali.plebania.hu\/wp-content\/uploads\/2025\/04\/250413-1-390x270.png 390w, https:\/\/marcali.plebania.hu\/wp-content\/uploads\/2025\/04\/250413-1.png 1733w\" sizes=\"auto, (max-width: 1024px) 100vw, 1024px\" \/><\/figure>\n\n\n\n<p><\/p>\n","protected":false},"excerpt":{"rendered":"<p>Nagyb\u00f6jt 5. vas\u00e1rnapja<\/p>\n","protected":false},"author":1,"featured_media":0,"comment_status":"closed","ping_status":"open","sticky":false,"template":"","format":"standard","meta":{"footnotes":""},"categories":[3],"tags":[],"class_list":["post-7003","post","type-post","status-publish","format-standard","hentry","category-hirdetesek"],"_links":{"self":[{"href":"https:\/\/marcali.plebania.hu\/index.php?rest_route=\/wp\/v2\/posts\/7003","targetHints":{"allow":["GET"]}}],"collection":[{"href":"https:\/\/marcali.plebania.hu\/index.php?rest_route=\/wp\/v2\/posts"}],"about":[{"href":"https:\/\/marcali.plebania.hu\/index.php?rest_route=\/wp\/v2\/types\/post"}],"author":[{"embeddable":true,"href":"https:\/\/marcali.plebania.hu\/index.php?rest_route=\/wp\/v2\/users\/1"}],"replies":[{"embeddable":true,"href":"https:\/\/marcali.plebania.hu\/index.php?rest_route=%2Fwp%2Fv2%2Fcomments&post=7003"}],"version-history":[{"count":2,"href":"https:\/\/marcali.plebania.hu\/index.php?rest_route=\/wp\/v2\/posts\/7003\/revisions"}],"predecessor-version":[{"id":7009,"href":"https:\/\/marcali.plebania.hu\/index.php?rest_route=\/wp\/v2\/posts\/7003\/revisions\/7009"}],"wp:attachment":[{"href":"https:\/\/marcali.plebania.hu\/index.php?rest_route=%2Fwp%2Fv2%2Fmedia&parent=7003"}],"wp:term":[{"taxonomy":"category","embeddable":true,"href":"https:\/\/marcali.plebania.hu\/index.php?rest_route=%2Fwp%2Fv2%2Fcategories&post=7003"},{"taxonomy":"post_tag","embeddable":true,"href":"https:\/\/marcali.plebania.hu\/index.php?rest_route=%2Fwp%2Fv2%2Ftags&post=7003"}],"curies":[{"name":"wp","href":"https:\/\/api.w.org\/{rel}","templated":true}]}}