{"id":702,"date":"2019-03-08T09:45:53","date_gmt":"2019-03-08T09:45:53","guid":{"rendered":"https:\/\/marcali.plebania.hu\/?p=702"},"modified":"2019-03-08T09:45:53","modified_gmt":"2019-03-08T09:45:53","slug":"hirdetesek-2019-03-10","status":"publish","type":"post","link":"https:\/\/marcali.plebania.hu\/?p=702","title":{"rendered":"Hirdet\u00e9sek, 2019. 03. 10."},"content":{"rendered":"\n<ol class=\"wp-block-list\"><li>Ma van Nagyb\u00f6jt 1. vas\u00e1rnapja, hamvaz\u00e1s minden\nszentmis\u00e9n.<\/li><li>Nagyb\u00f6jtben a\nb\u00f6jt\u00f6l\u00e9st nemcsak a minimumk\u00e9nt megszabott p\u00e9nteki h\u00fastilalommal lehet\nmegtartani. A b\u00f6jt a megengedett \u00e9lvezetekr\u0151l val\u00f3 lemond\u00e1s. V\u00e1lasszunk ki ezek\nk\u00f6z\u00fcl az \u00e9lvezetek k\u00f6z\u00fcl legal\u00e1bb egyet (pl. kedvenc \u00e9tel, kedvenc ital,\nsz\u00f3b\u00f6jt, m\u00e1sokr\u00f3l sz\u00e9peket mondani, kevesebb Tv-t n\u00e9zni, kevesebb mobil\nhaszn\u00e1lat\u2026), amivel m\u00e9g b\u00f6jt\u00f6lhet\u00fcnk.<\/li><li>P\u00e9nteken\n16.30-kor kereszt\u00fati \u00e1jtatoss\u00e1got v\u00e9gz\u00fcnk a Szent Erzs\u00e9bet Imak\u00f6r vezet\u00e9s\u00e9vel.<\/li><li>Pl\u00e9b\u00e1ni\u00e1nk is\ncsatlakozik a Lelki adopt\u00e1l\u00e1s mozgalomhoz. A lelki adopt\u00e1l\u00e1s szem\u00e9lyes\nimafelaj\u00e1nl\u00e1s, melyben egy konkr\u00e9t szem\u00e9ly k\u00f6telezi mag\u00e1t, hogy minden nap\nim\u00e1dkozik egy vesz\u00e9lyben l\u00e9v\u0151 magzat\u00e9rt. Akik csatlakozni akarnak ehhez a\nmozgalomhoz, azok jelentkezzenek Domj\u00e1n Zsuzsanna hitoktat\u00f3n\u0151n\u00e9l.<\/li><li>Nagyb\u00f6jti Lelki Napunk \u00e1prilis 6-\u00e1n (szombaton) lesz,\nmelyet Neumajer Zolt\u00e1n vezet.<\/li><li>Kedden d\u00e9lel\u0151tt\u00f6nk\u00e9nt a pl\u00e9b\u00e1ni\u00e1n k\u00f6nyvel\u00e9s folyik,\nez\u00e9rt az \u00fcgyf\u00e9lfogad\u00e1s kedden d\u00e9lel\u0151tt sz\u00fcnetel.<\/li><li>Egyh\u00e1zmegyei zar\u00e1ndoklatot hirdet\u00fcnk m\u00e1jus 18-ra a szlov\u00e1kiai Garamszentbenedekre,\na harmadik Szent V\u00e9r kegyhelyre. Jelentkezni kell a pl\u00e9b\u00e1ni\u00e1n.<\/li><li>K\u00f6z\u00f6s jegyes kurzus legk\u00f6zelebbi\nid\u0151pontja m\u00e1rcius 23-\u00e1n 15 \u00f3rakor a pl\u00e9b\u00e1ni\u00e1n, melyet egy fiatal h\u00e1zasp\u00e1r\nvezet.<\/li><\/ol>\n","protected":false},"excerpt":{"rendered":"<p>Ma van Nagyb\u00f6jt 1. vas\u00e1rnapja, hamvaz\u00e1s minden szentmis\u00e9n. Nagyb\u00f6jtben a b\u00f6jt\u00f6l\u00e9st nemcsak a minimumk\u00e9nt megszabott p\u00e9nteki h\u00fastilalommal lehet megtartani. A b\u00f6jt a megengedett \u00e9lvezetekr\u0151l val\u00f3 lemond\u00e1s. V\u00e1lasszunk ki ezek k\u00f6z\u00fcl az \u00e9lvezetek k\u00f6z\u00fcl legal\u00e1bb egyet (pl. kedvenc \u00e9tel, kedvenc ital, sz\u00f3b\u00f6jt, m\u00e1sokr\u00f3l sz\u00e9peket mondani, kevesebb Tv-t n\u00e9zni, kevesebb mobil haszn\u00e1lat\u2026), amivel m\u00e9g b\u00f6jt\u00f6lhet\u00fcnk. P\u00e9nteken 16.30-kor kereszt\u00fati \u00e1jtatoss\u00e1got v\u00e9gz\u00fcnk a Szent Erzs\u00e9bet Imak\u00f6r vezet\u00e9s\u00e9vel. Pl\u00e9b\u00e1ni\u00e1nk is csatlakozik a Lelki adopt\u00e1l\u00e1s mozgalomhoz. A lelki adopt\u00e1l\u00e1s szem\u00e9lyes imafelaj\u00e1nl\u00e1s, melyben egy konkr\u00e9t szem\u00e9ly k\u00f6telezi&#8230;<\/p>\n<p class=\"read-more\"><a class=\"btn btn-default\" href=\"https:\/\/marcali.plebania.hu\/?p=702\"> Read More<span class=\"screen-reader-text\">  Read More<\/span><\/a><\/p>\n","protected":false},"author":2,"featured_media":0,"comment_status":"closed","ping_status":"open","sticky":false,"template":"","format":"standard","meta":{"footnotes":""},"categories":[1],"tags":[],"class_list":["post-702","post","type-post","status-publish","format-standard","hentry","category-egyeb"],"_links":{"self":[{"href":"https:\/\/marcali.plebania.hu\/index.php?rest_route=\/wp\/v2\/posts\/702","targetHints":{"allow":["GET"]}}],"collection":[{"href":"https:\/\/marcali.plebania.hu\/index.php?rest_route=\/wp\/v2\/posts"}],"about":[{"href":"https:\/\/marcali.plebania.hu\/index.php?rest_route=\/wp\/v2\/types\/post"}],"author":[{"embeddable":true,"href":"https:\/\/marcali.plebania.hu\/index.php?rest_route=\/wp\/v2\/users\/2"}],"replies":[{"embeddable":true,"href":"https:\/\/marcali.plebania.hu\/index.php?rest_route=%2Fwp%2Fv2%2Fcomments&post=702"}],"version-history":[{"count":1,"href":"https:\/\/marcali.plebania.hu\/index.php?rest_route=\/wp\/v2\/posts\/702\/revisions"}],"predecessor-version":[{"id":703,"href":"https:\/\/marcali.plebania.hu\/index.php?rest_route=\/wp\/v2\/posts\/702\/revisions\/703"}],"wp:attachment":[{"href":"https:\/\/marcali.plebania.hu\/index.php?rest_route=%2Fwp%2Fv2%2Fmedia&parent=702"}],"wp:term":[{"taxonomy":"category","embeddable":true,"href":"https:\/\/marcali.plebania.hu\/index.php?rest_route=%2Fwp%2Fv2%2Fcategories&post=702"},{"taxonomy":"post_tag","embeddable":true,"href":"https:\/\/marcali.plebania.hu\/index.php?rest_route=%2Fwp%2Fv2%2Ftags&post=702"}],"curies":[{"name":"wp","href":"https:\/\/api.w.org\/{rel}","templated":true}]}}