{"id":7041,"date":"2025-04-12T22:46:03","date_gmt":"2025-04-12T22:46:03","guid":{"rendered":"https:\/\/marcali.plebania.hu\/?p=7041"},"modified":"2025-04-12T23:29:20","modified_gmt":"2025-04-12T23:29:20","slug":"hirdetesek-2025-aprilis-13-an","status":"publish","type":"post","link":"https:\/\/marcali.plebania.hu\/?p=7041","title":{"rendered":"Hirdet\u00e9sek 2025. \u00e1prilis 13-\u00e1n"},"content":{"rendered":"\n<p><a href=\"https:\/\/igenaptar.katolikus.hu\/nap\/index.php?holnap=2025-04-13\" target=\"_blank\" rel=\"noreferrer noopener\">Vir\u00e1gvas\u00e1rnapja- Urunk szenved\u00e9s\u00e9nek vas\u00e1rnapja<\/a><\/p>\n\n\n\n<ol start=\"1\" class=\"wp-block-list\">\n<li>K\u00f6sz\u00f6nj\u00fck a m\u00falt vas\u00e1rnapi perselyadom\u00e1nyt a Szentf\u00f6ld jav\u00e1ra.<\/li>\n\n\n\n<li><strong>Vir\u00e1gvas\u00e1rnap<\/strong> &#8211; Urunk szenved\u00e9s\u00e9nek vas\u00e1rnapja, a Nagyh\u00e9t kezdete. Az Egyh\u00e1z J\u00e9zus bevonul\u00e1s\u00e1t \u00fcnnepli Jeruzs\u00e1lembe, hogy beteljes\u00edtse a h\u00fasv\u00e9ti miszt\u00e9riumot. A vas\u00e1rnapi 9 \u00f3rai szentmis\u00e9t &#8211; amely pl\u00e9b\u00e1ni\u00e1nk egyetlen, \u00fcnnepi szentmis\u00e9je a nagyh\u00e9t els\u0151 napj\u00e1n &#8211; barkaszentel\u00e9ssel kezdj\u00fck a templomon k\u00edv\u00fcl.<\/li>\n\n\n\n<li>A <strong>Feln\u0151tt hittan <\/strong>szerd\u00e1n 18:00-kor kezd\u0151dik, melynek a t\u00e9m\u00e1ja a h\u00fasv\u00e9ti szent h\u00e1romnap szertart\u00e1sai lesznek. Szeretettel h\u00edvunk minden \u00e9rdekl\u0151d\u0151t a pl\u00e9b\u00e1ni\u00e1ra, aki szeretn\u00e9 jobban megismerni \u00e9s meg\u00e9rteni a nagycs\u00fct\u00f6rt\u00f6ki, nagyp\u00e9nteki szertart\u00e1sokat \u00e9s a h\u00fasv\u00e9ti vig\u00edli\u00e1t.<\/li>\n\n\n\n<li>Nagycs\u00fct\u00f6rt\u00f6k\u00f6n d\u00e9lel\u0151tt 10 \u00f3rakor krizmaszentel\u00e9si mise lesz a kaposv\u00e1ri sz\u00e9kesegyh\u00e1zban, amelyet p\u00fcsp\u00f6k atya az egyh\u00e1zmegye paps\u00e1g\u00e1val egy\u00fctt mutat be. 17:30-kor kezd\u0151dik templomunkban a szentmise az utols\u00f3 vacsora eml\u00e9k\u00e9re, amit virraszt\u00e1s k\u00f6vet. A ministr\u00e1nsokat 17:00-ra v\u00e1rjuk a templomban pr\u00f3b\u00e1ra.<\/li>\n\n\n\n<li>Nagyp\u00e9nteken 9:30-kor zsolozsma a pl\u00e9b\u00e1niatemplomban, ut\u00e1na gy\u00f3n\u00e1si lehet\u0151s\u00e9g, majd 10:30-t\u00f3l ministr\u00e1nspr\u00f3ba. 15:00-kor <strong>keresztut<\/strong>at im\u00e1dkozunk a k\u00f6zponti temet\u0151 k\u00e1lv\u00e1ri\u00e1j\u00e1n. 17:30-kor <strong>Urunk szenved\u00e9s\u00e9nek \u00fcnnepl\u00e9se<\/strong> a pl\u00e9b\u00e1niatemplomban, ut\u00e1na virraszt\u00e1s.<\/li>\n\n\n\n<li>Nagyszombaton 9:30-kor zsolozsma a pl\u00e9b\u00e1niatemplomban, 10:30-kor ministr\u00e1nspr\u00f3ba, 18:00-kor<strong> h\u00fasv\u00e9ti vig\u00edlia mise<\/strong> kezd\u0151dik a pl\u00e9b\u00e1niatemplomban, majd k\u00f6rmenet a R\u00e1k\u00f3czi utc\u00e1n az \u00f6nkorm\u00e1nyzatig \u00e9s vissza.<\/li>\n\n\n\n<li>H\u00fasv\u00e9tvas\u00e1rnap &#8211; <strong>Urunk felt\u00e1mad\u00e1sa \u00fcnnep\u00e9<\/strong>n &#8211; 8:00-kor \u00e9telszentel\u00e9s a pl\u00e9b\u00e1niatemplomban, 9:00-kor \u00fcnnepi szentmise a pl\u00e9b\u00e1niatemplomban, 11:00-kor Gomb\u00e1n, 17:30-kor a Boldog Gizella templomban.<\/li>\n\n\n\n<li>H\u00fasv\u00e9th\u00e9tf\u0151n 9:00-kor a pl\u00e9b\u00e1niatemplomban, 11:00-kor Biz\u00e9n lesz szentmise.<\/li>\n<\/ol>\n\n\n\n<p class=\"has-text-align-right\"><em>\u00c1ldott nagyhetet k\u00edv\u00e1nunk mindenkinek!<\/em><\/p>\n\n\n\n<hr class=\"wp-block-separator has-alpha-channel-opacity\"\/>\n\n\n\n<figure class=\"wp-block-image size-large\"><img loading=\"lazy\" decoding=\"async\" width=\"1024\" height=\"744\" src=\"https:\/\/marcali.plebania.hu\/wp-content\/uploads\/2025\/04\/250413-2-1024x744.png\" alt=\"\" class=\"wp-image-7042\" srcset=\"https:\/\/marcali.plebania.hu\/wp-content\/uploads\/2025\/04\/250413-2-1024x744.png 1024w, https:\/\/marcali.plebania.hu\/wp-content\/uploads\/2025\/04\/250413-2-300x218.png 300w, https:\/\/marcali.plebania.hu\/wp-content\/uploads\/2025\/04\/250413-2-768x558.png 768w, https:\/\/marcali.plebania.hu\/wp-content\/uploads\/2025\/04\/250413-2-1536x1116.png 1536w, https:\/\/marcali.plebania.hu\/wp-content\/uploads\/2025\/04\/250413-2-372x270.png 372w, https:\/\/marcali.plebania.hu\/wp-content\/uploads\/2025\/04\/250413-2.png 1639w\" sizes=\"auto, (max-width: 1024px) 100vw, 1024px\" \/><\/figure>\n\n\n\n<hr class=\"wp-block-separator has-alpha-channel-opacity\"\/>\n\n\n\n<figure class=\"wp-block-embed aligncenter is-type-video is-provider-youtube wp-block-embed-youtube wp-embed-aspect-16-9 wp-has-aspect-ratio\"><div class=\"wp-block-embed__wrapper\">\n<iframe loading=\"lazy\" title=\"Hogy ker\u00fcl egy \u00fcnnepl\u00e9sbe szenved\u00e9s? [Misevlog #vir\u00e1gvas\u00e1rnap]\" width=\"640\" height=\"360\" src=\"https:\/\/www.youtube.com\/embed\/HpYjwWaEJBo?list=PLC3bFlP3r4w1t71jVouluG3iAcxlQ7S_Y\" frameborder=\"0\" allow=\"accelerometer; autoplay; clipboard-write; encrypted-media; gyroscope; picture-in-picture; web-share\" referrerpolicy=\"strict-origin-when-cross-origin\" allowfullscreen><\/iframe>\n<\/div><\/figure>\n\n\n\n<hr class=\"wp-block-separator has-alpha-channel-opacity\"\/>\n\n\n<div class=\"wp-block-image\">\n<figure class=\"aligncenter size-large is-resized\"><img loading=\"lazy\" decoding=\"async\" width=\"724\" height=\"1024\" src=\"https:\/\/marcali.plebania.hu\/wp-content\/uploads\/2025\/04\/Miert-hiszek-Jakusovszki-Dorina-724x1024.jpg\" alt=\"\" class=\"wp-image-7044\" style=\"width:469px;height:auto\" srcset=\"https:\/\/marcali.plebania.hu\/wp-content\/uploads\/2025\/04\/Miert-hiszek-Jakusovszki-Dorina-724x1024.jpg 724w, https:\/\/marcali.plebania.hu\/wp-content\/uploads\/2025\/04\/Miert-hiszek-Jakusovszki-Dorina-212x300.jpg 212w, https:\/\/marcali.plebania.hu\/wp-content\/uploads\/2025\/04\/Miert-hiszek-Jakusovszki-Dorina-768x1086.jpg 768w, https:\/\/marcali.plebania.hu\/wp-content\/uploads\/2025\/04\/Miert-hiszek-Jakusovszki-Dorina-1086x1536.jpg 1086w, https:\/\/marcali.plebania.hu\/wp-content\/uploads\/2025\/04\/Miert-hiszek-Jakusovszki-Dorina-1448x2048.jpg 1448w, https:\/\/marcali.plebania.hu\/wp-content\/uploads\/2025\/04\/Miert-hiszek-Jakusovszki-Dorina-191x270.jpg 191w, https:\/\/marcali.plebania.hu\/wp-content\/uploads\/2025\/04\/Miert-hiszek-Jakusovszki-Dorina-scaled.jpg 1811w\" sizes=\"auto, (max-width: 724px) 100vw, 724px\" \/><\/figure>\n<\/div>\n\n\n<figure class=\"wp-block-gallery has-nested-images columns-default is-cropped wp-block-gallery-1 is-layout-flex wp-block-gallery-is-layout-flex\">\n<figure class=\"wp-block-image size-large\"><img loading=\"lazy\" decoding=\"async\" width=\"724\" height=\"1024\" data-id=\"7047\" src=\"https:\/\/marcali.plebania.hu\/wp-content\/uploads\/2025\/04\/IRGALMASSAG_VASARNAP_2025_FINAL-724x1024.jpg\" alt=\"\" class=\"wp-image-7047\" srcset=\"https:\/\/marcali.plebania.hu\/wp-content\/uploads\/2025\/04\/IRGALMASSAG_VASARNAP_2025_FINAL-724x1024.jpg 724w, https:\/\/marcali.plebania.hu\/wp-content\/uploads\/2025\/04\/IRGALMASSAG_VASARNAP_2025_FINAL-212x300.jpg 212w, https:\/\/marcali.plebania.hu\/wp-content\/uploads\/2025\/04\/IRGALMASSAG_VASARNAP_2025_FINAL-768x1086.jpg 768w, https:\/\/marcali.plebania.hu\/wp-content\/uploads\/2025\/04\/IRGALMASSAG_VASARNAP_2025_FINAL-1086x1536.jpg 1086w, https:\/\/marcali.plebania.hu\/wp-content\/uploads\/2025\/04\/IRGALMASSAG_VASARNAP_2025_FINAL-1448x2048.jpg 1448w, https:\/\/marcali.plebania.hu\/wp-content\/uploads\/2025\/04\/IRGALMASSAG_VASARNAP_2025_FINAL-191x270.jpg 191w, https:\/\/marcali.plebania.hu\/wp-content\/uploads\/2025\/04\/IRGALMASSAG_VASARNAP_2025_FINAL-scaled.jpg 1810w\" sizes=\"auto, (max-width: 724px) 100vw, 724px\" \/><\/figure>\n\n\n\n<figure class=\"wp-block-image size-large\"><img loading=\"lazy\" decoding=\"async\" width=\"734\" height=\"1024\" data-id=\"7048\" src=\"https:\/\/marcali.plebania.hu\/wp-content\/uploads\/2025\/04\/LELKIGYAKORLAT_2025_FINAL-734x1024.jpg\" alt=\"\" class=\"wp-image-7048\" srcset=\"https:\/\/marcali.plebania.hu\/wp-content\/uploads\/2025\/04\/LELKIGYAKORLAT_2025_FINAL-734x1024.jpg 734w, https:\/\/marcali.plebania.hu\/wp-content\/uploads\/2025\/04\/LELKIGYAKORLAT_2025_FINAL-215x300.jpg 215w, https:\/\/marcali.plebania.hu\/wp-content\/uploads\/2025\/04\/LELKIGYAKORLAT_2025_FINAL-768x1072.jpg 768w, https:\/\/marcali.plebania.hu\/wp-content\/uploads\/2025\/04\/LELKIGYAKORLAT_2025_FINAL-1101x1536.jpg 1101w, https:\/\/marcali.plebania.hu\/wp-content\/uploads\/2025\/04\/LELKIGYAKORLAT_2025_FINAL-193x270.jpg 193w, https:\/\/marcali.plebania.hu\/wp-content\/uploads\/2025\/04\/LELKIGYAKORLAT_2025_FINAL.jpg 1299w\" sizes=\"auto, (max-width: 734px) 100vw, 734px\" \/><\/figure>\n<\/figure>\n\n\n\n<figure class=\"wp-block-gallery has-nested-images columns-default is-cropped wp-block-gallery-2 is-layout-flex wp-block-gallery-is-layout-flex\">\n<figure class=\"wp-block-image size-large\"><img loading=\"lazy\" decoding=\"async\" width=\"724\" height=\"1024\" data-id=\"7046\" src=\"https:\/\/marcali.plebania.hu\/wp-content\/uploads\/2025\/04\/Ignaci_Lelkigyakorlat_25_3v-724x1024.jpg\" alt=\"\" class=\"wp-image-7046\" srcset=\"https:\/\/marcali.plebania.hu\/wp-content\/uploads\/2025\/04\/Ignaci_Lelkigyakorlat_25_3v-724x1024.jpg 724w, https:\/\/marcali.plebania.hu\/wp-content\/uploads\/2025\/04\/Ignaci_Lelkigyakorlat_25_3v-212x300.jpg 212w, https:\/\/marcali.plebania.hu\/wp-content\/uploads\/2025\/04\/Ignaci_Lelkigyakorlat_25_3v-768x1086.jpg 768w, https:\/\/marcali.plebania.hu\/wp-content\/uploads\/2025\/04\/Ignaci_Lelkigyakorlat_25_3v-191x270.jpg 191w, https:\/\/marcali.plebania.hu\/wp-content\/uploads\/2025\/04\/Ignaci_Lelkigyakorlat_25_3v.jpg 840w\" sizes=\"auto, (max-width: 724px) 100vw, 724px\" \/><\/figure>\n\n\n\n<figure class=\"wp-block-image size-large\"><img loading=\"lazy\" decoding=\"async\" width=\"724\" height=\"1024\" data-id=\"7043\" src=\"https:\/\/marcali.plebania.hu\/wp-content\/uploads\/2025\/04\/EGYHAZMEGYEI-NAP-2025_FINAL_W-724x1024.jpg\" alt=\"\" class=\"wp-image-7043\" srcset=\"https:\/\/marcali.plebania.hu\/wp-content\/uploads\/2025\/04\/EGYHAZMEGYEI-NAP-2025_FINAL_W-724x1024.jpg 724w, https:\/\/marcali.plebania.hu\/wp-content\/uploads\/2025\/04\/EGYHAZMEGYEI-NAP-2025_FINAL_W-212x300.jpg 212w, https:\/\/marcali.plebania.hu\/wp-content\/uploads\/2025\/04\/EGYHAZMEGYEI-NAP-2025_FINAL_W-768x1086.jpg 768w, https:\/\/marcali.plebania.hu\/wp-content\/uploads\/2025\/04\/EGYHAZMEGYEI-NAP-2025_FINAL_W-1086x1536.jpg 1086w, https:\/\/marcali.plebania.hu\/wp-content\/uploads\/2025\/04\/EGYHAZMEGYEI-NAP-2025_FINAL_W-191x270.jpg 191w, https:\/\/marcali.plebania.hu\/wp-content\/uploads\/2025\/04\/EGYHAZMEGYEI-NAP-2025_FINAL_W.jpg 1131w\" sizes=\"auto, (max-width: 724px) 100vw, 724px\" \/><\/figure>\n<\/figure>\n\n\n\n<p><\/p>\n","protected":false},"excerpt":{"rendered":"<p>Vir\u00e1gvas\u00e1rnapja- Urunk szenved\u00e9s\u00e9nek vas\u00e1rnapja \u00c1ldott nagyhetet k\u00edv\u00e1nunk mindenkinek!<\/p>\n","protected":false},"author":1,"featured_media":0,"comment_status":"closed","ping_status":"open","sticky":false,"template":"","format":"standard","meta":{"footnotes":""},"categories":[3],"tags":[],"class_list":["post-7041","post","type-post","status-publish","format-standard","hentry","category-hirdetesek"],"_links":{"self":[{"href":"https:\/\/marcali.plebania.hu\/index.php?rest_route=\/wp\/v2\/posts\/7041","targetHints":{"allow":["GET"]}}],"collection":[{"href":"https:\/\/marcali.plebania.hu\/index.php?rest_route=\/wp\/v2\/posts"}],"about":[{"href":"https:\/\/marcali.plebania.hu\/index.php?rest_route=\/wp\/v2\/types\/post"}],"author":[{"embeddable":true,"href":"https:\/\/marcali.plebania.hu\/index.php?rest_route=\/wp\/v2\/users\/1"}],"replies":[{"embeddable":true,"href":"https:\/\/marcali.plebania.hu\/index.php?rest_route=%2Fwp%2Fv2%2Fcomments&post=7041"}],"version-history":[{"count":7,"href":"https:\/\/marcali.plebania.hu\/index.php?rest_route=\/wp\/v2\/posts\/7041\/revisions"}],"predecessor-version":[{"id":7055,"href":"https:\/\/marcali.plebania.hu\/index.php?rest_route=\/wp\/v2\/posts\/7041\/revisions\/7055"}],"wp:attachment":[{"href":"https:\/\/marcali.plebania.hu\/index.php?rest_route=%2Fwp%2Fv2%2Fmedia&parent=7041"}],"wp:term":[{"taxonomy":"category","embeddable":true,"href":"https:\/\/marcali.plebania.hu\/index.php?rest_route=%2Fwp%2Fv2%2Fcategories&post=7041"},{"taxonomy":"post_tag","embeddable":true,"href":"https:\/\/marcali.plebania.hu\/index.php?rest_route=%2Fwp%2Fv2%2Ftags&post=7041"}],"curies":[{"name":"wp","href":"https:\/\/api.w.org\/{rel}","templated":true}]}}