{"id":705,"date":"2019-03-14T15:02:07","date_gmt":"2019-03-14T15:02:07","guid":{"rendered":"https:\/\/marcali.plebania.hu\/?p=705"},"modified":"2019-03-14T15:02:07","modified_gmt":"2019-03-14T15:02:07","slug":"hirdetesek-2019-03-17","status":"publish","type":"post","link":"https:\/\/marcali.plebania.hu\/?p=705","title":{"rendered":"Hirdet\u00e9sek, 2019. 03. 17."},"content":{"rendered":"\n<p><\/p>\n\n\n\n<ol class=\"wp-block-list\"><li>Ma van nagyb\u00f6jt 2. vas\u00e1rnapja.<\/li><li>Ebben az \u00e9vben is lesz nagyb\u00f6jti \u00e9lelmiszergy\u0171jt\u00e9s\na szeg\u00e9nyek jav\u00e1ra: 2 vas\u00e1rnap van kijel\u00f6lve erre a c\u00e9lra: j\u00f6v\u0151 vas\u00e1rnap,\nm\u00e1rcius 24. \u00e9s m\u00e1rcius 31. K\u00e9rj\u00fck, hogy h\u00edveink lehet\u0151s\u00e9geikhez k\u00e9pest ezeken a\nnapokon hozzanak magukkal tart\u00f3s \u00e9lelmiszert a templomba, melyet Karit\u00e1sz szervezet\u00fcnk\n\u00e1tad a szeg\u00e9nyeknek.<\/li><li>A h\u00e9ten, kedden Szt. J\u00f3zsef \u00fcnnepe,\neste 17 \u00f3rakor lesz a szentmise.<\/li><li>Szerd\u00e1n 17.30-ra \u00f6sszeh\u00edvtam az Egyh\u00e1zk\u00f6zs\u00e9g K\u00e9pvisel\u0151\nTest\u00fclet\u00e9t rendk\u00edv\u00fcli \u00fcl\u00e9sre. K\u00e9rn\u00e9m, hogy a test\u00fcleti tagok hi\u00e1nytalanul jelenjenek\nmeg az X-h\u00e1z nagyterm\u00e9ben.<\/li><li>P\u00e9nteken 16.30-kor kereszt\u00fati \u00e1jtatoss\u00e1got v\u00e9gz\u00fcnk a Engesztel\u0151 Imak\u00f6r\nvezet\u00e9s\u00e9vel.<\/li><li>Egyh\u00e1zmegyei zar\u00e1ndoklatot hirdet\u00fcnk m\u00e1jus 18-ra a szlov\u00e1kiai\nGaramszentbenedekre, a harmadik Szent V\u00e9r kegyhelyre. Jelentkezni kell a\npl\u00e9b\u00e1ni\u00e1n.<\/li><li>K\u00f6z\u00f6s jegyes kurzus legk\u00f6zelebbi id\u0151pontja m\u00e1rcius 23-\u00e1n 15 \u00f3rakor a\npl\u00e9b\u00e1ni\u00e1n, melyet egy fiatal h\u00e1zasp\u00e1r vezet.<\/li><li>Pl\u00e9b\u00e1ni\u00e1nk is csatlakozik a Lelki adopt\u00e1l\u00e1s mozgalomhoz. A lelki adopt\u00e1l\u00e1s\nszem\u00e9lyes imafelaj\u00e1nl\u00e1s, melyben egy konkr\u00e9t szem\u00e9ly k\u00f6telezi mag\u00e1t, hogy\nminden nap im\u00e1dkozik egy vesz\u00e9lyben l\u00e9v\u0151 magzat\u00e9rt. Akik csatlakozni akarnak\nehhez a mozgalomhoz, azok jelentkezzenek Domj\u00e1n Zsuzsanna hitoktat\u00f3n\u0151n\u00e9l.<\/li><li>Nagyb\u00f6jti Lelki Napunk \u00e1prilis 6-\u00e1n\n(szombaton) lesz, melyet Neumajer Zolt\u00e1n vezet.<\/li><\/ol>\n","protected":false},"excerpt":{"rendered":"<p>Ma van nagyb\u00f6jt 2. vas\u00e1rnapja. Ebben az \u00e9vben is lesz nagyb\u00f6jti \u00e9lelmiszergy\u0171jt\u00e9s a szeg\u00e9nyek jav\u00e1ra: 2 vas\u00e1rnap van kijel\u00f6lve erre a c\u00e9lra: j\u00f6v\u0151 vas\u00e1rnap, m\u00e1rcius 24. \u00e9s m\u00e1rcius 31. K\u00e9rj\u00fck, hogy h\u00edveink lehet\u0151s\u00e9geikhez k\u00e9pest ezeken a napokon hozzanak magukkal tart\u00f3s \u00e9lelmiszert a templomba, melyet Karit\u00e1sz szervezet\u00fcnk \u00e1tad a szeg\u00e9nyeknek. A h\u00e9ten, kedden Szt. J\u00f3zsef \u00fcnnepe, este 17 \u00f3rakor lesz a szentmise. Szerd\u00e1n 17.30-ra \u00f6sszeh\u00edvtam az Egyh\u00e1zk\u00f6zs\u00e9g K\u00e9pvisel\u0151 Test\u00fclet\u00e9t rendk\u00edv\u00fcli \u00fcl\u00e9sre. K\u00e9rn\u00e9m, hogy a test\u00fcleti tagok hi\u00e1nytalanul jelenjenek meg az X-h\u00e1z&#8230;<\/p>\n<p class=\"read-more\"><a class=\"btn btn-default\" href=\"https:\/\/marcali.plebania.hu\/?p=705\"> Read More<span class=\"screen-reader-text\">  Read More<\/span><\/a><\/p>\n","protected":false},"author":2,"featured_media":0,"comment_status":"closed","ping_status":"open","sticky":false,"template":"","format":"standard","meta":{"footnotes":""},"categories":[1],"tags":[],"class_list":["post-705","post","type-post","status-publish","format-standard","hentry","category-egyeb"],"_links":{"self":[{"href":"https:\/\/marcali.plebania.hu\/index.php?rest_route=\/wp\/v2\/posts\/705","targetHints":{"allow":["GET"]}}],"collection":[{"href":"https:\/\/marcali.plebania.hu\/index.php?rest_route=\/wp\/v2\/posts"}],"about":[{"href":"https:\/\/marcali.plebania.hu\/index.php?rest_route=\/wp\/v2\/types\/post"}],"author":[{"embeddable":true,"href":"https:\/\/marcali.plebania.hu\/index.php?rest_route=\/wp\/v2\/users\/2"}],"replies":[{"embeddable":true,"href":"https:\/\/marcali.plebania.hu\/index.php?rest_route=%2Fwp%2Fv2%2Fcomments&post=705"}],"version-history":[{"count":1,"href":"https:\/\/marcali.plebania.hu\/index.php?rest_route=\/wp\/v2\/posts\/705\/revisions"}],"predecessor-version":[{"id":706,"href":"https:\/\/marcali.plebania.hu\/index.php?rest_route=\/wp\/v2\/posts\/705\/revisions\/706"}],"wp:attachment":[{"href":"https:\/\/marcali.plebania.hu\/index.php?rest_route=%2Fwp%2Fv2%2Fmedia&parent=705"}],"wp:term":[{"taxonomy":"category","embeddable":true,"href":"https:\/\/marcali.plebania.hu\/index.php?rest_route=%2Fwp%2Fv2%2Fcategories&post=705"},{"taxonomy":"post_tag","embeddable":true,"href":"https:\/\/marcali.plebania.hu\/index.php?rest_route=%2Fwp%2Fv2%2Ftags&post=705"}],"curies":[{"name":"wp","href":"https:\/\/api.w.org\/{rel}","templated":true}]}}