{"id":7057,"date":"2025-04-14T14:52:45","date_gmt":"2025-04-14T14:52:45","guid":{"rendered":"https:\/\/marcali.plebania.hu\/?p=7057"},"modified":"2025-04-14T14:52:45","modified_gmt":"2025-04-14T14:52:45","slug":"keresztut-a-karitasz-szellemisegenek-jegyeben","status":"publish","type":"post","link":"https:\/\/marcali.plebania.hu\/?p=7057","title":{"rendered":"Kereszt\u00fat, a Karit\u00e1sz szellemis\u00e9g\u00e9nek jegy\u00e9ben"},"content":{"rendered":"\n<p>A Katolikus Karit\u00e1sz \u00f6nk\u00e9ntesei v\u00e9gezt\u00e9k \u00e1prilis 4-\u00e9n a p\u00e9nteki kereszt\u00fatj\u00e1r\u00e1st. A csoportot S\u00e1voly Andrea vezette, s ebben az \u00e9vben J\u00e9zus k\u00ednszenved\u00e9s\u00e9nek \u00e9s kereszthal\u00e1l\u00e1nak t\u00f6rt\u00e9net\u00e9hez megsz\u00f3laltak a Karit\u00e1sz h\u00fasv\u00e9ti feladataival kapcsolatos gondolatok. Az egyes \u00e1llom\u00e1sokn\u00e1l t\u00e9rdet hajtottunk, az Im\u00e1dunk T\u00e9ged, Krisztus \u00e9s \u00e1ldunk T\u00e9ged, mert szent kereszted \u00e1ltal megv\u00e1ltottad a vil\u00e1got\u201d elhangz\u00e1sakor. A \u201eK\u00f6ny\u00f6r\u00fclj rajtunk, Uram! K\u00f6ny\u00f6r\u00fclj rajtunk!\u201d mondat ut\u00e1n, hol a Miaty\u00e1nk, hol az \u00dcdv\u00f6zl\u00e9gy M\u00e1ria ima hangzott el, a h\u00edvekkel egy\u00fctt im\u00e1dkozva.<\/p>\n\n\n\n<figure class=\"wp-block-gallery has-nested-images columns-default is-cropped wp-block-gallery-1 is-layout-flex wp-block-gallery-is-layout-flex\">\n<figure class=\"wp-block-image size-large\"><img loading=\"lazy\" decoding=\"async\" width=\"1024\" height=\"684\" data-id=\"7060\" src=\"https:\/\/marcali.plebania.hu\/wp-content\/uploads\/2025\/04\/Karitasz2-1024x684.jpg\" alt=\"\" class=\"wp-image-7060\" srcset=\"https:\/\/marcali.plebania.hu\/wp-content\/uploads\/2025\/04\/Karitasz2-1024x684.jpg 1024w, https:\/\/marcali.plebania.hu\/wp-content\/uploads\/2025\/04\/Karitasz2-300x200.jpg 300w, https:\/\/marcali.plebania.hu\/wp-content\/uploads\/2025\/04\/Karitasz2-768x513.jpg 768w, https:\/\/marcali.plebania.hu\/wp-content\/uploads\/2025\/04\/Karitasz2-1536x1025.jpg 1536w, https:\/\/marcali.plebania.hu\/wp-content\/uploads\/2025\/04\/Karitasz2-405x270.jpg 405w, https:\/\/marcali.plebania.hu\/wp-content\/uploads\/2025\/04\/Karitasz2.jpg 2048w\" sizes=\"auto, (max-width: 1024px) 100vw, 1024px\" \/><\/figure>\n\n\n\n<figure class=\"wp-block-image size-large\"><img loading=\"lazy\" decoding=\"async\" width=\"1024\" height=\"768\" data-id=\"7059\" src=\"https:\/\/marcali.plebania.hu\/wp-content\/uploads\/2025\/04\/Karitasz3-1024x768.jpg\" alt=\"\" class=\"wp-image-7059\" srcset=\"https:\/\/marcali.plebania.hu\/wp-content\/uploads\/2025\/04\/Karitasz3-1024x768.jpg 1024w, https:\/\/marcali.plebania.hu\/wp-content\/uploads\/2025\/04\/Karitasz3-300x225.jpg 300w, https:\/\/marcali.plebania.hu\/wp-content\/uploads\/2025\/04\/Karitasz3-768x576.jpg 768w, https:\/\/marcali.plebania.hu\/wp-content\/uploads\/2025\/04\/Karitasz3-1536x1152.jpg 1536w, https:\/\/marcali.plebania.hu\/wp-content\/uploads\/2025\/04\/Karitasz3-360x270.jpg 360w, https:\/\/marcali.plebania.hu\/wp-content\/uploads\/2025\/04\/Karitasz3.jpg 2048w\" sizes=\"auto, (max-width: 1024px) 100vw, 1024px\" \/><\/figure>\n\n\n\n<figure class=\"wp-block-image size-large\"><img loading=\"lazy\" decoding=\"async\" width=\"1024\" height=\"768\" data-id=\"7061\" src=\"https:\/\/marcali.plebania.hu\/wp-content\/uploads\/2025\/04\/Karitasz4-1024x768.jpg\" alt=\"\" class=\"wp-image-7061\" srcset=\"https:\/\/marcali.plebania.hu\/wp-content\/uploads\/2025\/04\/Karitasz4-1024x768.jpg 1024w, https:\/\/marcali.plebania.hu\/wp-content\/uploads\/2025\/04\/Karitasz4-300x225.jpg 300w, https:\/\/marcali.plebania.hu\/wp-content\/uploads\/2025\/04\/Karitasz4-768x576.jpg 768w, https:\/\/marcali.plebania.hu\/wp-content\/uploads\/2025\/04\/Karitasz4-1536x1152.jpg 1536w, https:\/\/marcali.plebania.hu\/wp-content\/uploads\/2025\/04\/Karitasz4-360x270.jpg 360w, https:\/\/marcali.plebania.hu\/wp-content\/uploads\/2025\/04\/Karitasz4.jpg 2048w\" sizes=\"auto, (max-width: 1024px) 100vw, 1024px\" \/><\/figure>\n\n\n\n<figure class=\"wp-block-image size-large\"><img loading=\"lazy\" decoding=\"async\" width=\"1024\" height=\"768\" data-id=\"7058\" src=\"https:\/\/marcali.plebania.hu\/wp-content\/uploads\/2025\/04\/Karitasz1-1024x768.jpg\" alt=\"\" class=\"wp-image-7058\" srcset=\"https:\/\/marcali.plebania.hu\/wp-content\/uploads\/2025\/04\/Karitasz1-1024x768.jpg 1024w, https:\/\/marcali.plebania.hu\/wp-content\/uploads\/2025\/04\/Karitasz1-300x225.jpg 300w, https:\/\/marcali.plebania.hu\/wp-content\/uploads\/2025\/04\/Karitasz1-768x576.jpg 768w, https:\/\/marcali.plebania.hu\/wp-content\/uploads\/2025\/04\/Karitasz1-1536x1152.jpg 1536w, https:\/\/marcali.plebania.hu\/wp-content\/uploads\/2025\/04\/Karitasz1-360x270.jpg 360w, https:\/\/marcali.plebania.hu\/wp-content\/uploads\/2025\/04\/Karitasz1.jpg 2048w\" sizes=\"auto, (max-width: 1024px) 100vw, 1024px\" \/><\/figure>\n<\/figure>\n\n\n\n<p>I. \u00e1llom\u00e1s: &nbsp;&nbsp;&nbsp;&nbsp;Hal\u00e1lra \u00edt\u00e9lik J\u00e9zust<br>II. \u00e1llom\u00e1s: &nbsp;&nbsp;&nbsp;J\u00e9zus v\u00e1llaira veszi a keresztet<br>III. \u00e1llom\u00e1s:&nbsp; J\u00e9zus el\u0151sz\u00f6r esik el a kereszt alatt<br>IV. \u00e1llom\u00e1s:&nbsp; J\u00e9zus \u00e9desanyj\u00e1val tal\u00e1lkozik<br>V. \u00e1llom\u00e1s: &nbsp;&nbsp;Cirenei Simon seg\u00edt J\u00e9zusnak a keresztet hordozni<br>VI. \u00e1llom\u00e1s:&nbsp; Veronika kend\u0151t ny\u00fajt J\u00e9zusnak<br>VII. \u00e1llom\u00e1s: J\u00e9zus m\u00e1sodszor esik el a kereszt alatt<br>VIII. \u00e1llom\u00e1s: J\u00e9zus tal\u00e1lkozik a s\u00edr\u00f3 jeruzs\u00e1lemi asszonyokkal<br>IX. \u00e1llom\u00e1s: &nbsp;J\u00e9zus harmadszor esik el a kereszt alatt<br>X. \u00e1llom\u00e1s: &nbsp;&nbsp;J\u00e9zust megfosztj\u00e1k ruh\u00e1it\u00f3l<br>XI. \u00e1llom\u00e1s: &nbsp;J\u00e9zust a keresztre szegezik<br>XII. \u00e1llom\u00e1s: J\u00e9zus meghal a kereszten<br>XIII. \u00e1llom\u00e1s: J\u00e9zus test\u00e9t leveszik a keresztr\u0151l \u00e9s anyja \u00f6l\u00e9be fektetik<br>XIV. \u00e1llom\u00e1s: J\u00e9zus test\u00e9t a s\u00edrba helyezik<\/p>\n\n\n\n<p>Meg\u00e9rkezve a st\u00e1ci\u00f3k\u00e9pekhez let\u00e9rdelt\u00fcnk vagy m\u00e9lyen meghajoltunk, de a XII. \u00e1llom\u00e1sn\u00e1l, Krisztus kereszthal\u00e1lakor mindv\u00e9gig t\u00e9rdelve im\u00e1dkoztunk.<\/p>\n\n\n\n<p>Az olt\u00e1r el\u0151tt fejez\u0151d\u00f6tt be a templomi \u00e1jtatoss\u00e1g, \u201eA keresztf\u00e1hoz megyek\u201d kezdet\u0171 \u00e9nekkel.<\/p>\n\n\n\n<p><\/p>\n\n\n\n<p>\u00cdrta: G\u00e1ln\u00e9 V\u00e9gh Edit<\/p>\n\n\n\n<p>Fot\u00f3: Csernalovics T\u00fcnde<\/p>\n","protected":false},"excerpt":{"rendered":"<p>A Katolikus Karit\u00e1sz \u00f6nk\u00e9ntesei v\u00e9gezt\u00e9k \u00e1prilis 4-\u00e9n a p\u00e9nteki kereszt\u00fatj\u00e1r\u00e1st. A csoportot S\u00e1voly Andrea vezette, s ebben az \u00e9vben J\u00e9zus k\u00ednszenved\u00e9s\u00e9nek \u00e9s kereszthal\u00e1l\u00e1nak t\u00f6rt\u00e9net\u00e9hez megsz\u00f3laltak a Karit\u00e1sz h\u00fasv\u00e9ti feladataival kapcsolatos gondolatok. Az egyes \u00e1llom\u00e1sokn\u00e1l t\u00e9rdet hajtottunk, az Im\u00e1dunk T\u00e9ged, Krisztus \u00e9s \u00e1ldunk T\u00e9ged, mert szent kereszted \u00e1ltal megv\u00e1ltottad a vil\u00e1got\u201d elhangz\u00e1sakor. A \u201eK\u00f6ny\u00f6r\u00fclj rajtunk, Uram! K\u00f6ny\u00f6r\u00fclj rajtunk!\u201d mondat ut\u00e1n, hol a Miaty\u00e1nk, hol az \u00dcdv\u00f6zl\u00e9gy M\u00e1ria ima hangzott el, a h\u00edvekkel egy\u00fctt im\u00e1dkozva. I. \u00e1llom\u00e1s: &nbsp;&nbsp;&nbsp;&nbsp;Hal\u00e1lra \u00edt\u00e9lik J\u00e9zustII. \u00e1llom\u00e1s: &nbsp;&nbsp;&nbsp;J\u00e9zus&#8230;<\/p>\n<p class=\"read-more\"><a class=\"btn btn-default\" href=\"https:\/\/marcali.plebania.hu\/?p=7057\"> Read More<span class=\"screen-reader-text\">  Read More<\/span><\/a><\/p>\n","protected":false},"author":2,"featured_media":0,"comment_status":"closed","ping_status":"open","sticky":false,"template":"","format":"standard","meta":{"footnotes":""},"categories":[1],"tags":[],"class_list":["post-7057","post","type-post","status-publish","format-standard","hentry","category-egyeb"],"_links":{"self":[{"href":"https:\/\/marcali.plebania.hu\/index.php?rest_route=\/wp\/v2\/posts\/7057","targetHints":{"allow":["GET"]}}],"collection":[{"href":"https:\/\/marcali.plebania.hu\/index.php?rest_route=\/wp\/v2\/posts"}],"about":[{"href":"https:\/\/marcali.plebania.hu\/index.php?rest_route=\/wp\/v2\/types\/post"}],"author":[{"embeddable":true,"href":"https:\/\/marcali.plebania.hu\/index.php?rest_route=\/wp\/v2\/users\/2"}],"replies":[{"embeddable":true,"href":"https:\/\/marcali.plebania.hu\/index.php?rest_route=%2Fwp%2Fv2%2Fcomments&post=7057"}],"version-history":[{"count":1,"href":"https:\/\/marcali.plebania.hu\/index.php?rest_route=\/wp\/v2\/posts\/7057\/revisions"}],"predecessor-version":[{"id":7062,"href":"https:\/\/marcali.plebania.hu\/index.php?rest_route=\/wp\/v2\/posts\/7057\/revisions\/7062"}],"wp:attachment":[{"href":"https:\/\/marcali.plebania.hu\/index.php?rest_route=%2Fwp%2Fv2%2Fmedia&parent=7057"}],"wp:term":[{"taxonomy":"category","embeddable":true,"href":"https:\/\/marcali.plebania.hu\/index.php?rest_route=%2Fwp%2Fv2%2Fcategories&post=7057"},{"taxonomy":"post_tag","embeddable":true,"href":"https:\/\/marcali.plebania.hu\/index.php?rest_route=%2Fwp%2Fv2%2Ftags&post=7057"}],"curies":[{"name":"wp","href":"https:\/\/api.w.org\/{rel}","templated":true}]}}