{"id":7063,"date":"2025-04-15T07:46:34","date_gmt":"2025-04-15T07:46:34","guid":{"rendered":"https:\/\/marcali.plebania.hu\/?p=7063"},"modified":"2025-04-15T07:46:34","modified_gmt":"2025-04-15T07:46:34","slug":"viragvasarnappal-elkezdodott-a-2025-evi-nagyhet","status":"publish","type":"post","link":"https:\/\/marcali.plebania.hu\/?p=7063","title":{"rendered":"Vir\u00e1gvas\u00e1rnappal elkezd\u0151d\u00f6tt a 2025. \u00e9vi Nagyh\u00e9t"},"content":{"rendered":"\n<p>2025. \u00e1prilis 13-\u00e1n, Vir\u00e1gvas\u00e1rnap 9 \u00f3rakor Tomanek Ferenc \u00c1ron pl\u00e9b\u00e1nos \u00fcnnepi szentmis\u00e9t celebr\u00e1lt a Gy\u00fcm\u00f6lcsolt\u00f3 Boldogasszony pl\u00e9b\u00e1niatemplomban.<\/p>\n\n\n\n<figure class=\"wp-block-gallery has-nested-images columns-default is-cropped wp-block-gallery-1 is-layout-flex wp-block-gallery-is-layout-flex\">\n<figure class=\"wp-block-image size-large\"><img loading=\"lazy\" decoding=\"async\" width=\"1024\" height=\"683\" data-id=\"7064\" src=\"https:\/\/marcali.plebania.hu\/wp-content\/uploads\/2025\/04\/01-3-1024x683.jpg\" alt=\"\" class=\"wp-image-7064\" srcset=\"https:\/\/marcali.plebania.hu\/wp-content\/uploads\/2025\/04\/01-3-1024x683.jpg 1024w, https:\/\/marcali.plebania.hu\/wp-content\/uploads\/2025\/04\/01-3-300x200.jpg 300w, https:\/\/marcali.plebania.hu\/wp-content\/uploads\/2025\/04\/01-3-768x512.jpg 768w, https:\/\/marcali.plebania.hu\/wp-content\/uploads\/2025\/04\/01-3-1536x1024.jpg 1536w, https:\/\/marcali.plebania.hu\/wp-content\/uploads\/2025\/04\/01-3-2048x1365.jpg 2048w, https:\/\/marcali.plebania.hu\/wp-content\/uploads\/2025\/04\/01-3-405x270.jpg 405w\" sizes=\"auto, (max-width: 1024px) 100vw, 1024px\" \/><\/figure>\n\n\n\n<figure class=\"wp-block-image size-large\"><img loading=\"lazy\" decoding=\"async\" width=\"1024\" height=\"683\" data-id=\"7065\" src=\"https:\/\/marcali.plebania.hu\/wp-content\/uploads\/2025\/04\/02-3-1024x683.jpg\" alt=\"\" class=\"wp-image-7065\" srcset=\"https:\/\/marcali.plebania.hu\/wp-content\/uploads\/2025\/04\/02-3-1024x683.jpg 1024w, https:\/\/marcali.plebania.hu\/wp-content\/uploads\/2025\/04\/02-3-300x200.jpg 300w, https:\/\/marcali.plebania.hu\/wp-content\/uploads\/2025\/04\/02-3-768x512.jpg 768w, https:\/\/marcali.plebania.hu\/wp-content\/uploads\/2025\/04\/02-3-1536x1024.jpg 1536w, https:\/\/marcali.plebania.hu\/wp-content\/uploads\/2025\/04\/02-3-2048x1365.jpg 2048w, https:\/\/marcali.plebania.hu\/wp-content\/uploads\/2025\/04\/02-3-405x270.jpg 405w\" sizes=\"auto, (max-width: 1024px) 100vw, 1024px\" \/><\/figure>\n\n\n\n<figure class=\"wp-block-image size-large\"><img loading=\"lazy\" decoding=\"async\" width=\"1024\" height=\"683\" data-id=\"7069\" src=\"https:\/\/marcali.plebania.hu\/wp-content\/uploads\/2025\/04\/10-2-1024x683.jpg\" alt=\"\" class=\"wp-image-7069\" srcset=\"https:\/\/marcali.plebania.hu\/wp-content\/uploads\/2025\/04\/10-2-1024x683.jpg 1024w, https:\/\/marcali.plebania.hu\/wp-content\/uploads\/2025\/04\/10-2-300x200.jpg 300w, https:\/\/marcali.plebania.hu\/wp-content\/uploads\/2025\/04\/10-2-768x512.jpg 768w, https:\/\/marcali.plebania.hu\/wp-content\/uploads\/2025\/04\/10-2-1536x1024.jpg 1536w, https:\/\/marcali.plebania.hu\/wp-content\/uploads\/2025\/04\/10-2-2048x1365.jpg 2048w, https:\/\/marcali.plebania.hu\/wp-content\/uploads\/2025\/04\/10-2-405x270.jpg 405w\" sizes=\"auto, (max-width: 1024px) 100vw, 1024px\" \/><\/figure>\n\n\n\n<figure class=\"wp-block-image size-large\"><img loading=\"lazy\" decoding=\"async\" width=\"1024\" height=\"683\" data-id=\"7068\" src=\"https:\/\/marcali.plebania.hu\/wp-content\/uploads\/2025\/04\/08-3-1024x683.jpg\" alt=\"\" class=\"wp-image-7068\" srcset=\"https:\/\/marcali.plebania.hu\/wp-content\/uploads\/2025\/04\/08-3-1024x683.jpg 1024w, https:\/\/marcali.plebania.hu\/wp-content\/uploads\/2025\/04\/08-3-300x200.jpg 300w, https:\/\/marcali.plebania.hu\/wp-content\/uploads\/2025\/04\/08-3-768x512.jpg 768w, https:\/\/marcali.plebania.hu\/wp-content\/uploads\/2025\/04\/08-3-1536x1024.jpg 1536w, https:\/\/marcali.plebania.hu\/wp-content\/uploads\/2025\/04\/08-3-2048x1365.jpg 2048w, https:\/\/marcali.plebania.hu\/wp-content\/uploads\/2025\/04\/08-3-405x270.jpg 405w\" sizes=\"auto, (max-width: 1024px) 100vw, 1024px\" \/><\/figure>\n<\/figure>\n\n\n\n<p>Vir\u00e1gvas\u00e1rnap, Urunk szenved\u00e9s\u00e9nek vas\u00e1rnapja, a Nagyh\u00e9t kezdete. Az Egyh\u00e1z J\u00e9zus bevonul\u00e1s\u00e1t \u00fcnnepli Jeruzs\u00e1lembe, hogy beteljes\u00edtse a h\u00fasv\u00e9ti miszt\u00e9riumot. A marcali szentmise \u2013 amely a pl\u00e9b\u00e1nia egyetlen, k\u00f6z\u00f6s \u00fcnnepi szentmis\u00e9je volt a nagyh\u00e9t els\u0151 napj\u00e1n \u2013 barkaszentel\u00e9ssel kezd\u0151d\u00f6tt a templomon k\u00edv\u00fcl, a h\u00edvek gy\u0171r\u0171j\u00e9ben az \u00e9p\u00fclet \u00e9szak-keleti cs\u00fccsk\u00e9n\u00e9l. A megszentelt barka\u00e1gakb\u00f3l v\u00e9g\u00fcl mindenki vihetett mag\u00e1val az otthon\u00e1ba.<\/p>\n\n\n\n<p>A szertart\u00e1st k\u00f6vet\u0151en Ferenc atya a ministr\u00e1nsokkal egy\u00fctt n\u00e9h\u00e1ny barka\u00e1ggal k\u00f6rmenetileg vonult be a nyugati oldalon l\u00e9v\u0151 f\u0151bej\u00e1raton kereszt\u00fcl a templomba.<\/p>\n\n\n\n<figure class=\"wp-block-gallery has-nested-images columns-default is-cropped wp-block-gallery-2 is-layout-flex wp-block-gallery-is-layout-flex\">\n<figure class=\"wp-block-image size-large\"><img loading=\"lazy\" decoding=\"async\" width=\"1024\" height=\"683\" data-id=\"7070\" src=\"https:\/\/marcali.plebania.hu\/wp-content\/uploads\/2025\/04\/16-1024x683.jpg\" alt=\"\" class=\"wp-image-7070\" srcset=\"https:\/\/marcali.plebania.hu\/wp-content\/uploads\/2025\/04\/16-1024x683.jpg 1024w, https:\/\/marcali.plebania.hu\/wp-content\/uploads\/2025\/04\/16-300x200.jpg 300w, https:\/\/marcali.plebania.hu\/wp-content\/uploads\/2025\/04\/16-768x512.jpg 768w, https:\/\/marcali.plebania.hu\/wp-content\/uploads\/2025\/04\/16-1536x1024.jpg 1536w, https:\/\/marcali.plebania.hu\/wp-content\/uploads\/2025\/04\/16-2048x1365.jpg 2048w, https:\/\/marcali.plebania.hu\/wp-content\/uploads\/2025\/04\/16-405x270.jpg 405w\" sizes=\"auto, (max-width: 1024px) 100vw, 1024px\" \/><\/figure>\n\n\n\n<figure class=\"wp-block-image size-large\"><img loading=\"lazy\" decoding=\"async\" width=\"1024\" height=\"683\" data-id=\"7075\" src=\"https:\/\/marcali.plebania.hu\/wp-content\/uploads\/2025\/04\/22-1024x683.jpg\" alt=\"\" class=\"wp-image-7075\" srcset=\"https:\/\/marcali.plebania.hu\/wp-content\/uploads\/2025\/04\/22-1024x683.jpg 1024w, https:\/\/marcali.plebania.hu\/wp-content\/uploads\/2025\/04\/22-300x200.jpg 300w, https:\/\/marcali.plebania.hu\/wp-content\/uploads\/2025\/04\/22-768x512.jpg 768w, https:\/\/marcali.plebania.hu\/wp-content\/uploads\/2025\/04\/22-1536x1024.jpg 1536w, https:\/\/marcali.plebania.hu\/wp-content\/uploads\/2025\/04\/22-2048x1365.jpg 2048w, https:\/\/marcali.plebania.hu\/wp-content\/uploads\/2025\/04\/22-405x270.jpg 405w\" sizes=\"auto, (max-width: 1024px) 100vw, 1024px\" \/><\/figure>\n\n\n\n<figure class=\"wp-block-image size-large\"><img loading=\"lazy\" decoding=\"async\" width=\"1024\" height=\"683\" data-id=\"7072\" src=\"https:\/\/marcali.plebania.hu\/wp-content\/uploads\/2025\/04\/18-1-1024x683.jpg\" alt=\"\" class=\"wp-image-7072\" srcset=\"https:\/\/marcali.plebania.hu\/wp-content\/uploads\/2025\/04\/18-1-1024x683.jpg 1024w, https:\/\/marcali.plebania.hu\/wp-content\/uploads\/2025\/04\/18-1-300x200.jpg 300w, https:\/\/marcali.plebania.hu\/wp-content\/uploads\/2025\/04\/18-1-768x512.jpg 768w, https:\/\/marcali.plebania.hu\/wp-content\/uploads\/2025\/04\/18-1-1536x1024.jpg 1536w, https:\/\/marcali.plebania.hu\/wp-content\/uploads\/2025\/04\/18-1-2048x1365.jpg 2048w, https:\/\/marcali.plebania.hu\/wp-content\/uploads\/2025\/04\/18-1-405x270.jpg 405w\" sizes=\"auto, (max-width: 1024px) 100vw, 1024px\" \/><\/figure>\n\n\n\n<figure class=\"wp-block-image size-large\"><img loading=\"lazy\" decoding=\"async\" width=\"1024\" height=\"683\" data-id=\"7074\" src=\"https:\/\/marcali.plebania.hu\/wp-content\/uploads\/2025\/04\/21-1024x683.jpg\" alt=\"\" class=\"wp-image-7074\" srcset=\"https:\/\/marcali.plebania.hu\/wp-content\/uploads\/2025\/04\/21-1024x683.jpg 1024w, https:\/\/marcali.plebania.hu\/wp-content\/uploads\/2025\/04\/21-300x200.jpg 300w, https:\/\/marcali.plebania.hu\/wp-content\/uploads\/2025\/04\/21-768x512.jpg 768w, https:\/\/marcali.plebania.hu\/wp-content\/uploads\/2025\/04\/21-1536x1024.jpg 1536w, https:\/\/marcali.plebania.hu\/wp-content\/uploads\/2025\/04\/21-2048x1365.jpg 2048w, https:\/\/marcali.plebania.hu\/wp-content\/uploads\/2025\/04\/21-405x270.jpg 405w\" sizes=\"auto, (max-width: 1024px) 100vw, 1024px\" \/><\/figure>\n<\/figure>\n\n\n\n<p>Ezt k\u00f6vet\u0151en a szentmis\u00e9n elhangzott a passi\u00f3, amely a H\u00fasv\u00e9tra val\u00f3 lelki felk\u00e9sz\u00fcl\u00e9s egyik fontos r\u00e9sze.<\/p>\n\n\n\n<p>A szentmis\u00e9n Balogh B\u00e1lint k\u00e1ntor, \u00e9s a Marcali F\u00e9ny Gyermekei Katolikus Zenekar tagjai m\u0171k\u00f6dtek k\u00f6zre zenei szolg\u00e1lattal.<\/p>\n\n\n\n<p><\/p>\n\n\n\n<p>\u00cdrta \u00e9s fot\u00f3k: Kiss K\u00e1lm\u00e1n<\/p>\n","protected":false},"excerpt":{"rendered":"<p>2025. \u00e1prilis 13-\u00e1n, Vir\u00e1gvas\u00e1rnap 9 \u00f3rakor Tomanek Ferenc \u00c1ron pl\u00e9b\u00e1nos \u00fcnnepi szentmis\u00e9t celebr\u00e1lt a Gy\u00fcm\u00f6lcsolt\u00f3 Boldogasszony pl\u00e9b\u00e1niatemplomban. Vir\u00e1gvas\u00e1rnap, Urunk szenved\u00e9s\u00e9nek vas\u00e1rnapja, a Nagyh\u00e9t kezdete. Az Egyh\u00e1z J\u00e9zus bevonul\u00e1s\u00e1t \u00fcnnepli Jeruzs\u00e1lembe, hogy beteljes\u00edtse a h\u00fasv\u00e9ti miszt\u00e9riumot. A marcali szentmise \u2013 amely a pl\u00e9b\u00e1nia egyetlen, k\u00f6z\u00f6s \u00fcnnepi szentmis\u00e9je volt a nagyh\u00e9t els\u0151 napj\u00e1n \u2013 barkaszentel\u00e9ssel kezd\u0151d\u00f6tt a templomon k\u00edv\u00fcl, a h\u00edvek gy\u0171r\u0171j\u00e9ben az \u00e9p\u00fclet \u00e9szak-keleti cs\u00fccsk\u00e9n\u00e9l. A megszentelt barka\u00e1gakb\u00f3l v\u00e9g\u00fcl mindenki vihetett mag\u00e1val az otthon\u00e1ba. A szertart\u00e1st k\u00f6vet\u0151en Ferenc atya a ministr\u00e1nsokkal&#8230;<\/p>\n<p class=\"read-more\"><a class=\"btn btn-default\" href=\"https:\/\/marcali.plebania.hu\/?p=7063\"> Read More<span class=\"screen-reader-text\">  Read More<\/span><\/a><\/p>\n","protected":false},"author":2,"featured_media":0,"comment_status":"closed","ping_status":"open","sticky":false,"template":"","format":"standard","meta":{"footnotes":""},"categories":[1],"tags":[],"class_list":["post-7063","post","type-post","status-publish","format-standard","hentry","category-egyeb"],"_links":{"self":[{"href":"https:\/\/marcali.plebania.hu\/index.php?rest_route=\/wp\/v2\/posts\/7063","targetHints":{"allow":["GET"]}}],"collection":[{"href":"https:\/\/marcali.plebania.hu\/index.php?rest_route=\/wp\/v2\/posts"}],"about":[{"href":"https:\/\/marcali.plebania.hu\/index.php?rest_route=\/wp\/v2\/types\/post"}],"author":[{"embeddable":true,"href":"https:\/\/marcali.plebania.hu\/index.php?rest_route=\/wp\/v2\/users\/2"}],"replies":[{"embeddable":true,"href":"https:\/\/marcali.plebania.hu\/index.php?rest_route=%2Fwp%2Fv2%2Fcomments&post=7063"}],"version-history":[{"count":1,"href":"https:\/\/marcali.plebania.hu\/index.php?rest_route=\/wp\/v2\/posts\/7063\/revisions"}],"predecessor-version":[{"id":7076,"href":"https:\/\/marcali.plebania.hu\/index.php?rest_route=\/wp\/v2\/posts\/7063\/revisions\/7076"}],"wp:attachment":[{"href":"https:\/\/marcali.plebania.hu\/index.php?rest_route=%2Fwp%2Fv2%2Fmedia&parent=7063"}],"wp:term":[{"taxonomy":"category","embeddable":true,"href":"https:\/\/marcali.plebania.hu\/index.php?rest_route=%2Fwp%2Fv2%2Fcategories&post=7063"},{"taxonomy":"post_tag","embeddable":true,"href":"https:\/\/marcali.plebania.hu\/index.php?rest_route=%2Fwp%2Fv2%2Ftags&post=7063"}],"curies":[{"name":"wp","href":"https:\/\/api.w.org\/{rel}","templated":true}]}}