{"id":7077,"date":"2025-04-15T13:54:28","date_gmt":"2025-04-15T13:54:28","guid":{"rendered":"https:\/\/marcali.plebania.hu\/?p=7077"},"modified":"2025-04-15T13:54:28","modified_gmt":"2025-04-15T13:54:28","slug":"husveti-elelmiszercsomagokat-kaptak-a-marcali-karitasz-csoport-jovoltabol-a-raszorulok-es-a-gamesz-kozmunkasai","status":"publish","type":"post","link":"https:\/\/marcali.plebania.hu\/?p=7077","title":{"rendered":"H\u00fasv\u00e9ti \u00e9lelmiszercsomagokat kaptak a Marcali Karit\u00e1sz Csoport j\u00f3volt\u00e1b\u00f3l a r\u00e1szorul\u00f3k \u00e9s a GAMESZ k\u00f6zmunk\u00e1sai"},"content":{"rendered":"\n<p>2025. \u00e1prilis 13-\u00e1n, Vir\u00e1gvas\u00e1rnap, a 9 \u00f3r\u00e1s szentmise ut\u00e1n a Gy\u00fcm\u00f6lcsolt\u00f3 Boldogasszony Pl\u00e9b\u00e1niatemplomban osztott\u00e1k ki azokat a h\u00fasv\u00e9ti tart\u00f3s \u00e9lelmiszercsomagokat a Marcali Karit\u00e1sz Csoport tagjai, melyeket a nagyb\u00f6jti gy\u0171jt\u00e9s sor\u00e1n adom\u00e1nyokb\u00f3l kaptak a h\u00edvekt\u0151l, illet\u0151leg a Kaposv\u00e1ri Egyh\u00e1zmegyei Karit\u00e1sz j\u00f3volt\u00e1b\u00f3l.<\/p>\n\n\n\n<figure class=\"wp-block-gallery has-nested-images columns-default is-cropped wp-block-gallery-1 is-layout-flex wp-block-gallery-is-layout-flex\">\n<figure class=\"wp-block-image size-large\"><img loading=\"lazy\" decoding=\"async\" width=\"1024\" height=\"683\" data-id=\"7078\" src=\"https:\/\/marcali.plebania.hu\/wp-content\/uploads\/2025\/04\/26-1024x683.jpg\" alt=\"\" class=\"wp-image-7078\" srcset=\"https:\/\/marcali.plebania.hu\/wp-content\/uploads\/2025\/04\/26-1024x683.jpg 1024w, https:\/\/marcali.plebania.hu\/wp-content\/uploads\/2025\/04\/26-300x200.jpg 300w, https:\/\/marcali.plebania.hu\/wp-content\/uploads\/2025\/04\/26-768x512.jpg 768w, https:\/\/marcali.plebania.hu\/wp-content\/uploads\/2025\/04\/26-1536x1024.jpg 1536w, https:\/\/marcali.plebania.hu\/wp-content\/uploads\/2025\/04\/26-2048x1365.jpg 2048w, https:\/\/marcali.plebania.hu\/wp-content\/uploads\/2025\/04\/26-405x270.jpg 405w\" sizes=\"auto, (max-width: 1024px) 100vw, 1024px\" \/><\/figure>\n\n\n\n<figure class=\"wp-block-image size-large\"><img loading=\"lazy\" decoding=\"async\" width=\"1024\" height=\"683\" data-id=\"7079\" src=\"https:\/\/marcali.plebania.hu\/wp-content\/uploads\/2025\/04\/27-1024x683.jpg\" alt=\"\" class=\"wp-image-7079\" srcset=\"https:\/\/marcali.plebania.hu\/wp-content\/uploads\/2025\/04\/27-1024x683.jpg 1024w, https:\/\/marcali.plebania.hu\/wp-content\/uploads\/2025\/04\/27-300x200.jpg 300w, https:\/\/marcali.plebania.hu\/wp-content\/uploads\/2025\/04\/27-768x512.jpg 768w, https:\/\/marcali.plebania.hu\/wp-content\/uploads\/2025\/04\/27-1536x1024.jpg 1536w, https:\/\/marcali.plebania.hu\/wp-content\/uploads\/2025\/04\/27-2048x1365.jpg 2048w, https:\/\/marcali.plebania.hu\/wp-content\/uploads\/2025\/04\/27-405x270.jpg 405w\" sizes=\"auto, (max-width: 1024px) 100vw, 1024px\" \/><\/figure>\n\n\n\n<figure class=\"wp-block-image size-large\"><img loading=\"lazy\" decoding=\"async\" width=\"1024\" height=\"683\" data-id=\"7080\" src=\"https:\/\/marcali.plebania.hu\/wp-content\/uploads\/2025\/04\/28-1-1024x683.jpg\" alt=\"\" class=\"wp-image-7080\" srcset=\"https:\/\/marcali.plebania.hu\/wp-content\/uploads\/2025\/04\/28-1-1024x683.jpg 1024w, https:\/\/marcali.plebania.hu\/wp-content\/uploads\/2025\/04\/28-1-300x200.jpg 300w, https:\/\/marcali.plebania.hu\/wp-content\/uploads\/2025\/04\/28-1-768x512.jpg 768w, https:\/\/marcali.plebania.hu\/wp-content\/uploads\/2025\/04\/28-1-1536x1024.jpg 1536w, https:\/\/marcali.plebania.hu\/wp-content\/uploads\/2025\/04\/28-1-2048x1365.jpg 2048w, https:\/\/marcali.plebania.hu\/wp-content\/uploads\/2025\/04\/28-1-405x270.jpg 405w\" sizes=\"auto, (max-width: 1024px) 100vw, 1024px\" \/><\/figure>\n\n\n\n<figure class=\"wp-block-image size-large\"><img loading=\"lazy\" decoding=\"async\" width=\"1024\" height=\"683\" data-id=\"7087\" src=\"https:\/\/marcali.plebania.hu\/wp-content\/uploads\/2025\/04\/31-1-1024x683.jpg\" alt=\"\" class=\"wp-image-7087\" srcset=\"https:\/\/marcali.plebania.hu\/wp-content\/uploads\/2025\/04\/31-1-1024x683.jpg 1024w, https:\/\/marcali.plebania.hu\/wp-content\/uploads\/2025\/04\/31-1-300x200.jpg 300w, https:\/\/marcali.plebania.hu\/wp-content\/uploads\/2025\/04\/31-1-768x512.jpg 768w, https:\/\/marcali.plebania.hu\/wp-content\/uploads\/2025\/04\/31-1-1536x1024.jpg 1536w, https:\/\/marcali.plebania.hu\/wp-content\/uploads\/2025\/04\/31-1-2048x1365.jpg 2048w, https:\/\/marcali.plebania.hu\/wp-content\/uploads\/2025\/04\/31-1-405x270.jpg 405w\" sizes=\"auto, (max-width: 1024px) 100vw, 1024px\" \/><\/figure>\n<\/figure>\n\n\n\n<p>A Magyar Katolikus Karit\u00e1sz az idei esztend\u0151ben is meghirdette az orsz\u00e1g valamennyi katolikus templom\u00e1ba a nagyb\u00f6jti tart\u00f3s \u00e9lelmiszergy\u0171jt\u00e9st, hogy H\u00fasv\u00e9tra az id\u0151sek, egyed\u00fcl\u00e1ll\u00f3k, \u00e9s a r\u00e1szorul\u00f3 csal\u00e1dok t\u00e1mogat\u00e1s\u00e1ra h\u00edvja fel a figyelmet, illetve k\u00fcl\u00f6nf\u00e9le adom\u00e1nyokkal seg\u00edtse a helyben \u00e9l\u0151 r\u00e1szorul\u00f3kat.<\/p>\n\n\n\n<p>Marcaliban is egy h\u00e9tig tartott ez az akci\u00f3, mik\u00f6zben a h\u00edvek a pl\u00e9b\u00e1niatemplomba, a Boldog Gizella, \u00e9s a gombai templomokba vihett\u00e9k el felaj\u00e1nl\u00e1saikat, (mint pl. \u00e9tolajat, sz\u00e1razt\u00e9szt\u00e1t, krist\u00e1lycukrot, lisztet, rizst \u00e9s k\u00fcl\u00f6nf\u00e9le konzerveket, \u00e9dess\u00e9geket stb.) els\u0151sorban az alapvet\u0151 tart\u00f3s \u00e9lelmiszereket.<\/p>\n\n\n\n<figure class=\"wp-block-gallery has-nested-images columns-default is-cropped wp-block-gallery-2 is-layout-flex wp-block-gallery-is-layout-flex\">\n<figure class=\"wp-block-image size-large\"><img loading=\"lazy\" decoding=\"async\" width=\"1024\" height=\"683\" data-id=\"7085\" src=\"https:\/\/marcali.plebania.hu\/wp-content\/uploads\/2025\/04\/32-1024x683.jpg\" alt=\"\" class=\"wp-image-7085\" srcset=\"https:\/\/marcali.plebania.hu\/wp-content\/uploads\/2025\/04\/32-1024x683.jpg 1024w, https:\/\/marcali.plebania.hu\/wp-content\/uploads\/2025\/04\/32-300x200.jpg 300w, https:\/\/marcali.plebania.hu\/wp-content\/uploads\/2025\/04\/32-768x512.jpg 768w, https:\/\/marcali.plebania.hu\/wp-content\/uploads\/2025\/04\/32-1536x1024.jpg 1536w, https:\/\/marcali.plebania.hu\/wp-content\/uploads\/2025\/04\/32-2048x1365.jpg 2048w, https:\/\/marcali.plebania.hu\/wp-content\/uploads\/2025\/04\/32-405x270.jpg 405w\" sizes=\"auto, (max-width: 1024px) 100vw, 1024px\" \/><\/figure>\n\n\n\n<figure class=\"wp-block-image size-large\"><img loading=\"lazy\" decoding=\"async\" width=\"1024\" height=\"683\" data-id=\"7082\" src=\"https:\/\/marcali.plebania.hu\/wp-content\/uploads\/2025\/04\/34-1-1024x683.jpg\" alt=\"\" class=\"wp-image-7082\" srcset=\"https:\/\/marcali.plebania.hu\/wp-content\/uploads\/2025\/04\/34-1-1024x683.jpg 1024w, https:\/\/marcali.plebania.hu\/wp-content\/uploads\/2025\/04\/34-1-300x200.jpg 300w, https:\/\/marcali.plebania.hu\/wp-content\/uploads\/2025\/04\/34-1-768x512.jpg 768w, https:\/\/marcali.plebania.hu\/wp-content\/uploads\/2025\/04\/34-1-1536x1024.jpg 1536w, https:\/\/marcali.plebania.hu\/wp-content\/uploads\/2025\/04\/34-1-2048x1365.jpg 2048w, https:\/\/marcali.plebania.hu\/wp-content\/uploads\/2025\/04\/34-1-405x270.jpg 405w\" sizes=\"auto, (max-width: 1024px) 100vw, 1024px\" \/><\/figure>\n\n\n\n<figure class=\"wp-block-image size-large\"><img loading=\"lazy\" decoding=\"async\" width=\"1024\" height=\"683\" data-id=\"7086\" src=\"https:\/\/marcali.plebania.hu\/wp-content\/uploads\/2025\/04\/35-2-1024x683.jpg\" alt=\"\" class=\"wp-image-7086\" srcset=\"https:\/\/marcali.plebania.hu\/wp-content\/uploads\/2025\/04\/35-2-1024x683.jpg 1024w, https:\/\/marcali.plebania.hu\/wp-content\/uploads\/2025\/04\/35-2-300x200.jpg 300w, https:\/\/marcali.plebania.hu\/wp-content\/uploads\/2025\/04\/35-2-768x512.jpg 768w, https:\/\/marcali.plebania.hu\/wp-content\/uploads\/2025\/04\/35-2-1536x1024.jpg 1536w, https:\/\/marcali.plebania.hu\/wp-content\/uploads\/2025\/04\/35-2-2048x1365.jpg 2048w, https:\/\/marcali.plebania.hu\/wp-content\/uploads\/2025\/04\/35-2-405x270.jpg 405w\" sizes=\"auto, (max-width: 1024px) 100vw, 1024px\" \/><\/figure>\n\n\n\n<figure class=\"wp-block-image size-large\"><img loading=\"lazy\" decoding=\"async\" width=\"1024\" height=\"683\" data-id=\"7084\" src=\"https:\/\/marcali.plebania.hu\/wp-content\/uploads\/2025\/04\/36-1-1024x683.jpg\" alt=\"\" class=\"wp-image-7084\" srcset=\"https:\/\/marcali.plebania.hu\/wp-content\/uploads\/2025\/04\/36-1-1024x683.jpg 1024w, https:\/\/marcali.plebania.hu\/wp-content\/uploads\/2025\/04\/36-1-300x200.jpg 300w, https:\/\/marcali.plebania.hu\/wp-content\/uploads\/2025\/04\/36-1-768x512.jpg 768w, https:\/\/marcali.plebania.hu\/wp-content\/uploads\/2025\/04\/36-1-1536x1024.jpg 1536w, https:\/\/marcali.plebania.hu\/wp-content\/uploads\/2025\/04\/36-1-2048x1365.jpg 2048w, https:\/\/marcali.plebania.hu\/wp-content\/uploads\/2025\/04\/36-1-405x270.jpg 405w\" sizes=\"auto, (max-width: 1024px) 100vw, 1024px\" \/><\/figure>\n<\/figure>\n\n\n\n<p>A mintegy 500 kg-nyi adom\u00e1nyokb\u00f3l a Karit\u00e1sz \u00f6nk\u00e9ntesek \u2013 S\u00e1voly Andrea \u00e9s T\u00f3th P\u00e9ter vezet\u00e9s\u00e9vel \u2013 \u00f6sszesen 55 db csomagot \u00e1ll\u00edtottak \u00f6ssze \u00e9s ebb\u0151l 37-et a vir\u00e1gvas\u00e1rnapi szentmise ut\u00e1n adtak \u00e1t a pl\u00e9b\u00e1niatemplomban azoknak, akik el tudtak j\u00f6nni. A mozg\u00e1sukban korl\u00e1tozott, vagy az id\u0151s, betegeknek pedig a Karit\u00e1sz-aktivist\u00e1k vitt\u00e9k el az adom\u00e1nyokat.<\/p>\n\n\n\n<figure class=\"wp-block-gallery has-nested-images columns-default is-cropped wp-block-gallery-3 is-layout-flex wp-block-gallery-is-layout-flex\">\n<figure class=\"wp-block-image size-large\"><img loading=\"lazy\" decoding=\"async\" width=\"1024\" height=\"768\" data-id=\"7088\" src=\"https:\/\/marcali.plebania.hu\/wp-content\/uploads\/2025\/04\/1000001517-1024x768.jpg\" alt=\"\" class=\"wp-image-7088\" srcset=\"https:\/\/marcali.plebania.hu\/wp-content\/uploads\/2025\/04\/1000001517-1024x768.jpg 1024w, https:\/\/marcali.plebania.hu\/wp-content\/uploads\/2025\/04\/1000001517-300x225.jpg 300w, https:\/\/marcali.plebania.hu\/wp-content\/uploads\/2025\/04\/1000001517-768x576.jpg 768w, https:\/\/marcali.plebania.hu\/wp-content\/uploads\/2025\/04\/1000001517-1536x1152.jpg 1536w, https:\/\/marcali.plebania.hu\/wp-content\/uploads\/2025\/04\/1000001517-2048x1536.jpg 2048w, https:\/\/marcali.plebania.hu\/wp-content\/uploads\/2025\/04\/1000001517-360x270.jpg 360w\" sizes=\"auto, (max-width: 1024px) 100vw, 1024px\" \/><\/figure>\n\n\n\n<figure class=\"wp-block-image size-large\"><img loading=\"lazy\" decoding=\"async\" width=\"1024\" height=\"768\" data-id=\"7089\" src=\"https:\/\/marcali.plebania.hu\/wp-content\/uploads\/2025\/04\/1000001519-1024x768.jpg\" alt=\"\" class=\"wp-image-7089\" srcset=\"https:\/\/marcali.plebania.hu\/wp-content\/uploads\/2025\/04\/1000001519-1024x768.jpg 1024w, https:\/\/marcali.plebania.hu\/wp-content\/uploads\/2025\/04\/1000001519-300x225.jpg 300w, https:\/\/marcali.plebania.hu\/wp-content\/uploads\/2025\/04\/1000001519-768x576.jpg 768w, https:\/\/marcali.plebania.hu\/wp-content\/uploads\/2025\/04\/1000001519-1536x1152.jpg 1536w, https:\/\/marcali.plebania.hu\/wp-content\/uploads\/2025\/04\/1000001519-2048x1536.jpg 2048w, https:\/\/marcali.plebania.hu\/wp-content\/uploads\/2025\/04\/1000001519-360x270.jpg 360w\" sizes=\"auto, (max-width: 1024px) 100vw, 1024px\" \/><\/figure>\n\n\n\n<figure class=\"wp-block-image size-large\"><img loading=\"lazy\" decoding=\"async\" width=\"1024\" height=\"768\" data-id=\"7091\" src=\"https:\/\/marcali.plebania.hu\/wp-content\/uploads\/2025\/04\/1000001522-1024x768.jpg\" alt=\"\" class=\"wp-image-7091\" srcset=\"https:\/\/marcali.plebania.hu\/wp-content\/uploads\/2025\/04\/1000001522-1024x768.jpg 1024w, https:\/\/marcali.plebania.hu\/wp-content\/uploads\/2025\/04\/1000001522-300x225.jpg 300w, https:\/\/marcali.plebania.hu\/wp-content\/uploads\/2025\/04\/1000001522-768x576.jpg 768w, https:\/\/marcali.plebania.hu\/wp-content\/uploads\/2025\/04\/1000001522-1536x1152.jpg 1536w, https:\/\/marcali.plebania.hu\/wp-content\/uploads\/2025\/04\/1000001522-2048x1536.jpg 2048w, https:\/\/marcali.plebania.hu\/wp-content\/uploads\/2025\/04\/1000001522-360x270.jpg 360w\" sizes=\"auto, (max-width: 1024px) 100vw, 1024px\" \/><\/figure>\n\n\n\n<figure class=\"wp-block-image size-large\"><img loading=\"lazy\" decoding=\"async\" width=\"1024\" height=\"768\" data-id=\"7090\" src=\"https:\/\/marcali.plebania.hu\/wp-content\/uploads\/2025\/04\/1000001523-1024x768.jpg\" alt=\"\" class=\"wp-image-7090\" srcset=\"https:\/\/marcali.plebania.hu\/wp-content\/uploads\/2025\/04\/1000001523-1024x768.jpg 1024w, https:\/\/marcali.plebania.hu\/wp-content\/uploads\/2025\/04\/1000001523-300x225.jpg 300w, https:\/\/marcali.plebania.hu\/wp-content\/uploads\/2025\/04\/1000001523-768x576.jpg 768w, https:\/\/marcali.plebania.hu\/wp-content\/uploads\/2025\/04\/1000001523-1536x1152.jpg 1536w, https:\/\/marcali.plebania.hu\/wp-content\/uploads\/2025\/04\/1000001523-2048x1536.jpg 2048w, https:\/\/marcali.plebania.hu\/wp-content\/uploads\/2025\/04\/1000001523-360x270.jpg 360w\" sizes=\"auto, (max-width: 1024px) 100vw, 1024px\" \/><\/figure>\n<\/figure>\n\n\n\n<p>Ebb\u0151l a f\u00e9lsz\u00e1z csomagb\u00f3l a marad\u00e9k 18 db-ot pedig \u00e1prilis 14-\u00e9n, h\u00e9tf\u0151n 15 \u00f3rakor a GAMESZ szoci\u00e1lisan r\u00e1szorul\u00f3 k\u00f6zmunk\u00e1sai kaptak meg az int\u00e9zm\u00e9ny\u00fckben. Ezek a tart\u00f3s \u00e9lelmiszerek a h\u00fasv\u00e9ti \u00fcnnepek el\u0151tt nagy seg\u00edts\u00e9get jelentenek nekik \u00e9s csal\u00e1djaiknak is, akik \u00f6r\u00f6mmel vett\u00e9k \u00e1t az adom\u00e1nyokat.<\/p>\n\n\n\n<figure class=\"wp-block-gallery has-nested-images columns-default is-cropped wp-block-gallery-4 is-layout-flex wp-block-gallery-is-layout-flex\">\n<figure class=\"wp-block-image size-large\"><img loading=\"lazy\" decoding=\"async\" width=\"1024\" height=\"768\" data-id=\"7092\" src=\"https:\/\/marcali.plebania.hu\/wp-content\/uploads\/2025\/04\/1000001525-1024x768.jpg\" alt=\"\" class=\"wp-image-7092\" srcset=\"https:\/\/marcali.plebania.hu\/wp-content\/uploads\/2025\/04\/1000001525-1024x768.jpg 1024w, https:\/\/marcali.plebania.hu\/wp-content\/uploads\/2025\/04\/1000001525-300x225.jpg 300w, https:\/\/marcali.plebania.hu\/wp-content\/uploads\/2025\/04\/1000001525-768x576.jpg 768w, https:\/\/marcali.plebania.hu\/wp-content\/uploads\/2025\/04\/1000001525-1536x1152.jpg 1536w, https:\/\/marcali.plebania.hu\/wp-content\/uploads\/2025\/04\/1000001525-2048x1536.jpg 2048w, https:\/\/marcali.plebania.hu\/wp-content\/uploads\/2025\/04\/1000001525-360x270.jpg 360w\" sizes=\"auto, (max-width: 1024px) 100vw, 1024px\" \/><\/figure>\n\n\n\n<figure class=\"wp-block-image size-large\"><img loading=\"lazy\" decoding=\"async\" width=\"1024\" height=\"768\" data-id=\"7093\" src=\"https:\/\/marcali.plebania.hu\/wp-content\/uploads\/2025\/04\/1000001526-1024x768.jpg\" alt=\"\" class=\"wp-image-7093\" srcset=\"https:\/\/marcali.plebania.hu\/wp-content\/uploads\/2025\/04\/1000001526-1024x768.jpg 1024w, https:\/\/marcali.plebania.hu\/wp-content\/uploads\/2025\/04\/1000001526-300x225.jpg 300w, https:\/\/marcali.plebania.hu\/wp-content\/uploads\/2025\/04\/1000001526-768x576.jpg 768w, https:\/\/marcali.plebania.hu\/wp-content\/uploads\/2025\/04\/1000001526-1536x1152.jpg 1536w, https:\/\/marcali.plebania.hu\/wp-content\/uploads\/2025\/04\/1000001526-2048x1536.jpg 2048w, https:\/\/marcali.plebania.hu\/wp-content\/uploads\/2025\/04\/1000001526-360x270.jpg 360w\" sizes=\"auto, (max-width: 1024px) 100vw, 1024px\" \/><\/figure>\n\n\n\n<figure class=\"wp-block-image size-large\"><img loading=\"lazy\" decoding=\"async\" width=\"1024\" height=\"768\" data-id=\"7095\" src=\"https:\/\/marcali.plebania.hu\/wp-content\/uploads\/2025\/04\/1000001527-1024x768.jpg\" alt=\"\" class=\"wp-image-7095\" srcset=\"https:\/\/marcali.plebania.hu\/wp-content\/uploads\/2025\/04\/1000001527-1024x768.jpg 1024w, https:\/\/marcali.plebania.hu\/wp-content\/uploads\/2025\/04\/1000001527-300x225.jpg 300w, https:\/\/marcali.plebania.hu\/wp-content\/uploads\/2025\/04\/1000001527-768x576.jpg 768w, https:\/\/marcali.plebania.hu\/wp-content\/uploads\/2025\/04\/1000001527-1536x1152.jpg 1536w, https:\/\/marcali.plebania.hu\/wp-content\/uploads\/2025\/04\/1000001527-2048x1536.jpg 2048w, https:\/\/marcali.plebania.hu\/wp-content\/uploads\/2025\/04\/1000001527-360x270.jpg 360w\" sizes=\"auto, (max-width: 1024px) 100vw, 1024px\" \/><\/figure>\n\n\n\n<figure class=\"wp-block-image size-large\"><img loading=\"lazy\" decoding=\"async\" width=\"1024\" height=\"768\" data-id=\"7094\" src=\"https:\/\/marcali.plebania.hu\/wp-content\/uploads\/2025\/04\/1000001528-1024x768.jpg\" alt=\"\" class=\"wp-image-7094\" srcset=\"https:\/\/marcali.plebania.hu\/wp-content\/uploads\/2025\/04\/1000001528-1024x768.jpg 1024w, https:\/\/marcali.plebania.hu\/wp-content\/uploads\/2025\/04\/1000001528-300x225.jpg 300w, https:\/\/marcali.plebania.hu\/wp-content\/uploads\/2025\/04\/1000001528-768x576.jpg 768w, https:\/\/marcali.plebania.hu\/wp-content\/uploads\/2025\/04\/1000001528-1536x1152.jpg 1536w, https:\/\/marcali.plebania.hu\/wp-content\/uploads\/2025\/04\/1000001528-2048x1536.jpg 2048w, https:\/\/marcali.plebania.hu\/wp-content\/uploads\/2025\/04\/1000001528-360x270.jpg 360w\" sizes=\"auto, (max-width: 1024px) 100vw, 1024px\" \/><\/figure>\n<\/figure>\n\n\n\n<p>V\u00e9g\u00fcl a k\u00f6vetkez\u0151 napokban, Tomanek Ferenc \u00c1ron pl\u00e9b\u00e1nossal egy\u00fctt, m\u00e9g a v\u00e1rosban l\u00e9v\u0151 id\u0151sek otthonaiba is ell\u00e1togatnak a Karit\u00e1sz csoport tagjai, akik gy\u00fcm\u00f6lcs\u00f6t \u00e9s H\u00fasv\u00e9t \u00fczenet\u00e9t viszik el a bentlak\u00f3 sz\u00e9pkor\u00faaknak.<\/p>\n\n\n\n<p>\u00cdrta \u00e9s fot\u00f3k: Kiss K\u00e1lm\u00e1n<\/p>\n","protected":false},"excerpt":{"rendered":"<p>2025. \u00e1prilis 13-\u00e1n, Vir\u00e1gvas\u00e1rnap, a 9 \u00f3r\u00e1s szentmise ut\u00e1n a Gy\u00fcm\u00f6lcsolt\u00f3 Boldogasszony Pl\u00e9b\u00e1niatemplomban osztott\u00e1k ki azokat a h\u00fasv\u00e9ti tart\u00f3s \u00e9lelmiszercsomagokat a Marcali Karit\u00e1sz Csoport tagjai, melyeket a nagyb\u00f6jti gy\u0171jt\u00e9s sor\u00e1n adom\u00e1nyokb\u00f3l kaptak a h\u00edvekt\u0151l, illet\u0151leg a Kaposv\u00e1ri Egyh\u00e1zmegyei Karit\u00e1sz j\u00f3volt\u00e1b\u00f3l. A Magyar Katolikus Karit\u00e1sz az idei esztend\u0151ben is meghirdette az orsz\u00e1g valamennyi katolikus templom\u00e1ba a nagyb\u00f6jti tart\u00f3s \u00e9lelmiszergy\u0171jt\u00e9st, hogy H\u00fasv\u00e9tra az id\u0151sek, egyed\u00fcl\u00e1ll\u00f3k, \u00e9s a r\u00e1szorul\u00f3 csal\u00e1dok t\u00e1mogat\u00e1s\u00e1ra h\u00edvja fel a figyelmet, illetve k\u00fcl\u00f6nf\u00e9le adom\u00e1nyokkal seg\u00edtse a helyben \u00e9l\u0151 r\u00e1szorul\u00f3kat&#8230;.<\/p>\n<p class=\"read-more\"><a class=\"btn btn-default\" href=\"https:\/\/marcali.plebania.hu\/?p=7077\"> Read More<span class=\"screen-reader-text\">  Read More<\/span><\/a><\/p>\n","protected":false},"author":2,"featured_media":0,"comment_status":"closed","ping_status":"open","sticky":false,"template":"","format":"standard","meta":{"footnotes":""},"categories":[1],"tags":[],"class_list":["post-7077","post","type-post","status-publish","format-standard","hentry","category-egyeb"],"_links":{"self":[{"href":"https:\/\/marcali.plebania.hu\/index.php?rest_route=\/wp\/v2\/posts\/7077","targetHints":{"allow":["GET"]}}],"collection":[{"href":"https:\/\/marcali.plebania.hu\/index.php?rest_route=\/wp\/v2\/posts"}],"about":[{"href":"https:\/\/marcali.plebania.hu\/index.php?rest_route=\/wp\/v2\/types\/post"}],"author":[{"embeddable":true,"href":"https:\/\/marcali.plebania.hu\/index.php?rest_route=\/wp\/v2\/users\/2"}],"replies":[{"embeddable":true,"href":"https:\/\/marcali.plebania.hu\/index.php?rest_route=%2Fwp%2Fv2%2Fcomments&post=7077"}],"version-history":[{"count":1,"href":"https:\/\/marcali.plebania.hu\/index.php?rest_route=\/wp\/v2\/posts\/7077\/revisions"}],"predecessor-version":[{"id":7096,"href":"https:\/\/marcali.plebania.hu\/index.php?rest_route=\/wp\/v2\/posts\/7077\/revisions\/7096"}],"wp:attachment":[{"href":"https:\/\/marcali.plebania.hu\/index.php?rest_route=%2Fwp%2Fv2%2Fmedia&parent=7077"}],"wp:term":[{"taxonomy":"category","embeddable":true,"href":"https:\/\/marcali.plebania.hu\/index.php?rest_route=%2Fwp%2Fv2%2Fcategories&post=7077"},{"taxonomy":"post_tag","embeddable":true,"href":"https:\/\/marcali.plebania.hu\/index.php?rest_route=%2Fwp%2Fv2%2Ftags&post=7077"}],"curies":[{"name":"wp","href":"https:\/\/api.w.org\/{rel}","templated":true}]}}