{"id":7098,"date":"2025-04-19T22:07:20","date_gmt":"2025-04-19T22:07:20","guid":{"rendered":"https:\/\/marcali.plebania.hu\/?p=7098"},"modified":"2025-04-19T22:07:20","modified_gmt":"2025-04-19T22:07:20","slug":"hirdetesek-2025-aprilis-20-an","status":"publish","type":"post","link":"https:\/\/marcali.plebania.hu\/?p=7098","title":{"rendered":"Hirdet\u00e9sek 2025. \u00e1prilis 20-\u00e1n"},"content":{"rendered":"\n<p><a href=\"https:\/\/igenaptar.katolikus.hu\/nap\/index.php?holnap=2025-04-20\" target=\"_blank\" rel=\"noreferrer noopener\"><u>H\u00fasv\u00e9tvas\u00e1rnap &#8211; Urunk felt\u00e1mad\u00e1sa<\/u><\/a><\/p>\n\n\n\n<ol start=\"1\" class=\"wp-block-list\">\n<li>H\u00e1l\u00e1san <strong>k\u00f6sz\u00f6n\u00fcnk minden seg\u00edts\u00e9get \u00e9s szolg\u00e1latot<\/strong> a Vir\u00e1gvas\u00e1rnap \u00e9s a H\u00fasv\u00e9ti Szent H\u00e1romnap m\u00e9lt\u00f3 meg\u00fcnnepl\u00e9s\u00e9hez: ministr\u00e1l\u00e1st, \u00e9nekl\u00e9st, felolvas\u00e1st, takar\u00edt\u00e1st, d\u00edsz\u00edt\u00e9st, bark\u00e1t, a szent s\u00edr elk\u00e9sz\u00edt\u00e9s\u00e9t, jelenl\u00e9tet \u00e9s bekapcsol\u00f3d\u00e1st a nagyheti szertart\u00e1sokba \u00e9s im\u00e1ds\u00e1gokba.<\/li>\n\n\n\n<li>H\u00fasv\u00e9tvas\u00e1rnap &#8211; <strong>Urunk felt\u00e1mad\u00e1sa \u00fcnnep\u00e9<\/strong>n &#8211; 8:00-kor \u00e9telszentel\u00e9s a pl\u00e9b\u00e1niatemplomban, 9:00-kor \u00fcnnepi szentmise a pl\u00e9b\u00e1niatemplomban, 11:00-kor Gomb\u00e1n, 17:30-kor a Boldog Gizella templomban.<\/li>\n\n\n\n<li><span style=\"text-decoration: underline;\">H\u00fasv\u00e9th\u00e9tf\u0151n<\/span> 9:00-kor a pl\u00e9b\u00e1niatemplomban, 11:00-kor Biz\u00e9n lesz szentmise.<\/li>\n\n\n\n<li>K\u00f6sz\u00f6nj\u00fck a nagyb\u00f6jti <strong>rejtv\u00e9ny<\/strong>ek megold\u00e1sait. Eredm\u00e9nyhirdet\u00e9s k\u00e9t h\u00e9t m\u00falva, m\u00e1jus 4-\u00e9n lesz.<\/li>\n\n\n\n<li><span style=\"text-decoration: underline;\">Kedden<\/span> igeliturgia lesz a szentmise idej\u00e9n, <span style=\"text-decoration: underline;\">cs\u00fct\u00f6rt\u00f6k\u00f6n<\/span> nem lesz szentmise templomunkban.<\/li>\n\n\n\n<li>A <strong>F\u00e9rfi-k\u00f6r<\/strong> k\u00f6vetkez\u0151 tal\u00e1lkoz\u00f3ja <span style=\"text-decoration: underline;\">szerd\u00e1n<\/span> 18:00-kor kezd\u0151dik a pl\u00e9b\u00e1ni\u00e1n.<\/li>\n\n\n\n<li><strong>\u201eMi\u00e9rt hiszek?\u201d-sorozat<\/strong>unk k\u00f6vetkez\u0151 vend\u00e9ge Jakusovszki Dorina lesz. <span style=\"text-decoration: underline;\">Cs\u00fct\u00f6rt\u00f6k\u00f6n<\/span> 18:15-kor kezdi \u201eZar\u00e1ndokutakon k\u00edv\u00fcl-bel\u00fcl\u201d c\u00edm\u0171 el\u0151ad\u00e1s\u00e1t, tan\u00fas\u00e1gt\u00e9tel\u00e9t az X-h\u00e1zban (D\u00f3zsa Gy. u. 3.). Szeretettel h\u00edvjuk az \u00e9rdekl\u0151d\u0151ket.<\/li>\n\n\n\n<li>J\u00f6v\u0151 <span style=\"text-decoration: underline;\">vas\u00e1rnap<\/span> 9:00-kor lesz szentmise a pl\u00e9b\u00e1niatemplomban \u00e9s 17:30-kor a Boldog Gizella-templomban.<\/li>\n\n\n\n<li>T\u00e1rsast\u00e1nc-iskol\u00e1nk k\u00f6vetkez\u0151 alkalma m\u00e1jus 1-j\u00e9n 18:15-kor kezd\u0151dik az X-h\u00e1zban. Aki szeretne csatlakozni, p\u00e1rj\u00e1val vagy egyed\u00fcl, az irod\u00e1nak k\u00fcld\u00f6tt e-mailben jelezheti sz\u00e1nd\u00e9k\u00e1t.<\/li>\n<\/ol>\n\n\n\n<p class=\"has-text-align-right\"><em>\u00c1ldott h\u00fasv\u00e9tot k\u00edv\u00e1nunk, Krisztus felt\u00e1madt!<\/em><\/p>\n\n\n\n<hr class=\"wp-block-separator has-alpha-channel-opacity\"\/>\n\n\n\n<figure class=\"wp-block-image size-large\"><img loading=\"lazy\" decoding=\"async\" width=\"1024\" height=\"603\" src=\"https:\/\/marcali.plebania.hu\/wp-content\/uploads\/2025\/04\/250420-1024x603.png\" alt=\"\" class=\"wp-image-7099\" srcset=\"https:\/\/marcali.plebania.hu\/wp-content\/uploads\/2025\/04\/250420-1024x603.png 1024w, https:\/\/marcali.plebania.hu\/wp-content\/uploads\/2025\/04\/250420-300x177.png 300w, https:\/\/marcali.plebania.hu\/wp-content\/uploads\/2025\/04\/250420-768x452.png 768w, https:\/\/marcali.plebania.hu\/wp-content\/uploads\/2025\/04\/250420-1536x905.png 1536w, https:\/\/marcali.plebania.hu\/wp-content\/uploads\/2025\/04\/250420-458x270.png 458w, https:\/\/marcali.plebania.hu\/wp-content\/uploads\/2025\/04\/250420.png 1567w\" sizes=\"auto, (max-width: 1024px) 100vw, 1024px\" \/><\/figure>\n","protected":false},"excerpt":{"rendered":"<p>H\u00fasv\u00e9tvas\u00e1rnap &#8211; Urunk felt\u00e1mad\u00e1sa \u00c1ldott h\u00fasv\u00e9tot k\u00edv\u00e1nunk, Krisztus felt\u00e1madt!<\/p>\n","protected":false},"author":1,"featured_media":0,"comment_status":"closed","ping_status":"open","sticky":false,"template":"","format":"standard","meta":{"footnotes":""},"categories":[3],"tags":[],"class_list":["post-7098","post","type-post","status-publish","format-standard","hentry","category-hirdetesek"],"_links":{"self":[{"href":"https:\/\/marcali.plebania.hu\/index.php?rest_route=\/wp\/v2\/posts\/7098","targetHints":{"allow":["GET"]}}],"collection":[{"href":"https:\/\/marcali.plebania.hu\/index.php?rest_route=\/wp\/v2\/posts"}],"about":[{"href":"https:\/\/marcali.plebania.hu\/index.php?rest_route=\/wp\/v2\/types\/post"}],"author":[{"embeddable":true,"href":"https:\/\/marcali.plebania.hu\/index.php?rest_route=\/wp\/v2\/users\/1"}],"replies":[{"embeddable":true,"href":"https:\/\/marcali.plebania.hu\/index.php?rest_route=%2Fwp%2Fv2%2Fcomments&post=7098"}],"version-history":[{"count":1,"href":"https:\/\/marcali.plebania.hu\/index.php?rest_route=\/wp\/v2\/posts\/7098\/revisions"}],"predecessor-version":[{"id":7100,"href":"https:\/\/marcali.plebania.hu\/index.php?rest_route=\/wp\/v2\/posts\/7098\/revisions\/7100"}],"wp:attachment":[{"href":"https:\/\/marcali.plebania.hu\/index.php?rest_route=%2Fwp%2Fv2%2Fmedia&parent=7098"}],"wp:term":[{"taxonomy":"category","embeddable":true,"href":"https:\/\/marcali.plebania.hu\/index.php?rest_route=%2Fwp%2Fv2%2Fcategories&post=7098"},{"taxonomy":"post_tag","embeddable":true,"href":"https:\/\/marcali.plebania.hu\/index.php?rest_route=%2Fwp%2Fv2%2Ftags&post=7098"}],"curies":[{"name":"wp","href":"https:\/\/api.w.org\/{rel}","templated":true}]}}