{"id":710,"date":"2019-03-22T08:43:18","date_gmt":"2019-03-22T08:43:18","guid":{"rendered":"https:\/\/marcali.plebania.hu\/?p=710"},"modified":"2019-03-22T08:43:18","modified_gmt":"2019-03-22T08:43:18","slug":"hirdetesek-2019-03-24","status":"publish","type":"post","link":"https:\/\/marcali.plebania.hu\/?p=710","title":{"rendered":"Hirdet\u00e9sek, 2019. 03. 24."},"content":{"rendered":"\n<ol class=\"wp-block-list\"><li>Ma van Nagyb\u00f6jt 3. vas\u00e1rnapja. Ma \u00e9s\nj\u00f6v\u0151 vas\u00e1rnap tart\u00f3s \u00e9lelmiszer gy\u0171jt\u00e9s a templomokban a szeg\u00e9nyek jav\u00e1ra.<\/li><li>H\u00e9tf\u0151n Gy\u00fcm\u00f6lcsolt\u00f3 Boldogasszony\n\u00fcnnepe, templomunk b\u00facs\u00fa \u00fcnnepe. Szentmise 17 \u00f3rakor.<\/li><li>P\u00e9nteken kereszt\u00fati \u00e1jtatoss\u00e1got\nv\u00e9gz\u00fcnk 16.30-kor, melyet a R\u00f3zsaf\u00fcz\u00e9r T\u00e1rsulat tagjai vezetnek. Ut\u00e1na\nszentmise.<\/li><li>J\u00f6v\u0151 vas\u00e1rnap \u00f3ra\u00e1t\u00e1ll\u00edt\u00e1s. A\nv\u00e1rosban egyetlen szentmise lesz 10 \u00f3rakor a pl\u00e9b\u00e1niatemplomban. Erre a\njubileumi szentmis\u00e9re szeretettel h\u00edvom mindh\u00e1rom templom k\u00f6z\u00f6ss\u00e9g\u00e9t.<\/li><li>\u00d6r\u00f6mmel k\u00f6zl\u00f6m, hogy az Eukarisztikus\nkongresszust is jelk\u00e9pez\u0151 Misszi\u00f3s Kereszt v\u00e1rosunkat is megl\u00e1togatja, j\u00falius\n5-t\u0151l 7-ig. A programot majd h\u00fasv\u00e9t ut\u00e1n hirdetem.<\/li><li>Nagyb\u00f6jti Lelki Napunk \u00e1prilis 6-\u00e1n\n(szombaton) lesz, melyet Neumajer Zolt\u00e1n vezet.<\/li><\/ol>\n","protected":false},"excerpt":{"rendered":"<p>Ma van Nagyb\u00f6jt 3. vas\u00e1rnapja. Ma \u00e9s j\u00f6v\u0151 vas\u00e1rnap tart\u00f3s \u00e9lelmiszer gy\u0171jt\u00e9s a templomokban a szeg\u00e9nyek jav\u00e1ra. H\u00e9tf\u0151n Gy\u00fcm\u00f6lcsolt\u00f3 Boldogasszony \u00fcnnepe, templomunk b\u00facs\u00fa \u00fcnnepe. Szentmise 17 \u00f3rakor. P\u00e9nteken kereszt\u00fati \u00e1jtatoss\u00e1got v\u00e9gz\u00fcnk 16.30-kor, melyet a R\u00f3zsaf\u00fcz\u00e9r T\u00e1rsulat tagjai vezetnek. Ut\u00e1na szentmise. J\u00f6v\u0151 vas\u00e1rnap \u00f3ra\u00e1t\u00e1ll\u00edt\u00e1s. A v\u00e1rosban egyetlen szentmise lesz 10 \u00f3rakor a pl\u00e9b\u00e1niatemplomban. Erre a jubileumi szentmis\u00e9re szeretettel h\u00edvom mindh\u00e1rom templom k\u00f6z\u00f6ss\u00e9g\u00e9t. \u00d6r\u00f6mmel k\u00f6zl\u00f6m, hogy az Eukarisztikus kongresszust is jelk\u00e9pez\u0151 Misszi\u00f3s Kereszt v\u00e1rosunkat is megl\u00e1togatja, j\u00falius 5-t\u0151l 7-ig. A programot majd&#8230;<\/p>\n<p class=\"read-more\"><a class=\"btn btn-default\" href=\"https:\/\/marcali.plebania.hu\/?p=710\"> Read More<span class=\"screen-reader-text\">  Read More<\/span><\/a><\/p>\n","protected":false},"author":2,"featured_media":0,"comment_status":"closed","ping_status":"open","sticky":false,"template":"","format":"standard","meta":{"footnotes":""},"categories":[1],"tags":[],"class_list":["post-710","post","type-post","status-publish","format-standard","hentry","category-egyeb"],"_links":{"self":[{"href":"https:\/\/marcali.plebania.hu\/index.php?rest_route=\/wp\/v2\/posts\/710","targetHints":{"allow":["GET"]}}],"collection":[{"href":"https:\/\/marcali.plebania.hu\/index.php?rest_route=\/wp\/v2\/posts"}],"about":[{"href":"https:\/\/marcali.plebania.hu\/index.php?rest_route=\/wp\/v2\/types\/post"}],"author":[{"embeddable":true,"href":"https:\/\/marcali.plebania.hu\/index.php?rest_route=\/wp\/v2\/users\/2"}],"replies":[{"embeddable":true,"href":"https:\/\/marcali.plebania.hu\/index.php?rest_route=%2Fwp%2Fv2%2Fcomments&post=710"}],"version-history":[{"count":1,"href":"https:\/\/marcali.plebania.hu\/index.php?rest_route=\/wp\/v2\/posts\/710\/revisions"}],"predecessor-version":[{"id":711,"href":"https:\/\/marcali.plebania.hu\/index.php?rest_route=\/wp\/v2\/posts\/710\/revisions\/711"}],"wp:attachment":[{"href":"https:\/\/marcali.plebania.hu\/index.php?rest_route=%2Fwp%2Fv2%2Fmedia&parent=710"}],"wp:term":[{"taxonomy":"category","embeddable":true,"href":"https:\/\/marcali.plebania.hu\/index.php?rest_route=%2Fwp%2Fv2%2Fcategories&post=710"},{"taxonomy":"post_tag","embeddable":true,"href":"https:\/\/marcali.plebania.hu\/index.php?rest_route=%2Fwp%2Fv2%2Ftags&post=710"}],"curies":[{"name":"wp","href":"https:\/\/api.w.org\/{rel}","templated":true}]}}