{"id":7105,"date":"2025-04-22T15:18:48","date_gmt":"2025-04-22T15:18:48","guid":{"rendered":"https:\/\/marcali.plebania.hu\/?p=7105"},"modified":"2025-04-22T15:18:48","modified_gmt":"2025-04-22T15:18:48","slug":"2025-evi-nagypenteki-keresztut-a-kalvarian","status":"publish","type":"post","link":"https:\/\/marcali.plebania.hu\/?p=7105","title":{"rendered":"2025. \u00e9vi nagyp\u00e9nteki kereszt\u00fat a K\u00e1lv\u00e1ri\u00e1n"},"content":{"rendered":"\n<p>2025. \u00e1prilis 18-\u00e1n, nagyp\u00e9ntek d\u00e9lut\u00e1n \u2013 az idei esztend\u0151ben is \u2013 15 \u00f3rakor gy\u0171ltek \u00f6ssze a katolikus h\u00edvek a K\u00f6zponti Temet\u0151 K\u00e1lv\u00e1ri\u00e1j\u00e1n\u00e1l, hogy elm\u00e9lked\u00e9ssel, \u00e9nekekkel, im\u00e1ds\u00e1ggal j\u00e1rj\u00e1k v\u00e9gig a golgot\u00e1t \u00e9s J\u00e9zus kereszthal\u00e1l\u00e1ra eml\u00e9kezzenek.<\/p>\n\n\n\n<figure class=\"wp-block-gallery has-nested-images columns-default is-cropped wp-block-gallery-1 is-layout-flex wp-block-gallery-is-layout-flex\">\n<figure class=\"wp-block-image size-large\"><img loading=\"lazy\" decoding=\"async\" width=\"1024\" height=\"683\" data-id=\"7106\" src=\"https:\/\/marcali.plebania.hu\/wp-content\/uploads\/2025\/04\/01-4-1024x683.jpg\" alt=\"\" class=\"wp-image-7106\" srcset=\"https:\/\/marcali.plebania.hu\/wp-content\/uploads\/2025\/04\/01-4-1024x683.jpg 1024w, https:\/\/marcali.plebania.hu\/wp-content\/uploads\/2025\/04\/01-4-300x200.jpg 300w, https:\/\/marcali.plebania.hu\/wp-content\/uploads\/2025\/04\/01-4-768x512.jpg 768w, https:\/\/marcali.plebania.hu\/wp-content\/uploads\/2025\/04\/01-4-1536x1024.jpg 1536w, https:\/\/marcali.plebania.hu\/wp-content\/uploads\/2025\/04\/01-4-2048x1365.jpg 2048w, https:\/\/marcali.plebania.hu\/wp-content\/uploads\/2025\/04\/01-4-405x270.jpg 405w\" sizes=\"auto, (max-width: 1024px) 100vw, 1024px\" \/><\/figure>\n\n\n\n<figure class=\"wp-block-image size-large\"><img loading=\"lazy\" decoding=\"async\" width=\"1024\" height=\"683\" data-id=\"7107\" src=\"https:\/\/marcali.plebania.hu\/wp-content\/uploads\/2025\/04\/02-4-1024x683.jpg\" alt=\"\" class=\"wp-image-7107\" srcset=\"https:\/\/marcali.plebania.hu\/wp-content\/uploads\/2025\/04\/02-4-1024x683.jpg 1024w, https:\/\/marcali.plebania.hu\/wp-content\/uploads\/2025\/04\/02-4-300x200.jpg 300w, https:\/\/marcali.plebania.hu\/wp-content\/uploads\/2025\/04\/02-4-768x512.jpg 768w, https:\/\/marcali.plebania.hu\/wp-content\/uploads\/2025\/04\/02-4-1536x1024.jpg 1536w, https:\/\/marcali.plebania.hu\/wp-content\/uploads\/2025\/04\/02-4-2048x1365.jpg 2048w, https:\/\/marcali.plebania.hu\/wp-content\/uploads\/2025\/04\/02-4-405x270.jpg 405w\" sizes=\"auto, (max-width: 1024px) 100vw, 1024px\" \/><\/figure>\n\n\n\n<figure class=\"wp-block-image size-large\"><img loading=\"lazy\" decoding=\"async\" width=\"1024\" height=\"683\" data-id=\"7108\" src=\"https:\/\/marcali.plebania.hu\/wp-content\/uploads\/2025\/04\/04-4-1024x683.jpg\" alt=\"\" class=\"wp-image-7108\" srcset=\"https:\/\/marcali.plebania.hu\/wp-content\/uploads\/2025\/04\/04-4-1024x683.jpg 1024w, https:\/\/marcali.plebania.hu\/wp-content\/uploads\/2025\/04\/04-4-300x200.jpg 300w, https:\/\/marcali.plebania.hu\/wp-content\/uploads\/2025\/04\/04-4-768x512.jpg 768w, https:\/\/marcali.plebania.hu\/wp-content\/uploads\/2025\/04\/04-4-1536x1024.jpg 1536w, https:\/\/marcali.plebania.hu\/wp-content\/uploads\/2025\/04\/04-4-2048x1365.jpg 2048w, https:\/\/marcali.plebania.hu\/wp-content\/uploads\/2025\/04\/04-4-405x270.jpg 405w\" sizes=\"auto, (max-width: 1024px) 100vw, 1024px\" \/><\/figure>\n\n\n\n<figure class=\"wp-block-image size-large\"><img loading=\"lazy\" decoding=\"async\" width=\"1024\" height=\"683\" data-id=\"7109\" src=\"https:\/\/marcali.plebania.hu\/wp-content\/uploads\/2025\/04\/03-4-1024x683.jpg\" alt=\"\" class=\"wp-image-7109\" srcset=\"https:\/\/marcali.plebania.hu\/wp-content\/uploads\/2025\/04\/03-4-1024x683.jpg 1024w, https:\/\/marcali.plebania.hu\/wp-content\/uploads\/2025\/04\/03-4-300x200.jpg 300w, https:\/\/marcali.plebania.hu\/wp-content\/uploads\/2025\/04\/03-4-768x512.jpg 768w, https:\/\/marcali.plebania.hu\/wp-content\/uploads\/2025\/04\/03-4-1536x1024.jpg 1536w, https:\/\/marcali.plebania.hu\/wp-content\/uploads\/2025\/04\/03-4-2048x1365.jpg 2048w, https:\/\/marcali.plebania.hu\/wp-content\/uploads\/2025\/04\/03-4-405x270.jpg 405w\" sizes=\"auto, (max-width: 1024px) 100vw, 1024px\" \/><\/figure>\n<\/figure>\n\n\n\n<p>A nagyp\u00e9nteki szertart\u00e1sok egyik r\u00e9sze a kereszt\u00fati \u00e1jtatoss\u00e1g, melyet Tomanek Ferenc \u00c1ron pl\u00e9b\u00e1nos vezetett. A jelenl\u00e9v\u0151k minden st\u00e1ci\u00f3 el\u0151tt im\u00e1dkoztak \u00e9s az ezekhez kapcsol\u00f3d\u00f3 gondolat\u00e9breszt\u0151 elm\u00e9lked\u00e9seket hallgathattak meg.<\/p>\n\n\n\n<figure class=\"wp-block-gallery has-nested-images columns-default is-cropped wp-block-gallery-2 is-layout-flex wp-block-gallery-is-layout-flex\">\n<figure class=\"wp-block-image size-large\"><img loading=\"lazy\" decoding=\"async\" width=\"1024\" height=\"683\" data-id=\"7114\" src=\"https:\/\/marcali.plebania.hu\/wp-content\/uploads\/2025\/04\/24-1024x683.jpg\" alt=\"\" class=\"wp-image-7114\" srcset=\"https:\/\/marcali.plebania.hu\/wp-content\/uploads\/2025\/04\/24-1024x683.jpg 1024w, https:\/\/marcali.plebania.hu\/wp-content\/uploads\/2025\/04\/24-300x200.jpg 300w, https:\/\/marcali.plebania.hu\/wp-content\/uploads\/2025\/04\/24-768x512.jpg 768w, https:\/\/marcali.plebania.hu\/wp-content\/uploads\/2025\/04\/24-1536x1024.jpg 1536w, https:\/\/marcali.plebania.hu\/wp-content\/uploads\/2025\/04\/24-2048x1365.jpg 2048w, https:\/\/marcali.plebania.hu\/wp-content\/uploads\/2025\/04\/24-405x270.jpg 405w\" sizes=\"auto, (max-width: 1024px) 100vw, 1024px\" \/><\/figure>\n\n\n\n<figure class=\"wp-block-image size-large\"><img loading=\"lazy\" decoding=\"async\" width=\"1024\" height=\"683\" data-id=\"7111\" src=\"https:\/\/marcali.plebania.hu\/wp-content\/uploads\/2025\/04\/27-1-1024x683.jpg\" alt=\"\" class=\"wp-image-7111\" srcset=\"https:\/\/marcali.plebania.hu\/wp-content\/uploads\/2025\/04\/27-1-1024x683.jpg 1024w, https:\/\/marcali.plebania.hu\/wp-content\/uploads\/2025\/04\/27-1-300x200.jpg 300w, https:\/\/marcali.plebania.hu\/wp-content\/uploads\/2025\/04\/27-1-768x512.jpg 768w, https:\/\/marcali.plebania.hu\/wp-content\/uploads\/2025\/04\/27-1-1536x1024.jpg 1536w, https:\/\/marcali.plebania.hu\/wp-content\/uploads\/2025\/04\/27-1-2048x1365.jpg 2048w, https:\/\/marcali.plebania.hu\/wp-content\/uploads\/2025\/04\/27-1-405x270.jpg 405w\" sizes=\"auto, (max-width: 1024px) 100vw, 1024px\" \/><\/figure>\n\n\n\n<figure class=\"wp-block-image size-large\"><img loading=\"lazy\" decoding=\"async\" width=\"1024\" height=\"683\" data-id=\"7113\" src=\"https:\/\/marcali.plebania.hu\/wp-content\/uploads\/2025\/04\/28-2-1024x683.jpg\" alt=\"\" class=\"wp-image-7113\" srcset=\"https:\/\/marcali.plebania.hu\/wp-content\/uploads\/2025\/04\/28-2-1024x683.jpg 1024w, https:\/\/marcali.plebania.hu\/wp-content\/uploads\/2025\/04\/28-2-300x200.jpg 300w, https:\/\/marcali.plebania.hu\/wp-content\/uploads\/2025\/04\/28-2-768x512.jpg 768w, https:\/\/marcali.plebania.hu\/wp-content\/uploads\/2025\/04\/28-2-1536x1024.jpg 1536w, https:\/\/marcali.plebania.hu\/wp-content\/uploads\/2025\/04\/28-2-2048x1365.jpg 2048w, https:\/\/marcali.plebania.hu\/wp-content\/uploads\/2025\/04\/28-2-405x270.jpg 405w\" sizes=\"auto, (max-width: 1024px) 100vw, 1024px\" \/><\/figure>\n\n\n\n<figure class=\"wp-block-image size-large\"><img loading=\"lazy\" decoding=\"async\" width=\"1024\" height=\"683\" data-id=\"7110\" src=\"https:\/\/marcali.plebania.hu\/wp-content\/uploads\/2025\/04\/29-3-1024x683.jpg\" alt=\"\" class=\"wp-image-7110\" srcset=\"https:\/\/marcali.plebania.hu\/wp-content\/uploads\/2025\/04\/29-3-1024x683.jpg 1024w, https:\/\/marcali.plebania.hu\/wp-content\/uploads\/2025\/04\/29-3-300x200.jpg 300w, https:\/\/marcali.plebania.hu\/wp-content\/uploads\/2025\/04\/29-3-768x512.jpg 768w, https:\/\/marcali.plebania.hu\/wp-content\/uploads\/2025\/04\/29-3-1536x1024.jpg 1536w, https:\/\/marcali.plebania.hu\/wp-content\/uploads\/2025\/04\/29-3-2048x1365.jpg 2048w, https:\/\/marcali.plebania.hu\/wp-content\/uploads\/2025\/04\/29-3-405x270.jpg 405w\" sizes=\"auto, (max-width: 1024px) 100vw, 1024px\" \/><\/figure>\n<\/figure>\n\n\n\n<p>A nagyp\u00e9nteki liturgia 17.30 \u00f3r\u00e1t\u00f3l a Gy\u00fcm\u00f6lcsolt\u00f3 Boldogasszony Pl\u00e9b\u00e1niatemplomban az \u00fan. csonkamis\u00e9vel folytat\u00f3dott, melyet Ferenc atya celebr\u00e1lt. Az olvasm\u00e1ny \u00e9s szentlecke felolvas\u00e1sa ut\u00e1n az \u00e9nekkar J\u00e9zus szenved\u00e9st\u00f6rt\u00e9net\u00e9t, a passi\u00f3t \u00e9nekelte el Balogh B\u00e1lint k\u00e1ntor vezet\u00e9s\u00e9vel. A szertart\u00e1sban ezut\u00e1n kereszth\u00f3dolat k\u00f6vetkezett, majd a jelenl\u00e9v\u0151k szent\u00e1ldoz\u00e1shoz is j\u00e1rulhattak.<\/p>\n\n\n\n<p>A nagyh\u00e9t el\u0151k\u00e9sz\u00fclet a h\u00fasv\u00e9tra, a kereszt\u00e9nyek legnagyobb \u00fcnnep\u00e9re, amely J\u00e9zus felt\u00e1mad\u00e1s\u00e1ra \u00e9s szeretet\u00e9re eml\u00e9keztet minden j\u00f3akarat\u00fa embert. Marcaliban Nagyszombaton 18 \u00f3rakor kezd\u0151dik majd a h\u00fasv\u00e9ti vig\u00edlia szertart\u00e1sa, majd az \u00fcnnepi szentmise \u00e9s a felt\u00e1mad\u00e1si k\u00f6rmenet. H\u00fasv\u00e9t vas\u00e1rnap 8 \u00f3rakor a hagyom\u00e1nyos \u00e9telszentel\u00e9s, majd 9 \u00f3rakor, pedig \u00fcnnepi szentmise lesz a pl\u00e9b\u00e1niatemplomban.<\/p>\n\n\n\n<p>\u00cdrta \u00e9s fot\u00f3k: Kiss K\u00e1lm\u00e1n<\/p>\n","protected":false},"excerpt":{"rendered":"<p>2025. \u00e1prilis 18-\u00e1n, nagyp\u00e9ntek d\u00e9lut\u00e1n \u2013 az idei esztend\u0151ben is \u2013 15 \u00f3rakor gy\u0171ltek \u00f6ssze a katolikus h\u00edvek a K\u00f6zponti Temet\u0151 K\u00e1lv\u00e1ri\u00e1j\u00e1n\u00e1l, hogy elm\u00e9lked\u00e9ssel, \u00e9nekekkel, im\u00e1ds\u00e1ggal j\u00e1rj\u00e1k v\u00e9gig a golgot\u00e1t \u00e9s J\u00e9zus kereszthal\u00e1l\u00e1ra eml\u00e9kezzenek. A nagyp\u00e9nteki szertart\u00e1sok egyik r\u00e9sze a kereszt\u00fati \u00e1jtatoss\u00e1g, melyet Tomanek Ferenc \u00c1ron pl\u00e9b\u00e1nos vezetett. A jelenl\u00e9v\u0151k minden st\u00e1ci\u00f3 el\u0151tt im\u00e1dkoztak \u00e9s az ezekhez kapcsol\u00f3d\u00f3 gondolat\u00e9breszt\u0151 elm\u00e9lked\u00e9seket hallgathattak meg. A nagyp\u00e9nteki liturgia 17.30 \u00f3r\u00e1t\u00f3l a Gy\u00fcm\u00f6lcsolt\u00f3 Boldogasszony Pl\u00e9b\u00e1niatemplomban az \u00fan. csonkamis\u00e9vel folytat\u00f3dott, melyet Ferenc atya celebr\u00e1lt. Az&#8230;<\/p>\n<p class=\"read-more\"><a class=\"btn btn-default\" href=\"https:\/\/marcali.plebania.hu\/?p=7105\"> Read More<span class=\"screen-reader-text\">  Read More<\/span><\/a><\/p>\n","protected":false},"author":2,"featured_media":0,"comment_status":"closed","ping_status":"open","sticky":false,"template":"","format":"standard","meta":{"footnotes":""},"categories":[1],"tags":[],"class_list":["post-7105","post","type-post","status-publish","format-standard","hentry","category-egyeb"],"_links":{"self":[{"href":"https:\/\/marcali.plebania.hu\/index.php?rest_route=\/wp\/v2\/posts\/7105","targetHints":{"allow":["GET"]}}],"collection":[{"href":"https:\/\/marcali.plebania.hu\/index.php?rest_route=\/wp\/v2\/posts"}],"about":[{"href":"https:\/\/marcali.plebania.hu\/index.php?rest_route=\/wp\/v2\/types\/post"}],"author":[{"embeddable":true,"href":"https:\/\/marcali.plebania.hu\/index.php?rest_route=\/wp\/v2\/users\/2"}],"replies":[{"embeddable":true,"href":"https:\/\/marcali.plebania.hu\/index.php?rest_route=%2Fwp%2Fv2%2Fcomments&post=7105"}],"version-history":[{"count":1,"href":"https:\/\/marcali.plebania.hu\/index.php?rest_route=\/wp\/v2\/posts\/7105\/revisions"}],"predecessor-version":[{"id":7115,"href":"https:\/\/marcali.plebania.hu\/index.php?rest_route=\/wp\/v2\/posts\/7105\/revisions\/7115"}],"wp:attachment":[{"href":"https:\/\/marcali.plebania.hu\/index.php?rest_route=%2Fwp%2Fv2%2Fmedia&parent=7105"}],"wp:term":[{"taxonomy":"category","embeddable":true,"href":"https:\/\/marcali.plebania.hu\/index.php?rest_route=%2Fwp%2Fv2%2Fcategories&post=7105"},{"taxonomy":"post_tag","embeddable":true,"href":"https:\/\/marcali.plebania.hu\/index.php?rest_route=%2Fwp%2Fv2%2Ftags&post=7105"}],"curies":[{"name":"wp","href":"https:\/\/api.w.org\/{rel}","templated":true}]}}