{"id":7116,"date":"2025-04-22T15:25:28","date_gmt":"2025-04-22T15:25:28","guid":{"rendered":"https:\/\/marcali.plebania.hu\/?p=7116"},"modified":"2025-04-22T15:25:28","modified_gmt":"2025-04-22T15:25:28","slug":"2025-evi-nagyszombati-vigilia-marcaliban","status":"publish","type":"post","link":"https:\/\/marcali.plebania.hu\/?p=7116","title":{"rendered":"2025. \u00e9vi Nagyszombati vig\u00edlia Marcaliban"},"content":{"rendered":"\n<p>2025. \u00e1prilis 19-\u00e9n, Nagyszombaton, 18 \u00f3rakor kezd\u0151d\u00f6tt az idei \u00e9vi H\u00fasv\u00e9ti vig\u00edlia a Marcali Gy\u00fcm\u00f6lcsolt\u00f3 Boldogasszony Pl\u00e9b\u00e1niatemplomban, melyet Tomanek Ferenc \u00c1ron pl\u00e9b\u00e1nos celebr\u00e1lt. H\u00fasv\u00e9t a Katolikus Egyh\u00e1z legnagyobb \u00fcnnepe, amely a kereszt\u00e9nys\u00e9g \u00f6r\u00f6mh\u00edr\u00e9t hirdeti: J\u00e9zus Krisztus felt\u00e1madt a hal\u00e1lb\u00f3l \u00e9s mindenkit megh\u00edv az \u00f6r\u00f6k \u00e9letre.<\/p>\n\n\n\n<figure class=\"wp-block-gallery has-nested-images columns-default is-cropped wp-block-gallery-1 is-layout-flex wp-block-gallery-is-layout-flex\">\n<figure class=\"wp-block-image size-large\"><img loading=\"lazy\" decoding=\"async\" width=\"1024\" height=\"576\" data-id=\"7120\" src=\"https:\/\/marcali.plebania.hu\/wp-content\/uploads\/2025\/04\/003-1024x576.jpg\" alt=\"\" class=\"wp-image-7120\" srcset=\"https:\/\/marcali.plebania.hu\/wp-content\/uploads\/2025\/04\/003-1024x576.jpg 1024w, https:\/\/marcali.plebania.hu\/wp-content\/uploads\/2025\/04\/003-300x169.jpg 300w, https:\/\/marcali.plebania.hu\/wp-content\/uploads\/2025\/04\/003-768x432.jpg 768w, https:\/\/marcali.plebania.hu\/wp-content\/uploads\/2025\/04\/003-1536x864.jpg 1536w, https:\/\/marcali.plebania.hu\/wp-content\/uploads\/2025\/04\/003-2048x1152.jpg 2048w, https:\/\/marcali.plebania.hu\/wp-content\/uploads\/2025\/04\/003-480x270.jpg 480w\" sizes=\"auto, (max-width: 1024px) 100vw, 1024px\" \/><\/figure>\n\n\n\n<figure class=\"wp-block-image size-large\"><img loading=\"lazy\" decoding=\"async\" width=\"1024\" height=\"683\" data-id=\"7119\" src=\"https:\/\/marcali.plebania.hu\/wp-content\/uploads\/2025\/04\/04-5-1024x683.jpg\" alt=\"\" class=\"wp-image-7119\" srcset=\"https:\/\/marcali.plebania.hu\/wp-content\/uploads\/2025\/04\/04-5-1024x683.jpg 1024w, https:\/\/marcali.plebania.hu\/wp-content\/uploads\/2025\/04\/04-5-300x200.jpg 300w, https:\/\/marcali.plebania.hu\/wp-content\/uploads\/2025\/04\/04-5-768x512.jpg 768w, https:\/\/marcali.plebania.hu\/wp-content\/uploads\/2025\/04\/04-5-1536x1024.jpg 1536w, https:\/\/marcali.plebania.hu\/wp-content\/uploads\/2025\/04\/04-5-2048x1365.jpg 2048w, https:\/\/marcali.plebania.hu\/wp-content\/uploads\/2025\/04\/04-5-405x270.jpg 405w\" sizes=\"auto, (max-width: 1024px) 100vw, 1024px\" \/><\/figure>\n\n\n\n<figure class=\"wp-block-image size-large\"><img loading=\"lazy\" decoding=\"async\" width=\"1024\" height=\"683\" data-id=\"7117\" src=\"https:\/\/marcali.plebania.hu\/wp-content\/uploads\/2025\/04\/06-1-1024x683.jpg\" alt=\"\" class=\"wp-image-7117\" srcset=\"https:\/\/marcali.plebania.hu\/wp-content\/uploads\/2025\/04\/06-1-1024x683.jpg 1024w, https:\/\/marcali.plebania.hu\/wp-content\/uploads\/2025\/04\/06-1-300x200.jpg 300w, https:\/\/marcali.plebania.hu\/wp-content\/uploads\/2025\/04\/06-1-768x512.jpg 768w, https:\/\/marcali.plebania.hu\/wp-content\/uploads\/2025\/04\/06-1-1536x1024.jpg 1536w, https:\/\/marcali.plebania.hu\/wp-content\/uploads\/2025\/04\/06-1-2048x1365.jpg 2048w, https:\/\/marcali.plebania.hu\/wp-content\/uploads\/2025\/04\/06-1-405x270.jpg 405w\" sizes=\"auto, (max-width: 1024px) 100vw, 1024px\" \/><\/figure>\n\n\n\n<figure class=\"wp-block-image size-large\"><img loading=\"lazy\" decoding=\"async\" width=\"1024\" height=\"683\" data-id=\"7123\" src=\"https:\/\/marcali.plebania.hu\/wp-content\/uploads\/2025\/04\/08-4-1024x683.jpg\" alt=\"\" class=\"wp-image-7123\" srcset=\"https:\/\/marcali.plebania.hu\/wp-content\/uploads\/2025\/04\/08-4-1024x683.jpg 1024w, https:\/\/marcali.plebania.hu\/wp-content\/uploads\/2025\/04\/08-4-300x200.jpg 300w, https:\/\/marcali.plebania.hu\/wp-content\/uploads\/2025\/04\/08-4-768x512.jpg 768w, https:\/\/marcali.plebania.hu\/wp-content\/uploads\/2025\/04\/08-4-1536x1024.jpg 1536w, https:\/\/marcali.plebania.hu\/wp-content\/uploads\/2025\/04\/08-4-2048x1365.jpg 2048w, https:\/\/marcali.plebania.hu\/wp-content\/uploads\/2025\/04\/08-4-405x270.jpg 405w\" sizes=\"auto, (max-width: 1024px) 100vw, 1024px\" \/><\/figure>\n<\/figure>\n\n\n\n<p>Marcaliban is a t\u0171z-meg\u00e1ld\u00e1s\u00e1val kezd\u0151d\u00f6tt a szertart\u00e1s. Ferenc atya a pl\u00e9b\u00e1niatemplom el\u0151tt v\u00e9gezte el a liturgi\u00e1t, majd err\u0151l gy\u00fajtott\u00e1k meg az \u00faj h\u00fasv\u00e9ti gyerty\u00e1t. Ezt k\u00f6vet\u0151en a pl\u00e9b\u00e1nos, a ministr\u00e1nsok k\u00eds\u00e9ret\u00e9ben bevonult a templomba, mik\u00f6zben t\u00f6bben gyerty\u00e1t gy\u00fajtottak. A h\u00fasv\u00e9ti gyertya f\u00e9nye ugyanis Isten gy\u0151zelm\u00e9t hirdeti a hal\u00e1l felett, Krisztus felt\u00e1mad\u00e1s\u00e1t a holtak orsz\u00e1g\u00e1b\u00f3l.<\/p>\n\n\n\n<figure class=\"wp-block-gallery has-nested-images columns-default is-cropped wp-block-gallery-2 is-layout-flex wp-block-gallery-is-layout-flex\">\n<figure class=\"wp-block-image size-large\"><img loading=\"lazy\" decoding=\"async\" width=\"1024\" height=\"683\" data-id=\"7124\" src=\"https:\/\/marcali.plebania.hu\/wp-content\/uploads\/2025\/04\/11-2-1024x683.jpg\" alt=\"\" class=\"wp-image-7124\" srcset=\"https:\/\/marcali.plebania.hu\/wp-content\/uploads\/2025\/04\/11-2-1024x683.jpg 1024w, https:\/\/marcali.plebania.hu\/wp-content\/uploads\/2025\/04\/11-2-300x200.jpg 300w, https:\/\/marcali.plebania.hu\/wp-content\/uploads\/2025\/04\/11-2-768x512.jpg 768w, https:\/\/marcali.plebania.hu\/wp-content\/uploads\/2025\/04\/11-2-1536x1024.jpg 1536w, https:\/\/marcali.plebania.hu\/wp-content\/uploads\/2025\/04\/11-2-2048x1365.jpg 2048w, https:\/\/marcali.plebania.hu\/wp-content\/uploads\/2025\/04\/11-2-405x270.jpg 405w\" sizes=\"auto, (max-width: 1024px) 100vw, 1024px\" \/><\/figure>\n\n\n\n<figure class=\"wp-block-image size-large\"><img loading=\"lazy\" decoding=\"async\" width=\"1024\" height=\"683\" data-id=\"7126\" src=\"https:\/\/marcali.plebania.hu\/wp-content\/uploads\/2025\/04\/13-2-1024x683.jpg\" alt=\"\" class=\"wp-image-7126\" srcset=\"https:\/\/marcali.plebania.hu\/wp-content\/uploads\/2025\/04\/13-2-1024x683.jpg 1024w, https:\/\/marcali.plebania.hu\/wp-content\/uploads\/2025\/04\/13-2-300x200.jpg 300w, https:\/\/marcali.plebania.hu\/wp-content\/uploads\/2025\/04\/13-2-768x512.jpg 768w, https:\/\/marcali.plebania.hu\/wp-content\/uploads\/2025\/04\/13-2-1536x1024.jpg 1536w, https:\/\/marcali.plebania.hu\/wp-content\/uploads\/2025\/04\/13-2-2048x1365.jpg 2048w, https:\/\/marcali.plebania.hu\/wp-content\/uploads\/2025\/04\/13-2-405x270.jpg 405w\" sizes=\"auto, (max-width: 1024px) 100vw, 1024px\" \/><\/figure>\n\n\n\n<figure class=\"wp-block-image size-large\"><img loading=\"lazy\" decoding=\"async\" width=\"1024\" height=\"683\" data-id=\"7128\" src=\"https:\/\/marcali.plebania.hu\/wp-content\/uploads\/2025\/04\/25-1024x683.jpg\" alt=\"\" class=\"wp-image-7128\" srcset=\"https:\/\/marcali.plebania.hu\/wp-content\/uploads\/2025\/04\/25-1024x683.jpg 1024w, https:\/\/marcali.plebania.hu\/wp-content\/uploads\/2025\/04\/25-300x200.jpg 300w, https:\/\/marcali.plebania.hu\/wp-content\/uploads\/2025\/04\/25-768x512.jpg 768w, https:\/\/marcali.plebania.hu\/wp-content\/uploads\/2025\/04\/25-1536x1024.jpg 1536w, https:\/\/marcali.plebania.hu\/wp-content\/uploads\/2025\/04\/25-2048x1365.jpg 2048w, https:\/\/marcali.plebania.hu\/wp-content\/uploads\/2025\/04\/25-405x270.jpg 405w\" sizes=\"auto, (max-width: 1024px) 100vw, 1024px\" \/><\/figure>\n\n\n\n<figure class=\"wp-block-image size-large\"><img loading=\"lazy\" decoding=\"async\" width=\"1024\" height=\"683\" data-id=\"7129\" src=\"https:\/\/marcali.plebania.hu\/wp-content\/uploads\/2025\/04\/27-2-1024x683.jpg\" alt=\"\" class=\"wp-image-7129\" srcset=\"https:\/\/marcali.plebania.hu\/wp-content\/uploads\/2025\/04\/27-2-1024x683.jpg 1024w, https:\/\/marcali.plebania.hu\/wp-content\/uploads\/2025\/04\/27-2-300x200.jpg 300w, https:\/\/marcali.plebania.hu\/wp-content\/uploads\/2025\/04\/27-2-768x512.jpg 768w, https:\/\/marcali.plebania.hu\/wp-content\/uploads\/2025\/04\/27-2-1536x1024.jpg 1536w, https:\/\/marcali.plebania.hu\/wp-content\/uploads\/2025\/04\/27-2-2048x1365.jpg 2048w, https:\/\/marcali.plebania.hu\/wp-content\/uploads\/2025\/04\/27-2-405x270.jpg 405w\" sizes=\"auto, (max-width: 1024px) 100vw, 1024px\" \/><\/figure>\n<\/figure>\n\n\n\n<p>Majd a H\u00fasv\u00e9ti \u00d6r\u00f6m\u00e9nekkel (Exultet) folytat\u00f3dott a liturgia, amely Ferenc atya tolm\u00e1csol\u00e1s\u00e1ban hangzott fel. Ezut\u00e1n az \u00f3sz\u00f6vets\u00e9gi olvasm\u00e1nyok k\u00f6vetkeztek, melyek ut\u00e1n felcsend\u00fclt a Gl\u00f3ria, Isten dics\u0151\u00edt\u00e9se \u00e9s \u201evisszat\u00e9rtek a harangok R\u00f3m\u00e1b\u00f3l\u201d, megh\u00edvva a h\u00edv\u0151ket Krisztus gy\u0151zelm\u00e9nek \u00fcnnepl\u00e9s\u00e9re. J\u00e9zus felt\u00e1mad\u00e1s\u00e1t, az igazi \u00f6r\u00f6mh\u00edrt hirdeti az evang\u00e9lium.<\/p>\n\n\n\n<p>Ferenc atya pr\u00e9dik\u00e1ci\u00f3j\u00e1ban J\u00e9zus Krisztus hal\u00e1lb\u00f3l val\u00f3 felt\u00e1mad\u00e1s\u00e1r\u00f3l besz\u00e9lt, \u00e9s arr\u00f3l hogy mindenkit megh\u00edv az \u00f6r\u00f6k \u00e9letre. Az \u00dcdv\u00f6z\u00edt\u0151 \u201e<em>Felt\u00e1madt, val\u00f3ban felt\u00e1madt<\/em>\u201d, Isten irgalmas szeretete gy\u0151z\u00f6tt a b\u0171n \u00e9s a hal\u00e1l felett.<\/p>\n\n\n\n<p>A szentbesz\u00e9d ut\u00e1n k\u00f6vetkezett a v\u00edzszentel\u00e9s szertart\u00e1sa a keresztel\u0151k\u00fatn\u00e1l, ezut\u00e1n egy feln\u0151tt b\u00e9rm\u00e1l\u00e1sa, majd a jelenl\u00e9v\u0151 h\u00edvek meger\u0151s\u00edtett\u00e9k kereszts\u00e9gi fogadalmukat. Ezt k\u00f6vet\u0151en a szentmise a megszokott rend szerint folytat\u00f3dott tov\u00e1bb az \u00e1ldozati liturgi\u00e1val, majd pedig a hagyom\u00e1nyos f\u00e1kly\u00e1s h\u00fasv\u00e9ti k\u00f6rmenettel, melyen a ministr\u00e1nsok, az imak\u00f6r\u00f6k tagjai, valamint a jelenl\u00e9v\u0151 h\u00edvek tev\u00e9kenyen r\u00e9szt vettek. Az idei esztend\u0151ben is a k\u00f6rmenet a megszokott \u00faton, a R\u00e1k\u00f3czi utca j\u00e1rd\u00e1j\u00e1n vezetett eg\u00e9szen az \u00f6nkorm\u00e1nyzatig, majd onnan vissza a H\u0151s\u00f6k, \u00e9s a Boldog II. J\u00e1nos P\u00e1l p\u00e1pa t\u00e9ren \u00e1t a pl\u00e9b\u00e1niatemplomig. A liturgia \u00fcnnepi \u00e1ld\u00e1ssal \u00e9rt v\u00e9get.<\/p>\n\n\n\n<figure class=\"wp-block-gallery has-nested-images columns-default is-cropped wp-block-gallery-3 is-layout-flex wp-block-gallery-is-layout-flex\">\n<figure class=\"wp-block-image size-large\"><img loading=\"lazy\" decoding=\"async\" width=\"1024\" height=\"683\" data-id=\"7130\" src=\"https:\/\/marcali.plebania.hu\/wp-content\/uploads\/2025\/04\/43-1024x683.jpg\" alt=\"\" class=\"wp-image-7130\" srcset=\"https:\/\/marcali.plebania.hu\/wp-content\/uploads\/2025\/04\/43-1024x683.jpg 1024w, https:\/\/marcali.plebania.hu\/wp-content\/uploads\/2025\/04\/43-300x200.jpg 300w, https:\/\/marcali.plebania.hu\/wp-content\/uploads\/2025\/04\/43-768x512.jpg 768w, https:\/\/marcali.plebania.hu\/wp-content\/uploads\/2025\/04\/43-1536x1024.jpg 1536w, https:\/\/marcali.plebania.hu\/wp-content\/uploads\/2025\/04\/43-2048x1365.jpg 2048w, https:\/\/marcali.plebania.hu\/wp-content\/uploads\/2025\/04\/43-405x270.jpg 405w\" sizes=\"auto, (max-width: 1024px) 100vw, 1024px\" \/><\/figure>\n\n\n\n<figure class=\"wp-block-image size-large\"><img loading=\"lazy\" decoding=\"async\" width=\"1024\" height=\"683\" data-id=\"7132\" src=\"https:\/\/marcali.plebania.hu\/wp-content\/uploads\/2025\/04\/45-1024x683.jpg\" alt=\"\" class=\"wp-image-7132\" srcset=\"https:\/\/marcali.plebania.hu\/wp-content\/uploads\/2025\/04\/45-1024x683.jpg 1024w, https:\/\/marcali.plebania.hu\/wp-content\/uploads\/2025\/04\/45-300x200.jpg 300w, https:\/\/marcali.plebania.hu\/wp-content\/uploads\/2025\/04\/45-768x512.jpg 768w, https:\/\/marcali.plebania.hu\/wp-content\/uploads\/2025\/04\/45-1536x1024.jpg 1536w, https:\/\/marcali.plebania.hu\/wp-content\/uploads\/2025\/04\/45-2048x1365.jpg 2048w, https:\/\/marcali.plebania.hu\/wp-content\/uploads\/2025\/04\/45-405x270.jpg 405w\" sizes=\"auto, (max-width: 1024px) 100vw, 1024px\" \/><\/figure>\n\n\n\n<figure class=\"wp-block-image size-large\"><img loading=\"lazy\" decoding=\"async\" width=\"1024\" height=\"683\" data-id=\"7133\" src=\"https:\/\/marcali.plebania.hu\/wp-content\/uploads\/2025\/04\/46-1024x683.jpg\" alt=\"\" class=\"wp-image-7133\" srcset=\"https:\/\/marcali.plebania.hu\/wp-content\/uploads\/2025\/04\/46-1024x683.jpg 1024w, https:\/\/marcali.plebania.hu\/wp-content\/uploads\/2025\/04\/46-300x200.jpg 300w, https:\/\/marcali.plebania.hu\/wp-content\/uploads\/2025\/04\/46-768x512.jpg 768w, https:\/\/marcali.plebania.hu\/wp-content\/uploads\/2025\/04\/46-1536x1024.jpg 1536w, https:\/\/marcali.plebania.hu\/wp-content\/uploads\/2025\/04\/46-2048x1365.jpg 2048w, https:\/\/marcali.plebania.hu\/wp-content\/uploads\/2025\/04\/46-405x270.jpg 405w\" sizes=\"auto, (max-width: 1024px) 100vw, 1024px\" \/><\/figure>\n\n\n\n<figure class=\"wp-block-image size-large\"><img loading=\"lazy\" decoding=\"async\" width=\"1024\" height=\"683\" data-id=\"7134\" src=\"https:\/\/marcali.plebania.hu\/wp-content\/uploads\/2025\/04\/52-1024x683.jpg\" alt=\"\" class=\"wp-image-7134\" srcset=\"https:\/\/marcali.plebania.hu\/wp-content\/uploads\/2025\/04\/52-1024x683.jpg 1024w, https:\/\/marcali.plebania.hu\/wp-content\/uploads\/2025\/04\/52-300x200.jpg 300w, https:\/\/marcali.plebania.hu\/wp-content\/uploads\/2025\/04\/52-768x512.jpg 768w, https:\/\/marcali.plebania.hu\/wp-content\/uploads\/2025\/04\/52-1536x1024.jpg 1536w, https:\/\/marcali.plebania.hu\/wp-content\/uploads\/2025\/04\/52-2048x1365.jpg 2048w, https:\/\/marcali.plebania.hu\/wp-content\/uploads\/2025\/04\/52-405x270.jpg 405w\" sizes=\"auto, (max-width: 1024px) 100vw, 1024px\" \/><\/figure>\n<\/figure>\n\n\n\n<p>A nagyszombati vig\u00edli\u00e1n Balogh B\u00e1lint k\u00e1ntor m\u0171k\u00f6d\u00f6tt k\u00f6zre \u00e9nekekkel. A k\u00f6rmenet zavartalan lebonyol\u00edt\u00e1s\u00e1ban a Marcali V\u00e1rosi Rend\u0151rkapit\u00e1nys\u00e1g \u00e9s a Marcali Polg\u00e1r\u0151rs\u00e9g tagjai vettek r\u00e9szt, akiknek a szervez\u0151k ez\u00faton k\u00fcl\u00f6n is megk\u00f6sz\u00f6nik az \u00fcnnepi szolg\u00e1lat\u00e1t.<\/p>\n\n\n\n<figure class=\"wp-block-gallery has-nested-images columns-default is-cropped wp-block-gallery-4 is-layout-flex wp-block-gallery-is-layout-flex\">\n<figure class=\"wp-block-image size-large\"><img loading=\"lazy\" decoding=\"async\" width=\"1024\" height=\"683\" data-id=\"7141\" src=\"https:\/\/marcali.plebania.hu\/wp-content\/uploads\/2025\/04\/51-1024x683.jpg\" alt=\"\" class=\"wp-image-7141\" srcset=\"https:\/\/marcali.plebania.hu\/wp-content\/uploads\/2025\/04\/51-1024x683.jpg 1024w, https:\/\/marcali.plebania.hu\/wp-content\/uploads\/2025\/04\/51-300x200.jpg 300w, https:\/\/marcali.plebania.hu\/wp-content\/uploads\/2025\/04\/51-768x512.jpg 768w, https:\/\/marcali.plebania.hu\/wp-content\/uploads\/2025\/04\/51-1536x1024.jpg 1536w, https:\/\/marcali.plebania.hu\/wp-content\/uploads\/2025\/04\/51-2048x1365.jpg 2048w, https:\/\/marcali.plebania.hu\/wp-content\/uploads\/2025\/04\/51-405x270.jpg 405w\" sizes=\"auto, (max-width: 1024px) 100vw, 1024px\" \/><\/figure>\n\n\n\n<figure class=\"wp-block-image size-large\"><img loading=\"lazy\" decoding=\"async\" width=\"1024\" height=\"683\" data-id=\"7136\" src=\"https:\/\/marcali.plebania.hu\/wp-content\/uploads\/2025\/04\/54-1024x683.jpg\" alt=\"\" class=\"wp-image-7136\" srcset=\"https:\/\/marcali.plebania.hu\/wp-content\/uploads\/2025\/04\/54-1024x683.jpg 1024w, https:\/\/marcali.plebania.hu\/wp-content\/uploads\/2025\/04\/54-300x200.jpg 300w, https:\/\/marcali.plebania.hu\/wp-content\/uploads\/2025\/04\/54-768x512.jpg 768w, https:\/\/marcali.plebania.hu\/wp-content\/uploads\/2025\/04\/54-1536x1024.jpg 1536w, https:\/\/marcali.plebania.hu\/wp-content\/uploads\/2025\/04\/54-2048x1365.jpg 2048w, https:\/\/marcali.plebania.hu\/wp-content\/uploads\/2025\/04\/54-405x270.jpg 405w\" sizes=\"auto, (max-width: 1024px) 100vw, 1024px\" \/><\/figure>\n\n\n\n<figure class=\"wp-block-image size-large\"><img loading=\"lazy\" decoding=\"async\" width=\"1024\" height=\"683\" data-id=\"7139\" src=\"https:\/\/marcali.plebania.hu\/wp-content\/uploads\/2025\/04\/56-1024x683.jpg\" alt=\"\" class=\"wp-image-7139\" srcset=\"https:\/\/marcali.plebania.hu\/wp-content\/uploads\/2025\/04\/56-1024x683.jpg 1024w, https:\/\/marcali.plebania.hu\/wp-content\/uploads\/2025\/04\/56-300x200.jpg 300w, https:\/\/marcali.plebania.hu\/wp-content\/uploads\/2025\/04\/56-768x512.jpg 768w, https:\/\/marcali.plebania.hu\/wp-content\/uploads\/2025\/04\/56-1536x1024.jpg 1536w, https:\/\/marcali.plebania.hu\/wp-content\/uploads\/2025\/04\/56-2048x1365.jpg 2048w, https:\/\/marcali.plebania.hu\/wp-content\/uploads\/2025\/04\/56-405x270.jpg 405w\" sizes=\"auto, (max-width: 1024px) 100vw, 1024px\" \/><\/figure>\n\n\n\n<figure class=\"wp-block-image size-large\"><img loading=\"lazy\" decoding=\"async\" width=\"1024\" height=\"683\" data-id=\"7140\" src=\"https:\/\/marcali.plebania.hu\/wp-content\/uploads\/2025\/04\/65-1024x683.jpg\" alt=\"\" class=\"wp-image-7140\" srcset=\"https:\/\/marcali.plebania.hu\/wp-content\/uploads\/2025\/04\/65-1024x683.jpg 1024w, https:\/\/marcali.plebania.hu\/wp-content\/uploads\/2025\/04\/65-300x200.jpg 300w, https:\/\/marcali.plebania.hu\/wp-content\/uploads\/2025\/04\/65-768x512.jpg 768w, https:\/\/marcali.plebania.hu\/wp-content\/uploads\/2025\/04\/65-1536x1024.jpg 1536w, https:\/\/marcali.plebania.hu\/wp-content\/uploads\/2025\/04\/65-2048x1365.jpg 2048w, https:\/\/marcali.plebania.hu\/wp-content\/uploads\/2025\/04\/65-405x270.jpg 405w\" sizes=\"auto, (max-width: 1024px) 100vw, 1024px\" \/><\/figure>\n<\/figure>\n\n\n\n<p>Mindenkinek \u00e1ldott h\u00fasv\u00e9ti \u00fcnnepeket k\u00edv\u00e1n a Marcali Gy\u00fcm\u00f6lcsolt\u00f3 Boldogasszony Pl\u00e9b\u00e1nia!<\/p>\n\n\n\n<p>\u00cdrta \u00e9s fot\u00f3k: Marcali Pl\u00e9b\u00e1nia\/Kiss K\u00e1lm\u00e1n<\/p>\n","protected":false},"excerpt":{"rendered":"<p>2025. \u00e1prilis 19-\u00e9n, Nagyszombaton, 18 \u00f3rakor kezd\u0151d\u00f6tt az idei \u00e9vi H\u00fasv\u00e9ti vig\u00edlia a Marcali Gy\u00fcm\u00f6lcsolt\u00f3 Boldogasszony Pl\u00e9b\u00e1niatemplomban, melyet Tomanek Ferenc \u00c1ron pl\u00e9b\u00e1nos celebr\u00e1lt. H\u00fasv\u00e9t a Katolikus Egyh\u00e1z legnagyobb \u00fcnnepe, amely a kereszt\u00e9nys\u00e9g \u00f6r\u00f6mh\u00edr\u00e9t hirdeti: J\u00e9zus Krisztus felt\u00e1madt a hal\u00e1lb\u00f3l \u00e9s mindenkit megh\u00edv az \u00f6r\u00f6k \u00e9letre. Marcaliban is a t\u0171z-meg\u00e1ld\u00e1s\u00e1val kezd\u0151d\u00f6tt a szertart\u00e1s. Ferenc atya a pl\u00e9b\u00e1niatemplom el\u0151tt v\u00e9gezte el a liturgi\u00e1t, majd err\u0151l gy\u00fajtott\u00e1k meg az \u00faj h\u00fasv\u00e9ti gyerty\u00e1t. Ezt k\u00f6vet\u0151en a pl\u00e9b\u00e1nos, a ministr\u00e1nsok k\u00eds\u00e9ret\u00e9ben bevonult a templomba, mik\u00f6zben&#8230;<\/p>\n<p class=\"read-more\"><a class=\"btn btn-default\" href=\"https:\/\/marcali.plebania.hu\/?p=7116\"> Read More<span class=\"screen-reader-text\">  Read More<\/span><\/a><\/p>\n","protected":false},"author":2,"featured_media":0,"comment_status":"closed","ping_status":"open","sticky":false,"template":"","format":"standard","meta":{"footnotes":""},"categories":[1],"tags":[],"class_list":["post-7116","post","type-post","status-publish","format-standard","hentry","category-egyeb"],"_links":{"self":[{"href":"https:\/\/marcali.plebania.hu\/index.php?rest_route=\/wp\/v2\/posts\/7116","targetHints":{"allow":["GET"]}}],"collection":[{"href":"https:\/\/marcali.plebania.hu\/index.php?rest_route=\/wp\/v2\/posts"}],"about":[{"href":"https:\/\/marcali.plebania.hu\/index.php?rest_route=\/wp\/v2\/types\/post"}],"author":[{"embeddable":true,"href":"https:\/\/marcali.plebania.hu\/index.php?rest_route=\/wp\/v2\/users\/2"}],"replies":[{"embeddable":true,"href":"https:\/\/marcali.plebania.hu\/index.php?rest_route=%2Fwp%2Fv2%2Fcomments&post=7116"}],"version-history":[{"count":1,"href":"https:\/\/marcali.plebania.hu\/index.php?rest_route=\/wp\/v2\/posts\/7116\/revisions"}],"predecessor-version":[{"id":7142,"href":"https:\/\/marcali.plebania.hu\/index.php?rest_route=\/wp\/v2\/posts\/7116\/revisions\/7142"}],"wp:attachment":[{"href":"https:\/\/marcali.plebania.hu\/index.php?rest_route=%2Fwp%2Fv2%2Fmedia&parent=7116"}],"wp:term":[{"taxonomy":"category","embeddable":true,"href":"https:\/\/marcali.plebania.hu\/index.php?rest_route=%2Fwp%2Fv2%2Fcategories&post=7116"},{"taxonomy":"post_tag","embeddable":true,"href":"https:\/\/marcali.plebania.hu\/index.php?rest_route=%2Fwp%2Fv2%2Ftags&post=7116"}],"curies":[{"name":"wp","href":"https:\/\/api.w.org\/{rel}","templated":true}]}}