{"id":712,"date":"2019-03-29T09:18:58","date_gmt":"2019-03-29T09:18:58","guid":{"rendered":"https:\/\/marcali.plebania.hu\/?p=712"},"modified":"2019-04-01T15:35:19","modified_gmt":"2019-04-01T15:35:19","slug":"hirdetesek-2019-03-31","status":"publish","type":"post","link":"https:\/\/marcali.plebania.hu\/?p=712","title":{"rendered":"Hirdet\u00e9sek, 2019. 03. 31."},"content":{"rendered":"\n<p><\/p>\n\n\n\n<ol class=\"wp-block-list\"><li>Ma van nagyb\u00f6jt 4. vas\u00e1rnapja. Tart\u00f3s \u00e9lelmiszergy\u0171jt\u00e9s a szeg\u00e9nyek r\u00e9sz\u00e9re.<\/li><li>A j\u00f6v\u0151 h\u00e9ten megv\u00e1ltozik az esti szentmis\u00e9k id\u0151pontja. Az esti szentmis\u00e9k 18 \u00f3rakor kezd\u0151dnek a pl\u00e9b\u00e1niatemplomban \u00e9s a B. Gizella templomban.<\/li><li> 2019. \u00e1prilis 3-\u00e1n (szerd\u00e1n) 17 \u00f3rakor az X-h\u00e1z nagyterm\u00e9ben (D\u00f3zsa u. 3.) sz\u00fcl\u0151i \u00e9rtekezletet tartunk a j\u00f6v\u0151 \u00e9vi els\u0151\u00e1ldoz\u00e1ssal kapcsolatosan. Lehet\u0151s\u00e9g van arra, hogy a 2020-as Eukarisztikus Kongresszus nyit\u00f3 mis\u00e9j\u00e9n lehessenek a gyermekeik els\u0151\u00e1ldoz\u00f3k Budapesten. Ennek megbesz\u00e9l\u00e9s\u00e9re szeretettel h\u00edvjuk \u00e9s v\u00e1rjuk a kedves Sz\u00fcl\u0151ket. <\/li><li>A j\u00f6v\u0151 h\u00e9ten els\u0151 p\u00e9ntek, 17.30 \u00f3rakor kereszt\u00fat, melyet a Karit\u00e1sz szervezete vezet, gy\u00f3n\u00e1si lehet\u0151s\u00e9g, majd 18 \u00f3rakor szentmise.<\/li><li>A Lelki Nap 2019. \u00e1prilis 6-\u00e1n (szombaton) lesz. Progam: 13 \u00f3ra: el\u0151ad\u00e1s az als\u00f3 tagozatos hittanosoknak (X-h\u00e1z nagyterm\u00e9ben. Az els\u0151\u00e1ldoz\u00e1sra jelentkezetteknek a r\u00e9szv\u00e9tel k\u00f6telez\u0151!), 14 \u00f3ra: el\u0151ad\u00e1s a fels\u0151 tagozatos hittanosoknak (A b\u00e9rm\u00e1lkoz\u00e1sra jelentkezetteknek a r\u00e9szv\u00e9tel k\u00f6telez\u0151!), 15 \u00f3ra: gyermekek gy\u00f3ntat\u00e1sa (Pl\u00e9b\u00e1niatemplom), 16 \u00f3ra: feln\u0151ttek gy\u00f3ntat\u00e1sa (vend\u00e9g aty\u00e1kkal),  17.15 \u00f3ra: ifj\u00fas\u00e1gi kereszt\u00fat (a F\u00e9ny Gyermekei Zenekarral) \u2013 b\u00e9rm\u00e1lkoz\u00f3k r\u00e9szv\u00e9tel\u00e9vel,  18 \u00f3ra: lelkigyakorlatos szentmise A Nagyb\u00f6jti Lelki Napot Neumajer Zolt\u00e1n vezeti. <\/li><li>\u00d6r\u00f6mmel k\u00f6zl\u00f6m, hogy az Eukarisztikus kongresszust is jelk\u00e9pez\u0151 Misszi\u00f3s Kereszt v\u00e1rosunkat is megl\u00e1togatja, j\u00falius 5-t\u0151l 7-ig. A programot majd h\u00fasv\u00e9t ut\u00e1n hirdetem.<\/li><li>Egyh\u00e1zmegyei zar\u00e1ndoklatot hirdet\u00fcnk m\u00e1jus 18-ra a szlov\u00e1kiai Garamszentbenedekre, a harmadik Szent V\u00e9r kegyhelyre. Jelentkezni kell a pl\u00e9b\u00e1ni\u00e1n.<\/li><\/ol>\n","protected":false},"excerpt":{"rendered":"<p>Ma van nagyb\u00f6jt 4. vas\u00e1rnapja. Tart\u00f3s \u00e9lelmiszergy\u0171jt\u00e9s a szeg\u00e9nyek r\u00e9sz\u00e9re. A j\u00f6v\u0151 h\u00e9ten megv\u00e1ltozik az esti szentmis\u00e9k id\u0151pontja. Az esti szentmis\u00e9k 18 \u00f3rakor kezd\u0151dnek a pl\u00e9b\u00e1niatemplomban \u00e9s a B. Gizella templomban. 2019. \u00e1prilis 3-\u00e1n (szerd\u00e1n) 17 \u00f3rakor az X-h\u00e1z nagyterm\u00e9ben (D\u00f3zsa u. 3.) sz\u00fcl\u0151i \u00e9rtekezletet tartunk a j\u00f6v\u0151 \u00e9vi els\u0151\u00e1ldoz\u00e1ssal kapcsolatosan. Lehet\u0151s\u00e9g van arra, hogy a 2020-as Eukarisztikus Kongresszus nyit\u00f3 mis\u00e9j\u00e9n lehessenek a gyermekeik els\u0151\u00e1ldoz\u00f3k Budapesten. Ennek megbesz\u00e9l\u00e9s\u00e9re szeretettel h\u00edvjuk \u00e9s v\u00e1rjuk a kedves Sz\u00fcl\u0151ket. A j\u00f6v\u0151 h\u00e9ten els\u0151 p\u00e9ntek,&#8230;<\/p>\n<p class=\"read-more\"><a class=\"btn btn-default\" href=\"https:\/\/marcali.plebania.hu\/?p=712\"> Read More<span class=\"screen-reader-text\">  Read More<\/span><\/a><\/p>\n","protected":false},"author":2,"featured_media":0,"comment_status":"closed","ping_status":"open","sticky":false,"template":"","format":"standard","meta":{"footnotes":""},"categories":[1],"tags":[],"class_list":["post-712","post","type-post","status-publish","format-standard","hentry","category-egyeb"],"_links":{"self":[{"href":"https:\/\/marcali.plebania.hu\/index.php?rest_route=\/wp\/v2\/posts\/712","targetHints":{"allow":["GET"]}}],"collection":[{"href":"https:\/\/marcali.plebania.hu\/index.php?rest_route=\/wp\/v2\/posts"}],"about":[{"href":"https:\/\/marcali.plebania.hu\/index.php?rest_route=\/wp\/v2\/types\/post"}],"author":[{"embeddable":true,"href":"https:\/\/marcali.plebania.hu\/index.php?rest_route=\/wp\/v2\/users\/2"}],"replies":[{"embeddable":true,"href":"https:\/\/marcali.plebania.hu\/index.php?rest_route=%2Fwp%2Fv2%2Fcomments&post=712"}],"version-history":[{"count":2,"href":"https:\/\/marcali.plebania.hu\/index.php?rest_route=\/wp\/v2\/posts\/712\/revisions"}],"predecessor-version":[{"id":717,"href":"https:\/\/marcali.plebania.hu\/index.php?rest_route=\/wp\/v2\/posts\/712\/revisions\/717"}],"wp:attachment":[{"href":"https:\/\/marcali.plebania.hu\/index.php?rest_route=%2Fwp%2Fv2%2Fmedia&parent=712"}],"wp:term":[{"taxonomy":"category","embeddable":true,"href":"https:\/\/marcali.plebania.hu\/index.php?rest_route=%2Fwp%2Fv2%2Fcategories&post=712"},{"taxonomy":"post_tag","embeddable":true,"href":"https:\/\/marcali.plebania.hu\/index.php?rest_route=%2Fwp%2Fv2%2Ftags&post=712"}],"curies":[{"name":"wp","href":"https:\/\/api.w.org\/{rel}","templated":true}]}}