{"id":7143,"date":"2025-04-22T15:28:13","date_gmt":"2025-04-22T15:28:13","guid":{"rendered":"https:\/\/marcali.plebania.hu\/?p=7143"},"modified":"2025-04-22T15:28:13","modified_gmt":"2025-04-22T15:28:13","slug":"etelszenteles-2025-husvetjan-a-marcali-plebaniatemplomban","status":"publish","type":"post","link":"https:\/\/marcali.plebania.hu\/?p=7143","title":{"rendered":"\u00c9telszentel\u00e9s 2025 H\u00fasv\u00e9tj\u00e1n a Marcali pl\u00e9b\u00e1niatemplomban"},"content":{"rendered":"\n<p>2025. \u00e1prilis 20-\u00e1n, H\u00fasv\u00e9t vas\u00e1rnap reggel 8 \u00f3rakor kezd\u0151d\u00f6tt az \u00e9telszentel\u00e9si szertart\u00e1s a Marcali Gy\u00fcm\u00f6lcsolt\u00f3 Boldogasszony Pl\u00e9b\u00e1niatemplomban.<\/p>\n\n\n\n<figure class=\"wp-block-gallery has-nested-images columns-default is-cropped wp-block-gallery-1 is-layout-flex wp-block-gallery-is-layout-flex\">\n<figure class=\"wp-block-image size-large\"><img loading=\"lazy\" decoding=\"async\" width=\"1024\" height=\"683\" data-id=\"7144\" src=\"https:\/\/marcali.plebania.hu\/wp-content\/uploads\/2025\/04\/01-5-1024x683.jpg\" alt=\"\" class=\"wp-image-7144\" srcset=\"https:\/\/marcali.plebania.hu\/wp-content\/uploads\/2025\/04\/01-5-1024x683.jpg 1024w, https:\/\/marcali.plebania.hu\/wp-content\/uploads\/2025\/04\/01-5-300x200.jpg 300w, https:\/\/marcali.plebania.hu\/wp-content\/uploads\/2025\/04\/01-5-768x512.jpg 768w, https:\/\/marcali.plebania.hu\/wp-content\/uploads\/2025\/04\/01-5-1536x1024.jpg 1536w, https:\/\/marcali.plebania.hu\/wp-content\/uploads\/2025\/04\/01-5-2048x1365.jpg 2048w, https:\/\/marcali.plebania.hu\/wp-content\/uploads\/2025\/04\/01-5-405x270.jpg 405w\" sizes=\"auto, (max-width: 1024px) 100vw, 1024px\" \/><\/figure>\n\n\n\n<figure class=\"wp-block-image size-large\"><img loading=\"lazy\" decoding=\"async\" width=\"1024\" height=\"683\" data-id=\"7148\" src=\"https:\/\/marcali.plebania.hu\/wp-content\/uploads\/2025\/04\/04-6-1024x683.jpg\" alt=\"\" class=\"wp-image-7148\" srcset=\"https:\/\/marcali.plebania.hu\/wp-content\/uploads\/2025\/04\/04-6-1024x683.jpg 1024w, https:\/\/marcali.plebania.hu\/wp-content\/uploads\/2025\/04\/04-6-300x200.jpg 300w, https:\/\/marcali.plebania.hu\/wp-content\/uploads\/2025\/04\/04-6-768x512.jpg 768w, https:\/\/marcali.plebania.hu\/wp-content\/uploads\/2025\/04\/04-6-1536x1024.jpg 1536w, https:\/\/marcali.plebania.hu\/wp-content\/uploads\/2025\/04\/04-6-2048x1365.jpg 2048w, https:\/\/marcali.plebania.hu\/wp-content\/uploads\/2025\/04\/04-6-405x270.jpg 405w\" sizes=\"auto, (max-width: 1024px) 100vw, 1024px\" \/><\/figure>\n\n\n\n<figure class=\"wp-block-image size-large\"><img loading=\"lazy\" decoding=\"async\" width=\"1024\" height=\"683\" data-id=\"7149\" src=\"https:\/\/marcali.plebania.hu\/wp-content\/uploads\/2025\/04\/09-2-1024x683.jpg\" alt=\"\" class=\"wp-image-7149\" srcset=\"https:\/\/marcali.plebania.hu\/wp-content\/uploads\/2025\/04\/09-2-1024x683.jpg 1024w, https:\/\/marcali.plebania.hu\/wp-content\/uploads\/2025\/04\/09-2-300x200.jpg 300w, https:\/\/marcali.plebania.hu\/wp-content\/uploads\/2025\/04\/09-2-768x512.jpg 768w, https:\/\/marcali.plebania.hu\/wp-content\/uploads\/2025\/04\/09-2-1536x1024.jpg 1536w, https:\/\/marcali.plebania.hu\/wp-content\/uploads\/2025\/04\/09-2-2048x1365.jpg 2048w, https:\/\/marcali.plebania.hu\/wp-content\/uploads\/2025\/04\/09-2-405x270.jpg 405w\" sizes=\"auto, (max-width: 1024px) 100vw, 1024px\" \/><\/figure>\n\n\n\n<figure class=\"wp-block-image size-large\"><img loading=\"lazy\" decoding=\"async\" width=\"1024\" height=\"683\" data-id=\"7150\" src=\"https:\/\/marcali.plebania.hu\/wp-content\/uploads\/2025\/04\/12-3-1024x683.jpg\" alt=\"\" class=\"wp-image-7150\" srcset=\"https:\/\/marcali.plebania.hu\/wp-content\/uploads\/2025\/04\/12-3-1024x683.jpg 1024w, https:\/\/marcali.plebania.hu\/wp-content\/uploads\/2025\/04\/12-3-300x200.jpg 300w, https:\/\/marcali.plebania.hu\/wp-content\/uploads\/2025\/04\/12-3-768x512.jpg 768w, https:\/\/marcali.plebania.hu\/wp-content\/uploads\/2025\/04\/12-3-1536x1024.jpg 1536w, https:\/\/marcali.plebania.hu\/wp-content\/uploads\/2025\/04\/12-3-2048x1365.jpg 2048w, https:\/\/marcali.plebania.hu\/wp-content\/uploads\/2025\/04\/12-3-405x270.jpg 405w\" sizes=\"auto, (max-width: 1024px) 100vw, 1024px\" \/><\/figure>\n<\/figure>\n\n\n\n<p>Tomanek Ferenc \u00c1ron pl\u00e9b\u00e1nos el\u0151sz\u00f6r meg\u00e1ldotta, majd pedig megszentelte a sz\u00e9pen \u00f6ssze\u00e1ll\u00edtott kosarakban hozott k\u00fcl\u00f6nf\u00e9le \u00e9teleket: els\u0151sorban a sonk\u00e1t, a toj\u00e1st, a kal\u00e1csot, a torm\u00e1t \u00e9s a bort; valamint az \u00e9dess\u00e9geket: p\u00e9ld\u00e1ul csokol\u00e1d\u00e9t \u00e9s s\u00fctem\u00e9nyeket, vagy a gy\u00fcm\u00f6lcs\u00f6t.<\/p>\n\n\n\n<figure class=\"wp-block-gallery has-nested-images columns-default is-cropped wp-block-gallery-2 is-layout-flex wp-block-gallery-is-layout-flex\">\n<figure class=\"wp-block-image size-large\"><img loading=\"lazy\" decoding=\"async\" width=\"1024\" height=\"683\" data-id=\"7151\" src=\"https:\/\/marcali.plebania.hu\/wp-content\/uploads\/2025\/04\/13-3-1024x683.jpg\" alt=\"\" class=\"wp-image-7151\" srcset=\"https:\/\/marcali.plebania.hu\/wp-content\/uploads\/2025\/04\/13-3-1024x683.jpg 1024w, https:\/\/marcali.plebania.hu\/wp-content\/uploads\/2025\/04\/13-3-300x200.jpg 300w, https:\/\/marcali.plebania.hu\/wp-content\/uploads\/2025\/04\/13-3-768x512.jpg 768w, https:\/\/marcali.plebania.hu\/wp-content\/uploads\/2025\/04\/13-3-1536x1024.jpg 1536w, https:\/\/marcali.plebania.hu\/wp-content\/uploads\/2025\/04\/13-3-2048x1365.jpg 2048w, https:\/\/marcali.plebania.hu\/wp-content\/uploads\/2025\/04\/13-3-405x270.jpg 405w\" sizes=\"auto, (max-width: 1024px) 100vw, 1024px\" \/><\/figure>\n\n\n\n<figure class=\"wp-block-image size-large\"><img loading=\"lazy\" decoding=\"async\" width=\"1024\" height=\"683\" data-id=\"7153\" src=\"https:\/\/marcali.plebania.hu\/wp-content\/uploads\/2025\/04\/15-3-1024x683.jpg\" alt=\"\" class=\"wp-image-7153\" srcset=\"https:\/\/marcali.plebania.hu\/wp-content\/uploads\/2025\/04\/15-3-1024x683.jpg 1024w, https:\/\/marcali.plebania.hu\/wp-content\/uploads\/2025\/04\/15-3-300x200.jpg 300w, https:\/\/marcali.plebania.hu\/wp-content\/uploads\/2025\/04\/15-3-768x512.jpg 768w, https:\/\/marcali.plebania.hu\/wp-content\/uploads\/2025\/04\/15-3-1536x1024.jpg 1536w, https:\/\/marcali.plebania.hu\/wp-content\/uploads\/2025\/04\/15-3-2048x1365.jpg 2048w, https:\/\/marcali.plebania.hu\/wp-content\/uploads\/2025\/04\/15-3-405x270.jpg 405w\" sizes=\"auto, (max-width: 1024px) 100vw, 1024px\" \/><\/figure>\n\n\n\n<figure class=\"wp-block-image size-large\"><img loading=\"lazy\" decoding=\"async\" width=\"1024\" height=\"683\" data-id=\"7152\" src=\"https:\/\/marcali.plebania.hu\/wp-content\/uploads\/2025\/04\/14-3-1024x683.jpg\" alt=\"\" class=\"wp-image-7152\" srcset=\"https:\/\/marcali.plebania.hu\/wp-content\/uploads\/2025\/04\/14-3-1024x683.jpg 1024w, https:\/\/marcali.plebania.hu\/wp-content\/uploads\/2025\/04\/14-3-300x200.jpg 300w, https:\/\/marcali.plebania.hu\/wp-content\/uploads\/2025\/04\/14-3-768x512.jpg 768w, https:\/\/marcali.plebania.hu\/wp-content\/uploads\/2025\/04\/14-3-1536x1024.jpg 1536w, https:\/\/marcali.plebania.hu\/wp-content\/uploads\/2025\/04\/14-3-2048x1365.jpg 2048w, https:\/\/marcali.plebania.hu\/wp-content\/uploads\/2025\/04\/14-3-405x270.jpg 405w\" sizes=\"auto, (max-width: 1024px) 100vw, 1024px\" \/><\/figure>\n\n\n\n<figure class=\"wp-block-image size-large\"><img loading=\"lazy\" decoding=\"async\" width=\"1024\" height=\"683\" data-id=\"7155\" src=\"https:\/\/marcali.plebania.hu\/wp-content\/uploads\/2025\/04\/25-1-1024x683.jpg\" alt=\"\" class=\"wp-image-7155\" srcset=\"https:\/\/marcali.plebania.hu\/wp-content\/uploads\/2025\/04\/25-1-1024x683.jpg 1024w, https:\/\/marcali.plebania.hu\/wp-content\/uploads\/2025\/04\/25-1-300x200.jpg 300w, https:\/\/marcali.plebania.hu\/wp-content\/uploads\/2025\/04\/25-1-768x512.jpg 768w, https:\/\/marcali.plebania.hu\/wp-content\/uploads\/2025\/04\/25-1-1536x1024.jpg 1536w, https:\/\/marcali.plebania.hu\/wp-content\/uploads\/2025\/04\/25-1-2048x1365.jpg 2048w, https:\/\/marcali.plebania.hu\/wp-content\/uploads\/2025\/04\/25-1-405x270.jpg 405w\" sizes=\"auto, (max-width: 1024px) 100vw, 1024px\" \/><\/figure>\n<\/figure>\n\n\n\n<p>Az \u00e9telszentel\u00e9si szok\u00e1s a bibliai id\u0151kre vezethet\u0151 vissza, amikor a zsid\u00f3k az \u00fcnnepnek megfelel\u0151 \u00e9teleket, meghat\u00e1rozott sorrendben fogyasztott\u00e1k. Ez a hagyom\u00e1ny azonban napjainkra m\u00e1r \u00e1talakult a magyaros \u00e9telek \u00edz-vil\u00e1gnak megfelel\u0151en. A h\u00fasv\u00e9ti \u00e9telek meg\u00e1ld\u00e1sa r\u00e9gebben f\u0151leg vid\u00e9ken volt szok\u00e1sban, ahol a h\u00edvek sz\u00e9pen feld\u00edsz\u00edtett kosaraikban minden esztend\u0151ben elvitt\u00e9k a h\u00fasv\u00e9ti reggelihez elk\u00e9sz\u00edtett sonk\u00e1t, toj\u00e1st, torm\u00e1t, kal\u00e1csot, \u00e9s a bort is a templomba. Napjainkban m\u00e1r a v\u00e1rosokban is visszat\u00e9rt ez a sz\u00e9p hagyom\u00e1ny, \u00edgy \u00e9vr\u0151l-\u00e9vre mindig sokan hozz\u00e1k el h\u00fasv\u00e9ti \u00e9teleiket megszenteltetni a pl\u00e9b\u00e1niatemplomukba, \u00edgy Marcaliba is.<\/p>\n\n\n\n<p>\u00cdrta \u00e9s fot\u00f3k: Kiss K\u00e1lm\u00e1n<\/p>\n","protected":false},"excerpt":{"rendered":"<p>2025. \u00e1prilis 20-\u00e1n, H\u00fasv\u00e9t vas\u00e1rnap reggel 8 \u00f3rakor kezd\u0151d\u00f6tt az \u00e9telszentel\u00e9si szertart\u00e1s a Marcali Gy\u00fcm\u00f6lcsolt\u00f3 Boldogasszony Pl\u00e9b\u00e1niatemplomban. Tomanek Ferenc \u00c1ron pl\u00e9b\u00e1nos el\u0151sz\u00f6r meg\u00e1ldotta, majd pedig megszentelte a sz\u00e9pen \u00f6ssze\u00e1ll\u00edtott kosarakban hozott k\u00fcl\u00f6nf\u00e9le \u00e9teleket: els\u0151sorban a sonk\u00e1t, a toj\u00e1st, a kal\u00e1csot, a torm\u00e1t \u00e9s a bort; valamint az \u00e9dess\u00e9geket: p\u00e9ld\u00e1ul csokol\u00e1d\u00e9t \u00e9s s\u00fctem\u00e9nyeket, vagy a gy\u00fcm\u00f6lcs\u00f6t. Az \u00e9telszentel\u00e9si szok\u00e1s a bibliai id\u0151kre vezethet\u0151 vissza, amikor a zsid\u00f3k az \u00fcnnepnek megfelel\u0151 \u00e9teleket, meghat\u00e1rozott sorrendben fogyasztott\u00e1k. Ez a hagyom\u00e1ny azonban napjainkra m\u00e1r \u00e1talakult&#8230;<\/p>\n<p class=\"read-more\"><a class=\"btn btn-default\" href=\"https:\/\/marcali.plebania.hu\/?p=7143\"> Read More<span class=\"screen-reader-text\">  Read More<\/span><\/a><\/p>\n","protected":false},"author":2,"featured_media":0,"comment_status":"closed","ping_status":"open","sticky":false,"template":"","format":"standard","meta":{"footnotes":""},"categories":[1],"tags":[],"class_list":["post-7143","post","type-post","status-publish","format-standard","hentry","category-egyeb"],"_links":{"self":[{"href":"https:\/\/marcali.plebania.hu\/index.php?rest_route=\/wp\/v2\/posts\/7143","targetHints":{"allow":["GET"]}}],"collection":[{"href":"https:\/\/marcali.plebania.hu\/index.php?rest_route=\/wp\/v2\/posts"}],"about":[{"href":"https:\/\/marcali.plebania.hu\/index.php?rest_route=\/wp\/v2\/types\/post"}],"author":[{"embeddable":true,"href":"https:\/\/marcali.plebania.hu\/index.php?rest_route=\/wp\/v2\/users\/2"}],"replies":[{"embeddable":true,"href":"https:\/\/marcali.plebania.hu\/index.php?rest_route=%2Fwp%2Fv2%2Fcomments&post=7143"}],"version-history":[{"count":1,"href":"https:\/\/marcali.plebania.hu\/index.php?rest_route=\/wp\/v2\/posts\/7143\/revisions"}],"predecessor-version":[{"id":7156,"href":"https:\/\/marcali.plebania.hu\/index.php?rest_route=\/wp\/v2\/posts\/7143\/revisions\/7156"}],"wp:attachment":[{"href":"https:\/\/marcali.plebania.hu\/index.php?rest_route=%2Fwp%2Fv2%2Fmedia&parent=7143"}],"wp:term":[{"taxonomy":"category","embeddable":true,"href":"https:\/\/marcali.plebania.hu\/index.php?rest_route=%2Fwp%2Fv2%2Fcategories&post=7143"},{"taxonomy":"post_tag","embeddable":true,"href":"https:\/\/marcali.plebania.hu\/index.php?rest_route=%2Fwp%2Fv2%2Ftags&post=7143"}],"curies":[{"name":"wp","href":"https:\/\/api.w.org\/{rel}","templated":true}]}}