{"id":7159,"date":"2025-04-25T23:36:35","date_gmt":"2025-04-25T23:36:35","guid":{"rendered":"https:\/\/marcali.plebania.hu\/?p=7159"},"modified":"2025-04-26T16:58:35","modified_gmt":"2025-04-26T16:58:35","slug":"hirdetesek-2025-aprilis-27-en","status":"publish","type":"post","link":"https:\/\/marcali.plebania.hu\/?p=7159","title":{"rendered":"Hirdet\u00e9sek 2025. \u00e1prilis 27-\u00e9n"},"content":{"rendered":"\n<p><a href=\"https:\/\/igenaptar.katolikus.hu\/nap\/index.php?holnap=2025-04-27\" target=\"_blank\" rel=\"noreferrer noopener\"><u>H\u00fasv\u00e9t 2. vas\u00e1rnapja &#8211; Isteni Irgalmass\u00e1g vas\u00e1rnapja<\/u><\/a><\/p>\n\n\n\n<ol start=\"1\" class=\"wp-block-list\">\n<li>K\u00f6sz\u00f6nj\u00fck nagyb\u00f6jti <strong>rejtv\u00e9ny<\/strong>ek megold\u00e1sait. Eredm\u00e9nyhirdet\u00e9s j\u00f6v\u0151 vas\u00e1rnap lesz, szeretettel h\u00edvunk minden r\u00e9sztvev\u0151t a <span style=\"text-decoration: underline;\">vas\u00e1rnap<\/span> 9 \u00f3rai szentmis\u00e9re.<\/li>\n\n\n\n<li><span style=\"text-decoration: underline;\">Kedden<\/span> az esti szentmise ut\u00e1n, 18:10-kor <strong>test\u00fcleti \u00fcl\u00e9s<\/strong> kezd\u0151dik a pl\u00e9b\u00e1ni\u00e1n.<\/li>\n\n\n\n<li>A <strong>lelki adopt\u00e1l\u00f3k<\/strong> \u00e1prilisi tal\u00e1lkoz\u00f3ja <span style=\"text-decoration: underline;\">szerd\u00e1n<\/span> 17:00-kor kezd\u0151dik a templomban, szeretettel h\u00edvjuk mindazokat, akik fogadalmat tettek.<\/li>\n\n\n\n<li>A <strong>Feln\u0151tt hittan<\/strong> k\u00f6vetkez\u0151 tal\u00e1lkoz\u00f3ja <span style=\"text-decoration: underline;\">szerd\u00e1n<\/span> 18:00-kor kezd\u0151dik a pl\u00e9b\u00e1ni\u00e1n.<\/li>\n\n\n\n<li>Minden h\u00f3nap <span style=\"text-decoration: underline;\">els\u0151 p\u00e9ntek\u00e9n<\/span> megl\u00e1togatjuk otthonukban az id\u0151seket \u00e9s betegeket, akik ezt k\u00e9rik, mert nem tudnak elj\u00f6nni a templomba. Ez lehet\u0151s\u00e9g sz\u00e1mukra a szentgy\u00f3n\u00e1s elv\u00e9gz\u00e9s\u00e9re \u00e9s az \u00e1ldoz\u00e1sra. Aki szeretne \u00e9lni a lehet\u0151s\u00e9ggel, de m\u00e9g nem jelentkezett, az irod\u00e1n b\u00e1rmikor megteheti.<\/li>\n\n\n\n<li>A k\u00f6zelg\u0151 <strong>pl\u00e9b\u00e1niai<\/strong> k\u00f6z\u00f6ss\u00e9gi <strong>programok<\/strong> id\u0151pontja: els\u0151\u00e1ldoz\u00e1s j\u00fanius 1-j\u00e9n; juni\u00e1lis j\u00fanius 8-\u00e1n, b\u00e9rm\u00e1l\u00e1s j\u00fanius 15-\u00e9n, pl\u00e9b\u00e1niai napk\u00f6zis t\u00e1bor j\u00falius 14-t\u0151l 18-ig. A r\u00e9szleteket \u00e9s a jelentkez\u00e9si lehet\u0151s\u00e9geket k\u00e9s\u0151bb hirdetj\u00fck.<\/li>\n\n\n\n<li>P\u00fcsp\u00f6k aty\u00e1nk k\u00f6sz\u00f6net\u00e9t fejezte ki a legut\u00f3bbi egyh\u00e1zmegyei k\u00f6rlev\u00e9lben mindazok fel\u00e9, akik a szem\u00e9lyi j\u00f6vedelemad\u00f3juk 1%-\u00e1nak felaj\u00e1nl\u00e1s\u00e1val t\u00e1mogatt\u00e1k a Magyar Katolikus Egyh\u00e1z tev\u00e9kenys\u00e9g\u00e9t. Ez az ad\u00f3z\u00f3knak nem jelent plusz terhet, de egyh\u00e1zunk m\u0171k\u00f6d\u00e9s\u00e9hez nagy seg\u00edts\u00e9g. A megtett rendelkez\u00e9st minden \u00e9vben figyelembe veszik, am\u00edg valaki meg nem v\u00e1ltoztatja azt. \u00cdgy nem kell err\u0151l minden \u00e9vben \u00fajra nyilatkozni. K\u00f6sz\u00f6nj\u00fck \u00e9s a tov\u00e1bbiakban is k\u00e9rj\u00fck az SZJA 1%-\u00e1nak felaj\u00e1nl\u00e1s\u00e1t, valamint k\u00f6sz\u00f6nj\u00fck az egyh\u00e1zi hozz\u00e1j\u00e1rul\u00e1st, ami ett\u0151l f\u00fcggetlen \u00e9s kifejezetten a saj\u00e1t pl\u00e9b\u00e1ni\u00e1nk m\u0171k\u00f6d\u00e9s\u00e9t, fenntart\u00e1s\u00e1t \u00e9s fejleszt\u00e9seit szolg\u00e1lja.<\/li>\n<\/ol>\n\n\n\n<hr class=\"wp-block-separator has-alpha-channel-opacity\"\/>\n\n\n\n<figure class=\"wp-block-image size-large\"><img loading=\"lazy\" decoding=\"async\" width=\"1024\" height=\"609\" src=\"https:\/\/marcali.plebania.hu\/wp-content\/uploads\/2025\/04\/250427-1024x609.png\" alt=\"\" class=\"wp-image-7161\" srcset=\"https:\/\/marcali.plebania.hu\/wp-content\/uploads\/2025\/04\/250427-1024x609.png 1024w, https:\/\/marcali.plebania.hu\/wp-content\/uploads\/2025\/04\/250427-300x178.png 300w, https:\/\/marcali.plebania.hu\/wp-content\/uploads\/2025\/04\/250427-768x457.png 768w, https:\/\/marcali.plebania.hu\/wp-content\/uploads\/2025\/04\/250427-454x270.png 454w, https:\/\/marcali.plebania.hu\/wp-content\/uploads\/2025\/04\/250427.png 1281w\" sizes=\"auto, (max-width: 1024px) 100vw, 1024px\" \/><\/figure>\n","protected":false},"excerpt":{"rendered":"<p>H\u00fasv\u00e9t 2. vas\u00e1rnapja &#8211; Isteni Irgalmass\u00e1g vas\u00e1rnapja<\/p>\n","protected":false},"author":1,"featured_media":0,"comment_status":"closed","ping_status":"open","sticky":false,"template":"","format":"standard","meta":{"footnotes":""},"categories":[3],"tags":[],"class_list":["post-7159","post","type-post","status-publish","format-standard","hentry","category-hirdetesek"],"_links":{"self":[{"href":"https:\/\/marcali.plebania.hu\/index.php?rest_route=\/wp\/v2\/posts\/7159","targetHints":{"allow":["GET"]}}],"collection":[{"href":"https:\/\/marcali.plebania.hu\/index.php?rest_route=\/wp\/v2\/posts"}],"about":[{"href":"https:\/\/marcali.plebania.hu\/index.php?rest_route=\/wp\/v2\/types\/post"}],"author":[{"embeddable":true,"href":"https:\/\/marcali.plebania.hu\/index.php?rest_route=\/wp\/v2\/users\/1"}],"replies":[{"embeddable":true,"href":"https:\/\/marcali.plebania.hu\/index.php?rest_route=%2Fwp%2Fv2%2Fcomments&post=7159"}],"version-history":[{"count":3,"href":"https:\/\/marcali.plebania.hu\/index.php?rest_route=\/wp\/v2\/posts\/7159\/revisions"}],"predecessor-version":[{"id":7163,"href":"https:\/\/marcali.plebania.hu\/index.php?rest_route=\/wp\/v2\/posts\/7159\/revisions\/7163"}],"wp:attachment":[{"href":"https:\/\/marcali.plebania.hu\/index.php?rest_route=%2Fwp%2Fv2%2Fmedia&parent=7159"}],"wp:term":[{"taxonomy":"category","embeddable":true,"href":"https:\/\/marcali.plebania.hu\/index.php?rest_route=%2Fwp%2Fv2%2Fcategories&post=7159"},{"taxonomy":"post_tag","embeddable":true,"href":"https:\/\/marcali.plebania.hu\/index.php?rest_route=%2Fwp%2Fv2%2Ftags&post=7159"}],"curies":[{"name":"wp","href":"https:\/\/api.w.org\/{rel}","templated":true}]}}