{"id":7164,"date":"2025-04-29T13:06:03","date_gmt":"2025-04-29T13:06:03","guid":{"rendered":"https:\/\/marcali.plebania.hu\/?p=7164"},"modified":"2025-04-29T13:06:03","modified_gmt":"2025-04-29T13:06:03","slug":"jakusovszki-dorina-miert-hiszek-zarandok-utakon-kivul-belul-kesz-eloadas-az-x-hazban","status":"publish","type":"post","link":"https:\/\/marcali.plebania.hu\/?p=7164","title":{"rendered":"Jakusovszki Dorina: Mi\u00e9rt hiszek? (Zar\u00e1ndok utakon k\u00edv\u00fcl-bel\u00fcl) \u2013 K\u00c9SZ el\u0151ad\u00e1s az X-h\u00e1zban"},"content":{"rendered":"\n<p>2025. \u00e1prilis 24-\u00e9n, cs\u00fct\u00f6rt\u00f6k\u00f6n 18.15 \u00f3r\u00e1t\u00f3l Jakusovszki Dorina (V\u00e1ndorina): Mi\u00e9rt hiszek? (Zar\u00e1ndok utakon k\u00edv\u00fcl-bel\u00fcl) c\u00edmmel tartott tan\u00fas\u00e1gtev\u0151 el\u0151ad\u00e1st az egyh\u00e1zk\u00f6zs\u00e9g k\u00f6z\u00f6ss\u00e9gi h\u00e1z\u00e1ban (X-h\u00e1z, D\u00f3zsa u. 3.).<\/p>\n\n\n\n<figure class=\"wp-block-gallery has-nested-images columns-default is-cropped wp-block-gallery-1 is-layout-flex wp-block-gallery-is-layout-flex\">\n<figure class=\"wp-block-image size-large\"><img loading=\"lazy\" decoding=\"async\" width=\"1024\" height=\"683\" data-id=\"7165\" src=\"https:\/\/marcali.plebania.hu\/wp-content\/uploads\/2025\/04\/01-6-1024x683.jpg\" alt=\"\" class=\"wp-image-7165\" srcset=\"https:\/\/marcali.plebania.hu\/wp-content\/uploads\/2025\/04\/01-6-1024x683.jpg 1024w, https:\/\/marcali.plebania.hu\/wp-content\/uploads\/2025\/04\/01-6-300x200.jpg 300w, https:\/\/marcali.plebania.hu\/wp-content\/uploads\/2025\/04\/01-6-768x512.jpg 768w, https:\/\/marcali.plebania.hu\/wp-content\/uploads\/2025\/04\/01-6-1536x1024.jpg 1536w, https:\/\/marcali.plebania.hu\/wp-content\/uploads\/2025\/04\/01-6-2048x1365.jpg 2048w, https:\/\/marcali.plebania.hu\/wp-content\/uploads\/2025\/04\/01-6-405x270.jpg 405w\" sizes=\"auto, (max-width: 1024px) 100vw, 1024px\" \/><\/figure>\n\n\n\n<figure class=\"wp-block-image size-large\"><img loading=\"lazy\" decoding=\"async\" width=\"1024\" height=\"683\" data-id=\"7167\" src=\"https:\/\/marcali.plebania.hu\/wp-content\/uploads\/2025\/04\/04-7-1024x683.jpg\" alt=\"\" class=\"wp-image-7167\" srcset=\"https:\/\/marcali.plebania.hu\/wp-content\/uploads\/2025\/04\/04-7-1024x683.jpg 1024w, https:\/\/marcali.plebania.hu\/wp-content\/uploads\/2025\/04\/04-7-300x200.jpg 300w, https:\/\/marcali.plebania.hu\/wp-content\/uploads\/2025\/04\/04-7-768x512.jpg 768w, https:\/\/marcali.plebania.hu\/wp-content\/uploads\/2025\/04\/04-7-1536x1024.jpg 1536w, https:\/\/marcali.plebania.hu\/wp-content\/uploads\/2025\/04\/04-7-2048x1365.jpg 2048w, https:\/\/marcali.plebania.hu\/wp-content\/uploads\/2025\/04\/04-7-405x270.jpg 405w\" sizes=\"auto, (max-width: 1024px) 100vw, 1024px\" \/><\/figure>\n\n\n\n<figure class=\"wp-block-image size-large\"><img loading=\"lazy\" decoding=\"async\" width=\"1024\" height=\"683\" data-id=\"7168\" src=\"https:\/\/marcali.plebania.hu\/wp-content\/uploads\/2025\/04\/05-3-1024x683.jpg\" alt=\"\" class=\"wp-image-7168\" srcset=\"https:\/\/marcali.plebania.hu\/wp-content\/uploads\/2025\/04\/05-3-1024x683.jpg 1024w, https:\/\/marcali.plebania.hu\/wp-content\/uploads\/2025\/04\/05-3-300x200.jpg 300w, https:\/\/marcali.plebania.hu\/wp-content\/uploads\/2025\/04\/05-3-768x512.jpg 768w, https:\/\/marcali.plebania.hu\/wp-content\/uploads\/2025\/04\/05-3-1536x1024.jpg 1536w, https:\/\/marcali.plebania.hu\/wp-content\/uploads\/2025\/04\/05-3-2048x1365.jpg 2048w, https:\/\/marcali.plebania.hu\/wp-content\/uploads\/2025\/04\/05-3-405x270.jpg 405w\" sizes=\"auto, (max-width: 1024px) 100vw, 1024px\" \/><\/figure>\n\n\n\n<figure class=\"wp-block-image size-large\"><img loading=\"lazy\" decoding=\"async\" width=\"1024\" height=\"683\" data-id=\"7170\" src=\"https:\/\/marcali.plebania.hu\/wp-content\/uploads\/2025\/04\/08-5-1024x683.jpg\" alt=\"\" class=\"wp-image-7170\" srcset=\"https:\/\/marcali.plebania.hu\/wp-content\/uploads\/2025\/04\/08-5-1024x683.jpg 1024w, https:\/\/marcali.plebania.hu\/wp-content\/uploads\/2025\/04\/08-5-300x200.jpg 300w, https:\/\/marcali.plebania.hu\/wp-content\/uploads\/2025\/04\/08-5-768x512.jpg 768w, https:\/\/marcali.plebania.hu\/wp-content\/uploads\/2025\/04\/08-5-1536x1024.jpg 1536w, https:\/\/marcali.plebania.hu\/wp-content\/uploads\/2025\/04\/08-5-2048x1365.jpg 2048w, https:\/\/marcali.plebania.hu\/wp-content\/uploads\/2025\/04\/08-5-405x270.jpg 405w\" sizes=\"auto, (max-width: 1024px) 100vw, 1024px\" \/><\/figure>\n<\/figure>\n\n\n\n<p>A r\u00e9sztvev\u0151ket \u00e9s a vend\u00e9get els\u0151k\u00e9nt Kiss K\u00e1lm\u00e1n, a K\u00c9SZ helyi csoportj\u00e1nak eln\u00f6ke k\u00f6sz\u00f6nt\u00f6tte, majd pedig Molik Edit, az el\u0151ad\u00e1s-sorozat \u00f6tletgazd\u00e1ja \u00e9s f\u0151 szervez\u0151je mutatta be a zar\u00e1ndok k\u00f6r\u00f6kben m\u00e1r j\u00f3l ismert V\u00e1ndorin\u00e1t, akinek a keresztneve egybecseng a v\u00e1ndor sz\u00f3val, innen j\u00f6tt a frapp\u00e1ns becen\u00e9v.<\/p>\n\n\n\n<p>Jakusovszki Dorina 35 \u00e9vesen, 2016 nyar\u00e1n Kaposv\u00e1rr\u00f3l egyed\u00fcl indult el Santiago de Compostela-ba, mik\u00f6zben gyalogosan mintegy 3.500 km-t tett meg 5 orsz\u00e1gon kereszt\u00fclhaladva a Szent Jakab \u00faton.<\/p>\n\n\n\n<p>A vet\u00edtett-k\u00e9pes el\u0151ad\u00e1son besz\u00e9lt a hossz\u00fa zar\u00e1ndok\u00fat el\u0151zm\u00e9nyeir\u0151l, a felk\u00e9sz\u00fcl\u00e9sr\u0151l, Isten hitr\u0151l, emberi kapcsolatokr\u00f3l, tapasztalatair\u00f3l, \u00fati \u00e9lm\u00e9nyeir\u0151l, valamint a term\u00e9szet \u00e9s az \u00e1llatvil\u00e1g szeretet\u00e9r\u0151l.<\/p>\n\n\n\n<p>Elmondta, hogy egy hivatalban dolgozott 9 \u00e9vet, de azt\u00e1n r\u00e1j\u00f6tt, hogy nem akarja ezt a monoton munk\u00e1t tov\u00e1bb folytatni, mert nem neki val\u00f3. Mint fogalmazott nem tudta ki\u00e9lni mag\u00e1t \u00e9s m\u00e1r azt sem tudta, hogy kicsoda val\u00f3j\u00e1ban. L\u00e1tsz\u00f3lag minden rendben volt vele, nem volt oka panaszra, de m\u00e9gsem tal\u00e1lta a hely\u00e9t \u00e9s minden rosszul s\u00fclt el, amit csin\u00e1lt, \u00e9s ett\u0151l egyre csak frusztr\u00e1ltabb lett. A mag\u00e1n\u00e9lete is \u00f6sszeomlott, s\u0151t \u00fagy \u00e1ltal\u00e1ban minden, \u00e9s fogalma sem volt arr\u00f3l, hogyan tov\u00e1bb. \u201eIlyenkor van az, hogy el kell indulni\u2026 mindegy, hogy merre, arra, ami el\u0151sz\u00f6r h\u00edv\u201d \u2013 fogalmazott Dorina.<\/p>\n\n\n\n<figure class=\"wp-block-gallery has-nested-images columns-default is-cropped wp-block-gallery-2 is-layout-flex wp-block-gallery-is-layout-flex\">\n<figure class=\"wp-block-image size-large\"><img loading=\"lazy\" decoding=\"async\" width=\"1024\" height=\"683\" data-id=\"7172\" src=\"https:\/\/marcali.plebania.hu\/wp-content\/uploads\/2025\/04\/19-1-1024x683.jpg\" alt=\"\" class=\"wp-image-7172\" srcset=\"https:\/\/marcali.plebania.hu\/wp-content\/uploads\/2025\/04\/19-1-1024x683.jpg 1024w, https:\/\/marcali.plebania.hu\/wp-content\/uploads\/2025\/04\/19-1-300x200.jpg 300w, https:\/\/marcali.plebania.hu\/wp-content\/uploads\/2025\/04\/19-1-768x512.jpg 768w, https:\/\/marcali.plebania.hu\/wp-content\/uploads\/2025\/04\/19-1-1536x1024.jpg 1536w, https:\/\/marcali.plebania.hu\/wp-content\/uploads\/2025\/04\/19-1-2048x1365.jpg 2048w, https:\/\/marcali.plebania.hu\/wp-content\/uploads\/2025\/04\/19-1-405x270.jpg 405w\" sizes=\"auto, (max-width: 1024px) 100vw, 1024px\" \/><\/figure>\n\n\n\n<figure class=\"wp-block-image size-large\"><img loading=\"lazy\" decoding=\"async\" width=\"1024\" height=\"683\" data-id=\"7175\" src=\"https:\/\/marcali.plebania.hu\/wp-content\/uploads\/2025\/04\/10-3-1024x683.jpg\" alt=\"\" class=\"wp-image-7175\" srcset=\"https:\/\/marcali.plebania.hu\/wp-content\/uploads\/2025\/04\/10-3-1024x683.jpg 1024w, https:\/\/marcali.plebania.hu\/wp-content\/uploads\/2025\/04\/10-3-300x200.jpg 300w, https:\/\/marcali.plebania.hu\/wp-content\/uploads\/2025\/04\/10-3-768x512.jpg 768w, https:\/\/marcali.plebania.hu\/wp-content\/uploads\/2025\/04\/10-3-1536x1024.jpg 1536w, https:\/\/marcali.plebania.hu\/wp-content\/uploads\/2025\/04\/10-3-2048x1365.jpg 2048w, https:\/\/marcali.plebania.hu\/wp-content\/uploads\/2025\/04\/10-3-405x270.jpg 405w\" sizes=\"auto, (max-width: 1024px) 100vw, 1024px\" \/><\/figure>\n\n\n\n<figure class=\"wp-block-image size-large\"><img loading=\"lazy\" decoding=\"async\" width=\"1024\" height=\"683\" data-id=\"7173\" src=\"https:\/\/marcali.plebania.hu\/wp-content\/uploads\/2025\/04\/20-1024x683.jpg\" alt=\"\" class=\"wp-image-7173\" srcset=\"https:\/\/marcali.plebania.hu\/wp-content\/uploads\/2025\/04\/20-1024x683.jpg 1024w, https:\/\/marcali.plebania.hu\/wp-content\/uploads\/2025\/04\/20-300x200.jpg 300w, https:\/\/marcali.plebania.hu\/wp-content\/uploads\/2025\/04\/20-768x512.jpg 768w, https:\/\/marcali.plebania.hu\/wp-content\/uploads\/2025\/04\/20-1536x1024.jpg 1536w, https:\/\/marcali.plebania.hu\/wp-content\/uploads\/2025\/04\/20-2048x1365.jpg 2048w, https:\/\/marcali.plebania.hu\/wp-content\/uploads\/2025\/04\/20-405x270.jpg 405w\" sizes=\"auto, (max-width: 1024px) 100vw, 1024px\" \/><\/figure>\n\n\n\n<figure class=\"wp-block-image size-large\"><img loading=\"lazy\" decoding=\"async\" width=\"1024\" height=\"683\" data-id=\"7174\" src=\"https:\/\/marcali.plebania.hu\/wp-content\/uploads\/2025\/04\/22-1-1024x683.jpg\" alt=\"\" class=\"wp-image-7174\" srcset=\"https:\/\/marcali.plebania.hu\/wp-content\/uploads\/2025\/04\/22-1-1024x683.jpg 1024w, https:\/\/marcali.plebania.hu\/wp-content\/uploads\/2025\/04\/22-1-300x200.jpg 300w, https:\/\/marcali.plebania.hu\/wp-content\/uploads\/2025\/04\/22-1-768x512.jpg 768w, https:\/\/marcali.plebania.hu\/wp-content\/uploads\/2025\/04\/22-1-1536x1024.jpg 1536w, https:\/\/marcali.plebania.hu\/wp-content\/uploads\/2025\/04\/22-1-2048x1365.jpg 2048w, https:\/\/marcali.plebania.hu\/wp-content\/uploads\/2025\/04\/22-1-405x270.jpg 405w\" sizes=\"auto, (max-width: 1024px) 100vw, 1024px\" \/><\/figure>\n<\/figure>\n\n\n\n<p>\u0150t a Szent Jakab \u00fat, azaz El Camino h\u00edvott el\u0151sz\u00f6r. 2015 \u0151sz\u00e9n v\u00e9gigj\u00e1rta az \u00fat 900 km-\u00e9t Spanyolorsz\u00e1gban. Egy h\u00f3nap szabads\u00e1ggal, de azt\u00e1n visszament dolgozni. Nagyon szerette a h\u00e1tizs\u00e1kos, mindennap m\u00e1shol alv\u00f3s \u00e9letform\u00e1t, a \u201ej\u00e9, itt mindenki elfogadja a m\u00e1sikat\u201d \u00e9rz\u00e9st \u00e9s azt, hogy nem baj, ha egy mondatja f\u00e9lig angol, f\u00e9lig francia, kis magyar \u00e9s spanyol szavakkal tark\u00edtva, akkor is b\u00e1rki meg\u00e9rti!<\/p>\n\n\n\n<p>Azt rem\u00e9lte, hogy ez az \u00fat majd megv\u00e1ltoztatja annyira, hogy megszereti a munk\u00e1j\u00e1t. \u00c1m, nem \u00edgy lett. S\u0151t nem akart m\u00e1r t\u00f6bbet csak a meg\u00e9lhet\u00e9s\u00e9rt dolgozni. Ez\u00e9rt vett egy f\u00fczetet \u00e9s neki\u00e1llt rajzolni. K\u00f6zben az \u00fat tov\u00e1bb h\u00edvta. Kital\u00e1lta, hogy nagyon nagy v\u00e1ndor (v\u00e1ndorina) lesz \u00e9s v\u00e9gigs\u00e9t\u00e1l otthonr\u00f3l (Kaposv\u00e1rr\u00f3l) az Atlanti-\u00f3ce\u00e1nig. Visszamegy a Szent Jakab \u00fatra, de ez\u00fattal nem rep\u00fcl\u0151g\u00e9ppel, hanem od\u00e1ig gyalog. Ez \u00f6sszesen 3.500 km-t jelentett, de ideje, mint a tenger, ugyanis felmondta a biztos \u00e1ll\u00e1s\u00e1t m\u00e9gpedig a 2016 m\u00e1rciusi \u201eJ\u00e1ratlan utakon\u201d elnevez\u00e9s\u0171 fesztiv\u00e1l hat\u00e1s\u00e1ra. Vizy Peti \u201e4.400 km Budapestt\u0151l-Lissabonig\u201d c. el\u0151ad\u00e1sa volt a v\u00e9gs\u0151 l\u00f6ket az elhat\u00e1roz\u00e1s\u00e1ban, aki nagy motiv\u00e1l\u00f3ja lett. Rajta k\u00edv\u00fcl Varga L\u00e1szl\u00f3 akkori pl\u00e9b\u00e1nos (a mostani kaposv\u00e1ri megy\u00e9sp\u00fcsp\u00f6k) szint\u00e9n b\u00e1tor\u00edt\u00e1st adott neki a zar\u00e1ndoklat megval\u00f3s\u00edt\u00e1s\u00e1hoz.<\/p>\n\n\n\n<figure class=\"wp-block-gallery has-nested-images columns-default is-cropped wp-block-gallery-3 is-layout-flex wp-block-gallery-is-layout-flex\">\n<figure class=\"wp-block-image size-large\"><img loading=\"lazy\" decoding=\"async\" width=\"1024\" height=\"683\" data-id=\"7182\" src=\"https:\/\/marcali.plebania.hu\/wp-content\/uploads\/2025\/04\/48-1024x683.jpg\" alt=\"\" class=\"wp-image-7182\" srcset=\"https:\/\/marcali.plebania.hu\/wp-content\/uploads\/2025\/04\/48-1024x683.jpg 1024w, https:\/\/marcali.plebania.hu\/wp-content\/uploads\/2025\/04\/48-300x200.jpg 300w, https:\/\/marcali.plebania.hu\/wp-content\/uploads\/2025\/04\/48-768x512.jpg 768w, https:\/\/marcali.plebania.hu\/wp-content\/uploads\/2025\/04\/48-1536x1024.jpg 1536w, https:\/\/marcali.plebania.hu\/wp-content\/uploads\/2025\/04\/48-2048x1365.jpg 2048w, https:\/\/marcali.plebania.hu\/wp-content\/uploads\/2025\/04\/48-405x270.jpg 405w\" sizes=\"auto, (max-width: 1024px) 100vw, 1024px\" \/><\/figure>\n\n\n\n<figure class=\"wp-block-image size-large\"><img loading=\"lazy\" decoding=\"async\" width=\"1024\" height=\"683\" data-id=\"7186\" src=\"https:\/\/marcali.plebania.hu\/wp-content\/uploads\/2025\/04\/18-2-1024x683.jpg\" alt=\"\" class=\"wp-image-7186\" srcset=\"https:\/\/marcali.plebania.hu\/wp-content\/uploads\/2025\/04\/18-2-1024x683.jpg 1024w, https:\/\/marcali.plebania.hu\/wp-content\/uploads\/2025\/04\/18-2-300x200.jpg 300w, https:\/\/marcali.plebania.hu\/wp-content\/uploads\/2025\/04\/18-2-768x512.jpg 768w, https:\/\/marcali.plebania.hu\/wp-content\/uploads\/2025\/04\/18-2-1536x1024.jpg 1536w, https:\/\/marcali.plebania.hu\/wp-content\/uploads\/2025\/04\/18-2-2048x1365.jpg 2048w, https:\/\/marcali.plebania.hu\/wp-content\/uploads\/2025\/04\/18-2-405x270.jpg 405w\" sizes=\"auto, (max-width: 1024px) 100vw, 1024px\" \/><\/figure>\n\n\n\n<figure class=\"wp-block-image size-large\"><img loading=\"lazy\" decoding=\"async\" width=\"1024\" height=\"683\" data-id=\"7184\" src=\"https:\/\/marcali.plebania.hu\/wp-content\/uploads\/2025\/04\/50-1024x683.jpg\" alt=\"\" class=\"wp-image-7184\" srcset=\"https:\/\/marcali.plebania.hu\/wp-content\/uploads\/2025\/04\/50-1024x683.jpg 1024w, https:\/\/marcali.plebania.hu\/wp-content\/uploads\/2025\/04\/50-300x200.jpg 300w, https:\/\/marcali.plebania.hu\/wp-content\/uploads\/2025\/04\/50-768x512.jpg 768w, https:\/\/marcali.plebania.hu\/wp-content\/uploads\/2025\/04\/50-1536x1024.jpg 1536w, https:\/\/marcali.plebania.hu\/wp-content\/uploads\/2025\/04\/50-2048x1365.jpg 2048w, https:\/\/marcali.plebania.hu\/wp-content\/uploads\/2025\/04\/50-405x270.jpg 405w\" sizes=\"auto, (max-width: 1024px) 100vw, 1024px\" \/><\/figure>\n\n\n\n<figure class=\"wp-block-image size-large\"><img loading=\"lazy\" decoding=\"async\" width=\"1024\" height=\"683\" data-id=\"7185\" src=\"https:\/\/marcali.plebania.hu\/wp-content\/uploads\/2025\/04\/51-1-1024x683.jpg\" alt=\"\" class=\"wp-image-7185\" srcset=\"https:\/\/marcali.plebania.hu\/wp-content\/uploads\/2025\/04\/51-1-1024x683.jpg 1024w, https:\/\/marcali.plebania.hu\/wp-content\/uploads\/2025\/04\/51-1-300x200.jpg 300w, https:\/\/marcali.plebania.hu\/wp-content\/uploads\/2025\/04\/51-1-768x512.jpg 768w, https:\/\/marcali.plebania.hu\/wp-content\/uploads\/2025\/04\/51-1-1536x1024.jpg 1536w, https:\/\/marcali.plebania.hu\/wp-content\/uploads\/2025\/04\/51-1-2048x1365.jpg 2048w, https:\/\/marcali.plebania.hu\/wp-content\/uploads\/2025\/04\/51-1-405x270.jpg 405w\" sizes=\"auto, (max-width: 1024px) 100vw, 1024px\" \/><\/figure>\n<\/figure>\n\n\n\n<p>V\u00e9g\u00fcl 2016. j\u00fanius 1-j\u00e9n indult el a nagy \u00fatra, a vegyes \u00e9rz\u00e9sek k\u00f6zepette csak azt tudta, hogy mennie kell. 5 orsz\u00e1gon haladt \u00e1t, mindegyik 1-1 m\u00e1s csoda volt sz\u00e1m\u00e1ra, \u00fattalan utak \u00e9s v\u00edzh\u00f3lyagok Magyarorsz\u00e1gon, Ausztria \u00e9s Sv\u00e1jc alpesi legel\u0151i, Franciaorsz\u00e1g vadsz\u0151l\u0151s k\u0151h\u00e1zai, \u00e9s Spanyolorsz\u00e1g m\u00e1r ismert El Camin\u00f3ja, ami m\u00e9gis teljesen m\u00e1s volt, mint el\u0151z\u0151 \u00e9vben.<\/p>\n\n\n\n<p>Sokan f\u00e9ltett\u00e9k, hogy az \u00fat vesz\u00e9lyes egyed\u00fcl, r\u00e1ad\u00e1sul n\u0151k\u00e9nt \u00e9s gyalog. De v\u00e9g\u00fcl m\u00e9gis \u00f6r\u00fclt, hogy siker\u00fclt bebizony\u00edtani az ellenkez\u0151j\u00e9t, \u00e9s lerombolni a t\u00e9vhiteket. Az emberi j\u00f3s\u00e1g \u00e9s seg\u00edts\u00e9gny\u00fajt\u00e1s v\u00e9gig jelen volt! Kis k\u00f6lts\u00e9gvet\u00e9ssel (p\u00e1r sz\u00e1z eur\u00f3val) indult neki, \u00e1m n\u00e9lk\u00fcl\u00f6znie sosem kellett, s\u0151t olykor luxusban is volt r\u00e9sze! Mint kihangs\u00falyozta: \u201eA Gondvisel\u00e9s m\u0171k\u00f6dik, ott van vel\u00fcnk, v\u00e1ndorokkal, utaz\u00f3kkal. Azt vallom, hogy ha a szereted az utat, \u0151 viszont szeret T\u00e9ged.\u201d<\/p>\n\n\n\n<p>Mes\u00e9lt arr\u00f3l is milyen volt egy \u00e1tlag napja, hol sz\u00e1llt meg, mivel t\u00e1pl\u00e1lta mag\u00e1t, hogy b\u00edrja olykor a napi 40 km- t is, \u00e9s mi seg\u00edtette \u00e1t a m\u00e9lypontokon. \u201eNem volt mindig k\u00f6nny\u0171, de feladni sosem akartam, viszont a fizikai utam v\u00e9g\u00e9re \u00e9rve lelkiekben is azt \u00e9reztem: most m\u00e1r hazamenn\u00e9k. K\u00e9rd\u00e9seimre a v\u00e1laszt (hogyan tov\u00e1bb), val\u00f3j\u00e1ban csak az \u00fat v\u00e9g\u00e9n, illetve itthon kaptam meg\u2026\u201d \u2013 mondta a kaposv\u00e1ri zar\u00e1ndok.<\/p>\n\n\n\n<p>A hazat\u00e9r\u00e9se ut\u00e1n m\u00e1r t\u00f6bb helyre is h\u00edvt\u00e1k el\u0151adni az \u00fatj\u00e1r\u00f3l. Az emberek \u00e9rdekl\u0151d\u00e9se, \u00e9s a besz\u00e9lget\u00e9sek mindig felt\u00f6ltik. A rajzol\u00e1st is tov\u00e1bb folytatta az \u00faton, \u00e9s val\u00f3j\u00e1ban cic\u00e1kat rajzolt, de nem h\u00e9tk\u00f6znapiakat\u2026 Vallja, hogy szereti motiv\u00e1lni az embereket, \u00e9s b\u00e1rmi is legyen az \u00e1lom, a l\u00e9nyeg az, hogy mindenki kezdje el! Csak az els\u0151 l\u00e9p\u00e9st kell megtenni, a t\u00f6bbi j\u00f6n mag\u00e1t\u00f3l.<\/p>\n\n\n\n<p>Jakusovszki Dorina jelenleg zar\u00e1ndoklatokat, t\u00far\u00e1kat is szervez az el\u0151ad\u00f3i \u00e9s blogger tev\u00e9kenys\u00e9ge mellett, 2019-ben elnyerte a Kardos Szent Jakab Egyes\u00fclet d\u00edj\u00e1t is.<\/p>\n\n\n\n<figure class=\"wp-block-gallery has-nested-images columns-default is-cropped wp-block-gallery-4 is-layout-flex wp-block-gallery-is-layout-flex\">\n<figure class=\"wp-block-image size-large\"><img loading=\"lazy\" decoding=\"async\" width=\"1024\" height=\"683\" data-id=\"7178\" src=\"https:\/\/marcali.plebania.hu\/wp-content\/uploads\/2025\/04\/59-1024x683.jpg\" alt=\"\" class=\"wp-image-7178\" srcset=\"https:\/\/marcali.plebania.hu\/wp-content\/uploads\/2025\/04\/59-1024x683.jpg 1024w, https:\/\/marcali.plebania.hu\/wp-content\/uploads\/2025\/04\/59-300x200.jpg 300w, https:\/\/marcali.plebania.hu\/wp-content\/uploads\/2025\/04\/59-768x512.jpg 768w, https:\/\/marcali.plebania.hu\/wp-content\/uploads\/2025\/04\/59-1536x1024.jpg 1536w, https:\/\/marcali.plebania.hu\/wp-content\/uploads\/2025\/04\/59-2048x1365.jpg 2048w, https:\/\/marcali.plebania.hu\/wp-content\/uploads\/2025\/04\/59-405x270.jpg 405w\" sizes=\"auto, (max-width: 1024px) 100vw, 1024px\" \/><\/figure>\n\n\n\n<figure class=\"wp-block-image size-large\"><img loading=\"lazy\" decoding=\"async\" width=\"1024\" height=\"683\" data-id=\"7181\" src=\"https:\/\/marcali.plebania.hu\/wp-content\/uploads\/2025\/04\/54-1-1024x683.jpg\" alt=\"\" class=\"wp-image-7181\" srcset=\"https:\/\/marcali.plebania.hu\/wp-content\/uploads\/2025\/04\/54-1-1024x683.jpg 1024w, https:\/\/marcali.plebania.hu\/wp-content\/uploads\/2025\/04\/54-1-300x200.jpg 300w, https:\/\/marcali.plebania.hu\/wp-content\/uploads\/2025\/04\/54-1-768x512.jpg 768w, https:\/\/marcali.plebania.hu\/wp-content\/uploads\/2025\/04\/54-1-1536x1024.jpg 1536w, https:\/\/marcali.plebania.hu\/wp-content\/uploads\/2025\/04\/54-1-2048x1365.jpg 2048w, https:\/\/marcali.plebania.hu\/wp-content\/uploads\/2025\/04\/54-1-405x270.jpg 405w\" sizes=\"auto, (max-width: 1024px) 100vw, 1024px\" \/><\/figure>\n\n\n\n<figure class=\"wp-block-image size-large\"><img loading=\"lazy\" decoding=\"async\" width=\"1024\" height=\"683\" data-id=\"7180\" src=\"https:\/\/marcali.plebania.hu\/wp-content\/uploads\/2025\/04\/61-1024x683.jpg\" alt=\"\" class=\"wp-image-7180\" srcset=\"https:\/\/marcali.plebania.hu\/wp-content\/uploads\/2025\/04\/61-1024x683.jpg 1024w, https:\/\/marcali.plebania.hu\/wp-content\/uploads\/2025\/04\/61-300x200.jpg 300w, https:\/\/marcali.plebania.hu\/wp-content\/uploads\/2025\/04\/61-768x512.jpg 768w, https:\/\/marcali.plebania.hu\/wp-content\/uploads\/2025\/04\/61-1536x1024.jpg 1536w, https:\/\/marcali.plebania.hu\/wp-content\/uploads\/2025\/04\/61-2048x1365.jpg 2048w, https:\/\/marcali.plebania.hu\/wp-content\/uploads\/2025\/04\/61-405x270.jpg 405w\" sizes=\"auto, (max-width: 1024px) 100vw, 1024px\" \/><\/figure>\n\n\n\n<figure class=\"wp-block-image size-large\"><img loading=\"lazy\" decoding=\"async\" width=\"1024\" height=\"683\" data-id=\"7179\" src=\"https:\/\/marcali.plebania.hu\/wp-content\/uploads\/2025\/04\/62-1024x683.jpg\" alt=\"\" class=\"wp-image-7179\" srcset=\"https:\/\/marcali.plebania.hu\/wp-content\/uploads\/2025\/04\/62-1024x683.jpg 1024w, https:\/\/marcali.plebania.hu\/wp-content\/uploads\/2025\/04\/62-300x200.jpg 300w, https:\/\/marcali.plebania.hu\/wp-content\/uploads\/2025\/04\/62-768x512.jpg 768w, https:\/\/marcali.plebania.hu\/wp-content\/uploads\/2025\/04\/62-1536x1024.jpg 1536w, https:\/\/marcali.plebania.hu\/wp-content\/uploads\/2025\/04\/62-2048x1365.jpg 2048w, https:\/\/marcali.plebania.hu\/wp-content\/uploads\/2025\/04\/62-405x270.jpg 405w\" sizes=\"auto, (max-width: 1024px) 100vw, 1024px\" \/><\/figure>\n<\/figure>\n\n\n\n<p>A Marcali el\u0151ad\u00e1sr\u00f3l k\u00f6z\u00f6ss\u00e9gi oldal\u00e1n a k\u00f6vetkez\u0151ket \u00edrta: \u201eBoldog vagyok, hogy a \u201eRem\u00e9ny Zar\u00e1ndokainak\u201d szent \u00e9v\u00e9ben m\u00e1r 2-odszor tarthattam el\u0151ad\u00e1st kedvenc t\u00e9m\u00e1r\u00f3l, a zar\u00e1ndokl\u00e1sr\u00f3l.  Ez\u00fattal Marcaliban, a \u201eMi\u00e9rt hiszek?\u201d el\u0151ad\u00e1ssorozat keret\u00e9ben.<\/p>\n\n\n\n<p>Szok\u00e1somhoz h\u00edven ism\u00e9t izgultam \u00e9s felk\u00e9sz\u00fcletlennek \u00e9reztem magam, de annyira lelkes \u00e9s \u00e9rdekl\u0151d\u0151 k\u00f6z\u00f6ns\u00e9g volt, hogy az eg\u00e9sz el\u0151ad\u00e1s sz\u00e1momra is egy \u00e9lm\u00e9ny lett \u00e9s egy kis o\u00e1zis a h\u00e9tk\u00f6znapi \u00e9letemben.<\/p>\n\n\n\n<p>J\u00f3 lenne minden h\u00f3napban egy ilyen, ez mindig helyre teszi az \u00f6n\u00e9rt\u00e9kel\u00e9semet.<\/p>\n\n\n\n<p>K\u00f6sz\u00f6n\u00f6m a lehet\u0151s\u00e9g\u00e9t, az \u00e9rdekl\u0151d\u00e9st, a sok csillog\u00f3 tekintetet!<\/p>\n\n\n\n<p>\u00c9s most m\u00e1r t\u00e9nyleg meg kell szervezni ezt a Marcali zar\u00e1ndoklatot.\u201d<\/p>\n\n\n\n<p><\/p>\n\n\n\n<p>Forr\u00e1s: Jakusovszki Dorina, <a href=\"https:\/\/www.jaratlanutakon.hu\/jakusovszki-dorina\/\">https:\/\/www.jaratlanutakon.hu\/jakusovszki-dorina\/<\/a><\/p>\n\n\n\n<p>\u00cdrta: K\u00c9SZ Marcali Csoport\/Kiss K\u00e1lm\u00e1n<\/p>\n\n\n\n<p>Fot\u00f3k: S\u00e1ndor R\u00e9ka \u00e9s Kiss K\u00e1lm\u00e1n<\/p>\n","protected":false},"excerpt":{"rendered":"<p>2025. \u00e1prilis 24-\u00e9n, cs\u00fct\u00f6rt\u00f6k\u00f6n 18.15 \u00f3r\u00e1t\u00f3l Jakusovszki Dorina (V\u00e1ndorina): Mi\u00e9rt hiszek? (Zar\u00e1ndok utakon k\u00edv\u00fcl-bel\u00fcl) c\u00edmmel tartott tan\u00fas\u00e1gtev\u0151 el\u0151ad\u00e1st az egyh\u00e1zk\u00f6zs\u00e9g k\u00f6z\u00f6ss\u00e9gi h\u00e1z\u00e1ban (X-h\u00e1z, D\u00f3zsa u. 3.). A r\u00e9sztvev\u0151ket \u00e9s a vend\u00e9get els\u0151k\u00e9nt Kiss K\u00e1lm\u00e1n, a K\u00c9SZ helyi csoportj\u00e1nak eln\u00f6ke k\u00f6sz\u00f6nt\u00f6tte, majd pedig Molik Edit, az el\u0151ad\u00e1s-sorozat \u00f6tletgazd\u00e1ja \u00e9s f\u0151 szervez\u0151je mutatta be a zar\u00e1ndok k\u00f6r\u00f6kben m\u00e1r j\u00f3l ismert V\u00e1ndorin\u00e1t, akinek a keresztneve egybecseng a v\u00e1ndor sz\u00f3val, innen j\u00f6tt a frapp\u00e1ns becen\u00e9v. Jakusovszki Dorina 35 \u00e9vesen, 2016 nyar\u00e1n Kaposv\u00e1rr\u00f3l egyed\u00fcl indult&#8230;<\/p>\n<p class=\"read-more\"><a class=\"btn btn-default\" href=\"https:\/\/marcali.plebania.hu\/?p=7164\"> Read More<span class=\"screen-reader-text\">  Read More<\/span><\/a><\/p>\n","protected":false},"author":2,"featured_media":0,"comment_status":"closed","ping_status":"open","sticky":false,"template":"","format":"standard","meta":{"footnotes":""},"categories":[1],"tags":[],"class_list":["post-7164","post","type-post","status-publish","format-standard","hentry","category-egyeb"],"_links":{"self":[{"href":"https:\/\/marcali.plebania.hu\/index.php?rest_route=\/wp\/v2\/posts\/7164","targetHints":{"allow":["GET"]}}],"collection":[{"href":"https:\/\/marcali.plebania.hu\/index.php?rest_route=\/wp\/v2\/posts"}],"about":[{"href":"https:\/\/marcali.plebania.hu\/index.php?rest_route=\/wp\/v2\/types\/post"}],"author":[{"embeddable":true,"href":"https:\/\/marcali.plebania.hu\/index.php?rest_route=\/wp\/v2\/users\/2"}],"replies":[{"embeddable":true,"href":"https:\/\/marcali.plebania.hu\/index.php?rest_route=%2Fwp%2Fv2%2Fcomments&post=7164"}],"version-history":[{"count":1,"href":"https:\/\/marcali.plebania.hu\/index.php?rest_route=\/wp\/v2\/posts\/7164\/revisions"}],"predecessor-version":[{"id":7187,"href":"https:\/\/marcali.plebania.hu\/index.php?rest_route=\/wp\/v2\/posts\/7164\/revisions\/7187"}],"wp:attachment":[{"href":"https:\/\/marcali.plebania.hu\/index.php?rest_route=%2Fwp%2Fv2%2Fmedia&parent=7164"}],"wp:term":[{"taxonomy":"category","embeddable":true,"href":"https:\/\/marcali.plebania.hu\/index.php?rest_route=%2Fwp%2Fv2%2Fcategories&post=7164"},{"taxonomy":"post_tag","embeddable":true,"href":"https:\/\/marcali.plebania.hu\/index.php?rest_route=%2Fwp%2Fv2%2Ftags&post=7164"}],"curies":[{"name":"wp","href":"https:\/\/api.w.org\/{rel}","templated":true}]}}