{"id":718,"date":"2019-04-02T14:32:42","date_gmt":"2019-04-02T14:32:42","guid":{"rendered":"https:\/\/marcali.plebania.hu\/?p=718"},"modified":"2019-04-02T14:32:42","modified_gmt":"2019-04-02T14:32:42","slug":"marcaliba-is-elhozzak-az-eucharisztikus-kongresszus-misszios-keresztjet","status":"publish","type":"post","link":"https:\/\/marcali.plebania.hu\/?p=718","title":{"rendered":"Marcaliba is elhozz\u00e1k az Eucharisztikus Kongresszus misszi\u00f3s keresztj\u00e9t"},"content":{"rendered":"\n<p>J\u00faliusban k\u00e9t h\u00e9tre a Kaposv\u00e1ri Egyh\u00e1zmegy\u00e9be l\u00e1togat a j\u00f6v\u0151 \u00e9vi Eucharisztikus Kongresszus misszi\u00f3s keresztje. Egyh\u00e1zmegy\u00e9nkben mintegy 10 pl\u00e9b\u00e1ni\u00e1ra viszik el a keresztet, k\u00f6zt\u00fck Marcaliba is elhozz\u00e1k j\u00falius 5- 7-ig (p\u00e9ntek d\u00e9lut\u00e1nt\u00f3l vas\u00e1rnap d\u00e9lig). A somogyv\u00e1ri esperesi Ker\u00fclet minden pl\u00e9b\u00e1ni\u00e1j\u00e1t megh\u00edvj\u00e1k e jeles esem\u00e9nyre.<\/p>\n\n\n\n<figure class=\"wp-block-image\"><img loading=\"lazy\" decoding=\"async\" width=\"1024\" height=\"601\" src=\"https:\/\/marcali.plebania.hu\/wp-content\/uploads\/2019\/04\/kereszt-1024x601.jpg\" alt=\"\" class=\"wp-image-719\" srcset=\"https:\/\/marcali.plebania.hu\/wp-content\/uploads\/2019\/04\/kereszt-1024x601.jpg 1024w, https:\/\/marcali.plebania.hu\/wp-content\/uploads\/2019\/04\/kereszt-300x176.jpg 300w, https:\/\/marcali.plebania.hu\/wp-content\/uploads\/2019\/04\/kereszt-768x451.jpg 768w, https:\/\/marcali.plebania.hu\/wp-content\/uploads\/2019\/04\/kereszt-460x270.jpg 460w, https:\/\/marcali.plebania.hu\/wp-content\/uploads\/2019\/04\/kereszt.jpg 1500w\" sizes=\"auto, (max-width: 1024px) 100vw, 1024px\" \/><\/figure>\n\n\n\n<p>A kereszt Ozsv\u00e1ri\nCsaba \u00f6tv\u00f6sm\u0171v\u00e9sz (1963-2009) alkot\u00e1sa, a Misszi\u00f3s kereszt a Nemzetk\u00f6zi\nEucharisztikus Kongresszus misszi\u00f3s szimb\u00f3luma. Az esztergomi bazilik\u00e1ban \u00e1ll\u00f3\nt\u00f6lgyfa kereszt 2007-ben k\u00e9sz\u00fclt, h\u00e1rom m\u00e9ter h\u00fasz centi magas, bronz\nbor\u00edt\u00e1sokkal d\u00edsz\u00edtett. A keresztet a 2007-es Budapesti V\u00e1rosmisszi\u00f3 alkalm\u00e1val\n\u00e1ll\u00edtott\u00e1k fel el\u0151sz\u00f6r, majd az esztergomi bazilika \u00e9szaki kereszthaj\u00f3j\u00e1ban\nnyert v\u00e9gleges elhelyez\u00e9st.<\/p>\n\n\n\n<p>N\u00f6v\u00e9nyi\nornamentik\u00e1ja a magyar honfoglal\u00e1s kori \u00f6tv\u00f6ss\u00e9g mot\u00edvumait id\u00e9zi.\nD\u00edsz\u00edt\u0151elemei alapj\u00e1n historiz\u00e1l\u00f3 m\u0171; leveles-ind\u00e1s mint\u00e1zat\u00e1ban az \u0151si magyar\n\u00e9letfamot\u00edvum jelenik meg, a p\u00e1va szimb\u00f3lum megjelen\u00edt\u00e9s\u00e9vel pedig \u00f3kereszt\u00e9ny\nst\u00edlusjegyeket is visel. De a kereszt nemcsak egy \u2013 a t\u00f6rt\u00e9nelmi m\u00faltunk\nst\u00edlusvil\u00e1g\u00e1t mag\u00e1n hordoz\u00f3 \u2013 egyedi \u00f6tv\u00f6smunka, hanem ereklyetart\u00f3 is.\nK\u00f6z\u00e9ppontj\u00e1ban, ez\u00fcst tokban Szent Kereszt-ereklye van elhelyezve, melyet a\nleveles d\u00edszek fordulataiban magyar, ill. magyar vonatkoz\u00e1s\u00fa szentek erekly\u00e9i\nvesznek k\u00f6rbe: Szent Adalbert \u2013 Boldog Salkah\u00e1zi S\u00e1ra \u2013 Boldog\nBatthy\u00e1ny-Strattmann L\u00e1szl\u00f3 \u2013 Szent Gell\u00e9rt \u2013 Szent Imre \u2013 Szent Istv\u00e1n kir\u00e1ly \u2013\nSzent L\u00e1szl\u00f3 kir\u00e1ly \u2013 Szent Margit \u2013 Szent Erzs\u00e9bet \u2013 Kassai v\u00e9rtan\u00fak \u2013 Boldog\nIV. K\u00e1roly kir\u00e1ly \u2013 Szent Hedvig \u2013 Zoborhegyi Szent Zoerard-Andr\u00e1s \u2013 Zoborhegyi\nSzent Benedek \u2013 Szent M\u00e1rton \u2013 Boldog Gizella \u2013 Boldog Apor Vilmos \u2013 Boldog\nRomzsa T\u00f3dor \u2013 Boldog Meszl\u00e9nyi Zolt\u00e1n \u2013 Becket Szent Tam\u00e1s \u2013 Boldog Brenner\nJ\u00e1nos \u2013 Boldog Drinai V\u00e9rtan\u00fak \u2013 Boldog Gojdics P\u00e1l P\u00e9ter \u2013 Boldog Hopk\u00f3 Bazil \u2013\nBoldog Scheffler J\u00e1nos \u2013 Boldog Anton Durcovici \u2013 Boldog IX. Ince p\u00e1pa.<\/p>\n\n\n\n<p>Ferenc p\u00e1pa\nR\u00f3m\u00e1ban, a magyar p\u00fcsp\u00f6k\u00f6k \u201ead limina apostolorum\u201d l\u00e1togat\u00e1sa alkalm\u00e1val, 2017 november\u00e9ben\nmeg\u00e1ldotta a 2020-ban Budapesten megrendezend\u0151 52. Nemzetk\u00f6zi Eucharisztikus\nKongresszus (NEK) Misszi\u00f3s keresztj\u00e9t.<\/p>\n\n\n\n<p>A Misszi\u00f3s kereszt alkot\u00f3ja: Ozsv\u00e1ri\nCsaba 1963-ban sz\u00fcletett Budapesten. Legismertebb m\u0171vei k\u00f6z\u00e9 tartozik az a\ndomborm\u0171vekkel d\u00edsz\u00edtett misek\u00f6nyv, a magyar egyh\u00e1z hivatalos aj\u00e1nd\u00e9ka, amelyet\nII. J\u00e1nos P\u00e1l p\u00e1pa magyarorsz\u00e1gi l\u00e1togat\u00e1sa alkalm\u00e1b\u00f3l alkotott. A misek\u00f6nyvet\njelenleg Ferenc p\u00e1pa is haszn\u00e1lja. Ugyancsak sokan l\u00e1thatt\u00e1k a budapesti\nv\u00e1rosmisszi\u00f3 sor\u00e1n a Szent Istv\u00e1n-bazilika el\u0151tt fel\u00e1ll\u00edtott mintegy h\u00e1rom\nm\u00e9ter magas keresztj\u00e9t, illetve a fel\u00faj\u00edtott m\u00e1riap\u00f3csi kegyk\u00e9p alakjait is az\n\u0151 koron\u00e1i (gl\u00f3ri\u00e1i) d\u00edsz\u00edtik.<\/p>\n\n\n\n<p>A magyar\nf\u0151p\u00e1sztorok 2008-as ad limina l\u00e1togat\u00e1suk alkalm\u00e1val egy Ozsv\u00e1ri-kelyhet\naj\u00e1nd\u00e9koztak a Szentaty\u00e1nak. XVI. Benedek p\u00e1p\u00e1t szem\u00e9lyesen is k\u00f6sz\u00f6nthette\n2009. \u00e1prilis 1-j\u00e9n, az \u00e1ltal\u00e1nos kihallgat\u00e1s keret\u00e9ben, \u00e9s \u00e1tadhatott neki \u2013 a\nmagyarorsz\u00e1gi Sch\u00f6nstatt Mozgalom tagjai nev\u00e9ben \u2013 egy \u00e1ltala k\u00e9sz\u00edtett\nfesz\u00fcletet, amelyen az egyh\u00e1zat jelk\u00e9pezve a Sz\u0171zanya is l\u00e1that\u00f3.<\/p>\n\n\n\n<p>Az\n\u00f6tv\u00f6sm\u0171v\u00e9sz, a magyar egyh\u00e1zm\u0171v\u00e9szet kiemelked\u0151 alakja csal\u00e1dja \u00e9s bar\u00e1tai\nk\u00f6r\u00e9ben 2009. j\u00falius 9-\u00e9n, \u00d3budav\u00e1ron v\u00e1ratlanul elhunyt.<\/p>\n\n\n\n<p>A Magyar\nKatolikus P\u00fcsp\u00f6ki Konferencia (MKPK) posztumusz Pro Ecclesia Hungariae d\u00edjat\nadom\u00e1nyozott Ozsv\u00e1ri Csaba \u00f6tv\u00f6sm\u0171v\u00e9sznek. Ezzel a kit\u00fcntet\u00e9ssel a test\u00fclet\nOzsv\u00e1ri Csaba az egyh\u00e1zm\u0171v\u00e9szet ter\u00fclet\u00e9n maradand\u00f3t jelent\u0151 liturgikus \u00e9s\nszakr\u00e1lis m\u0171v\u00e9szi alkot\u00e1sait, valamint k\u00fcldet\u00e9sk\u00e9nt meg\u00e9lt munk\u00e1ss\u00e1g\u00e1t k\u00edv\u00e1nta\nelismerni.<\/p>\n","protected":false},"excerpt":{"rendered":"<p>J\u00faliusban k\u00e9t h\u00e9tre a Kaposv\u00e1ri Egyh\u00e1zmegy\u00e9be l\u00e1togat a j\u00f6v\u0151 \u00e9vi Eucharisztikus Kongresszus misszi\u00f3s keresztje. Egyh\u00e1zmegy\u00e9nkben mintegy 10 pl\u00e9b\u00e1ni\u00e1ra viszik el a keresztet, k\u00f6zt\u00fck Marcaliba is elhozz\u00e1k j\u00falius 5- 7-ig (p\u00e9ntek d\u00e9lut\u00e1nt\u00f3l vas\u00e1rnap d\u00e9lig). A somogyv\u00e1ri esperesi Ker\u00fclet minden pl\u00e9b\u00e1ni\u00e1j\u00e1t megh\u00edvj\u00e1k e jeles esem\u00e9nyre. A kereszt Ozsv\u00e1ri Csaba \u00f6tv\u00f6sm\u0171v\u00e9sz (1963-2009) alkot\u00e1sa, a Misszi\u00f3s kereszt a Nemzetk\u00f6zi Eucharisztikus Kongresszus misszi\u00f3s szimb\u00f3luma. Az esztergomi bazilik\u00e1ban \u00e1ll\u00f3 t\u00f6lgyfa kereszt 2007-ben k\u00e9sz\u00fclt, h\u00e1rom m\u00e9ter h\u00fasz centi magas, bronz bor\u00edt\u00e1sokkal d\u00edsz\u00edtett. A keresztet a 2007-es Budapesti&#8230;<\/p>\n<p class=\"read-more\"><a class=\"btn btn-default\" href=\"https:\/\/marcali.plebania.hu\/?p=718\"> Read More<span class=\"screen-reader-text\">  Read More<\/span><\/a><\/p>\n","protected":false},"author":2,"featured_media":0,"comment_status":"closed","ping_status":"open","sticky":false,"template":"","format":"standard","meta":{"footnotes":""},"categories":[1],"tags":[],"class_list":["post-718","post","type-post","status-publish","format-standard","hentry","category-egyeb"],"_links":{"self":[{"href":"https:\/\/marcali.plebania.hu\/index.php?rest_route=\/wp\/v2\/posts\/718","targetHints":{"allow":["GET"]}}],"collection":[{"href":"https:\/\/marcali.plebania.hu\/index.php?rest_route=\/wp\/v2\/posts"}],"about":[{"href":"https:\/\/marcali.plebania.hu\/index.php?rest_route=\/wp\/v2\/types\/post"}],"author":[{"embeddable":true,"href":"https:\/\/marcali.plebania.hu\/index.php?rest_route=\/wp\/v2\/users\/2"}],"replies":[{"embeddable":true,"href":"https:\/\/marcali.plebania.hu\/index.php?rest_route=%2Fwp%2Fv2%2Fcomments&post=718"}],"version-history":[{"count":1,"href":"https:\/\/marcali.plebania.hu\/index.php?rest_route=\/wp\/v2\/posts\/718\/revisions"}],"predecessor-version":[{"id":720,"href":"https:\/\/marcali.plebania.hu\/index.php?rest_route=\/wp\/v2\/posts\/718\/revisions\/720"}],"wp:attachment":[{"href":"https:\/\/marcali.plebania.hu\/index.php?rest_route=%2Fwp%2Fv2%2Fmedia&parent=718"}],"wp:term":[{"taxonomy":"category","embeddable":true,"href":"https:\/\/marcali.plebania.hu\/index.php?rest_route=%2Fwp%2Fv2%2Fcategories&post=718"},{"taxonomy":"post_tag","embeddable":true,"href":"https:\/\/marcali.plebania.hu\/index.php?rest_route=%2Fwp%2Fv2%2Ftags&post=718"}],"curies":[{"name":"wp","href":"https:\/\/api.w.org\/{rel}","templated":true}]}}