{"id":7191,"date":"2025-05-03T22:09:11","date_gmt":"2025-05-03T22:09:11","guid":{"rendered":"https:\/\/marcali.plebania.hu\/?p=7191"},"modified":"2025-05-03T22:28:41","modified_gmt":"2025-05-03T22:28:41","slug":"hirdetesek-2025-majus-4-en","status":"publish","type":"post","link":"https:\/\/marcali.plebania.hu\/?p=7191","title":{"rendered":"Hirdet\u00e9sek 2025. m\u00e1jus 4-\u00e9n"},"content":{"rendered":"\n<p><a href=\"https:\/\/igenaptar.katolikus.hu\/nap\/index.php?holnap=2025-05-04\" target=\"_blank\" rel=\"noreferrer noopener\"><u>H\u00fasv\u00e9t 3. vas\u00e1rnapja<\/u><\/a><\/p>\n\n\n\n<ol class=\"wp-block-list\">\n<li>A 9 \u00f3rai szentmis\u00e9n lesz a nagyb\u00f6jti rejtv\u00e9nyek eredm\u00e9nyhirdet\u00e9se, melyre szeretettel h\u00edvjuk a r\u00e9sztvev\u0151ket.<\/li>\n\n\n\n<li>A <strong>F\u00e9rfi-k\u00f6r<\/strong> k\u00f6vetkez\u0151 tal\u00e1lkoz\u00f3ja <span style=\"text-decoration: underline;\">szerd\u00e1n<\/span> 18:00-kor kezd\u0151dik a pl\u00e9b\u00e1ni\u00e1n.<\/li>\n\n\n\n<li>Az els\u0151\u00e1ldoz\u00f3k sz\u00fcleit <span style=\"text-decoration: underline;\">p\u00e9nteken<\/span> 16:30-ra h\u00edvjuk az X-h\u00e1zba (D\u00f3zsa Gy. u. 3.) <strong>sz\u00fcl\u0151i \u00e9rtekezlet<\/strong>re.<\/li>\n\n\n\n<li>A feln\u0151tt TaKi-megold\u00f3kat szeretettel h\u00edvjuk tal\u00e1lkoz\u00f3ra a pl\u00e9b\u00e1ni\u00e1n <span style=\"text-decoration: underline;\">p\u00e9nteken<\/span> az esti mise ut\u00e1n, kb. 18:00-t\u00f3l.<\/li>\n\n\n\n<li><span style=\"text-decoration: underline;\">Szombat<\/span> reggel indul a busz a somogyv\u00e1ri esperesi ker\u00fclet <strong>hittanos kir\u00e1ndul\u00e1s<\/strong>\u00e1ra. 8 \u00f3r\u00e1ra v\u00e1rjuk a jelentkez\u0151ket a templom el\u0151tti parkol\u00f3ba.<\/li>\n\n\n\n<li>A k\u00f6zelg\u0151 pl\u00e9b\u00e1niai k\u00f6z\u00f6ss\u00e9gi programok id\u0151pontja: els\u0151\u00e1ldoz\u00e1s j\u00fanius 1-j\u00e9n (9:00); a b\u00e9rm\u00e1l\u00e1s j\u00fanius 15-\u00e9n (11:00), a pl\u00e9b\u00e1niai napk\u00f6zis t\u00e1borunk j\u00falius 14-t\u0151l 18-ig, melynek r\u00e9szleteit \u00e9s a jelentkez\u00e9si lehet\u0151s\u00e9get k\u00e9s\u0151bb hirdetj\u00fck.<\/li>\n\n\n\n<li>P\u00fcsp\u00f6k aty\u00e1nk k\u00f6sz\u00f6net\u00e9t fejezi ki mindazok fel\u00e9, akik a szem\u00e9lyi j\u00f6vedelemad\u00f3juk 1%-\u00e1nak felaj\u00e1nl\u00e1s\u00e1val t\u00e1mogatt\u00e1k a Magyar Katolikus Egyh\u00e1z tev\u00e9kenys\u00e9g\u00e9t. Ez az ad\u00f3z\u00f3knak nem jelent plusz kiad\u00e1st, de egyh\u00e1zunk m\u0171k\u00f6d\u00e9s\u00e9hez nagy seg\u00edts\u00e9g. A megtett rendelkez\u00e9st minden \u00e9vben figyelembe veszik, am\u00edg valaki meg nem v\u00e1ltoztatja a kedvezm\u00e9nyezettet. \u00cdgy nem kell err\u0151l minden \u00e9vben \u00fajra nyilatkozni. K\u00f6sz\u00f6nj\u00fck \u00e9s a tov\u00e1bbiakban is k\u00e9rj\u00fck az <strong>SZJA 1%<\/strong>-\u00e1nak felaj\u00e1nl\u00e1s\u00e1t, valamint k\u00f6sz\u00f6nj\u00fck az egyh\u00e1zi hozz\u00e1j\u00e1rul\u00e1st, ami ett\u0151l f\u00fcggetlen \u00e9s kifejezetten a saj\u00e1t pl\u00e9b\u00e1ni\u00e1nk m\u0171k\u00f6d\u00e9s\u00e9t, fenntart\u00e1s\u00e1t \u00e9s fejleszt\u00e9seit szolg\u00e1lja.<\/li>\n\n\n\n<li>A <span style=\"text-decoration: underline;\">m\u00e1jus 31<\/span>-i <strong>Egyh\u00e1zmegyei Nap<\/strong>ra m\u00e1jus 15-ig lehet jelentkezni <em><a href=\"https:\/\/kaposvar.egyhazmegye.hu\/index.php?option=com_quix&amp;view=page&amp;id=41\" target=\"_blank\" rel=\"noreferrer noopener\">ide kattintva<\/a><\/em>.<\/li>\n\n\n\n<li><span style=\"text-decoration: underline;\">J\u00fanius 8-\u00e1n<\/span>, p\u00fcnk\u00f6sdvas\u00e1rnap 14:00-t\u00f3l pl\u00e9b\u00e1niai napot (juni\u00e1list), 20:00-t\u00f3l pedig batyus b\u00e1lt rendez\u00fcnk az X-h\u00e1zban \u00e9s udvar\u00e1n, melynek bev\u00e9tel\u00e9b\u0151l a k\u00f6lts\u00e9gek fedez\u00e9s\u00e9n t\u00fal az X-h\u00e1z fel\u00faj\u00edt\u00e1s\u00e1t szeretn\u00e9nk t\u00e1mogatni. Az \u00e9l\u0151 zen\u00e9t Gazda Tam\u00e1s fogja szolg\u00e1ltatni. A jegyeket el\u0151v\u00e9telben a mai napt\u00f3l kezd\u0151d\u0151en Kocza Anit\u00e1n\u00e1l lehet megv\u00e1s\u00e1rolni (min. 3000 Ft adom\u00e1ny).<\/li>\n<\/ol>\n\n\n\n<hr class=\"wp-block-separator has-alpha-channel-opacity\"\/>\n\n\n\n<figure class=\"wp-block-image size-large\"><img loading=\"lazy\" decoding=\"async\" width=\"1024\" height=\"642\" src=\"https:\/\/marcali.plebania.hu\/wp-content\/uploads\/2025\/05\/250504-1-1024x642.png\" alt=\"\" class=\"wp-image-7193\" srcset=\"https:\/\/marcali.plebania.hu\/wp-content\/uploads\/2025\/05\/250504-1-1024x642.png 1024w, https:\/\/marcali.plebania.hu\/wp-content\/uploads\/2025\/05\/250504-1-300x188.png 300w, https:\/\/marcali.plebania.hu\/wp-content\/uploads\/2025\/05\/250504-1-768x481.png 768w, https:\/\/marcali.plebania.hu\/wp-content\/uploads\/2025\/05\/250504-1-1536x962.png 1536w, https:\/\/marcali.plebania.hu\/wp-content\/uploads\/2025\/05\/250504-1-431x270.png 431w, https:\/\/marcali.plebania.hu\/wp-content\/uploads\/2025\/05\/250504-1.png 1639w\" sizes=\"auto, (max-width: 1024px) 100vw, 1024px\" \/><\/figure>\n\n\n\n<hr class=\"wp-block-separator has-alpha-channel-opacity\"\/>\n\n\n<div class=\"wp-block-image\">\n<figure class=\"aligncenter size-large\"><img loading=\"lazy\" decoding=\"async\" width=\"724\" height=\"1024\" src=\"https:\/\/marcali.plebania.hu\/wp-content\/uploads\/2025\/04\/EGYHAZMEGYEI-NAP-2025_FINAL_W-724x1024.jpg\" alt=\"\" class=\"wp-image-7043\" srcset=\"https:\/\/marcali.plebania.hu\/wp-content\/uploads\/2025\/04\/EGYHAZMEGYEI-NAP-2025_FINAL_W-724x1024.jpg 724w, https:\/\/marcali.plebania.hu\/wp-content\/uploads\/2025\/04\/EGYHAZMEGYEI-NAP-2025_FINAL_W-212x300.jpg 212w, https:\/\/marcali.plebania.hu\/wp-content\/uploads\/2025\/04\/EGYHAZMEGYEI-NAP-2025_FINAL_W-768x1086.jpg 768w, https:\/\/marcali.plebania.hu\/wp-content\/uploads\/2025\/04\/EGYHAZMEGYEI-NAP-2025_FINAL_W-1086x1536.jpg 1086w, https:\/\/marcali.plebania.hu\/wp-content\/uploads\/2025\/04\/EGYHAZMEGYEI-NAP-2025_FINAL_W-191x270.jpg 191w, https:\/\/marcali.plebania.hu\/wp-content\/uploads\/2025\/04\/EGYHAZMEGYEI-NAP-2025_FINAL_W.jpg 1131w\" sizes=\"auto, (max-width: 724px) 100vw, 724px\" \/><\/figure>\n<\/div>","protected":false},"excerpt":{"rendered":"<p>H\u00fasv\u00e9t 3. vas\u00e1rnapja<\/p>\n","protected":false},"author":1,"featured_media":0,"comment_status":"closed","ping_status":"open","sticky":false,"template":"","format":"standard","meta":{"footnotes":""},"categories":[3],"tags":[],"class_list":["post-7191","post","type-post","status-publish","format-standard","hentry","category-hirdetesek"],"_links":{"self":[{"href":"https:\/\/marcali.plebania.hu\/index.php?rest_route=\/wp\/v2\/posts\/7191","targetHints":{"allow":["GET"]}}],"collection":[{"href":"https:\/\/marcali.plebania.hu\/index.php?rest_route=\/wp\/v2\/posts"}],"about":[{"href":"https:\/\/marcali.plebania.hu\/index.php?rest_route=\/wp\/v2\/types\/post"}],"author":[{"embeddable":true,"href":"https:\/\/marcali.plebania.hu\/index.php?rest_route=\/wp\/v2\/users\/1"}],"replies":[{"embeddable":true,"href":"https:\/\/marcali.plebania.hu\/index.php?rest_route=%2Fwp%2Fv2%2Fcomments&post=7191"}],"version-history":[{"count":3,"href":"https:\/\/marcali.plebania.hu\/index.php?rest_route=\/wp\/v2\/posts\/7191\/revisions"}],"predecessor-version":[{"id":7196,"href":"https:\/\/marcali.plebania.hu\/index.php?rest_route=\/wp\/v2\/posts\/7191\/revisions\/7196"}],"wp:attachment":[{"href":"https:\/\/marcali.plebania.hu\/index.php?rest_route=%2Fwp%2Fv2%2Fmedia&parent=7191"}],"wp:term":[{"taxonomy":"category","embeddable":true,"href":"https:\/\/marcali.plebania.hu\/index.php?rest_route=%2Fwp%2Fv2%2Fcategories&post=7191"},{"taxonomy":"post_tag","embeddable":true,"href":"https:\/\/marcali.plebania.hu\/index.php?rest_route=%2Fwp%2Fv2%2Ftags&post=7191"}],"curies":[{"name":"wp","href":"https:\/\/api.w.org\/{rel}","templated":true}]}}