{"id":7198,"date":"2025-05-07T08:11:20","date_gmt":"2025-05-07T08:11:20","guid":{"rendered":"https:\/\/marcali.plebania.hu\/?p=7198"},"modified":"2025-05-07T08:11:20","modified_gmt":"2025-05-07T08:11:20","slug":"30-eves-zenei-szolgalat-utan-lekoszont-sagvari-robert-a-feny-gyermekei-zenekar-vezetoje","status":"publish","type":"post","link":"https:\/\/marcali.plebania.hu\/?p=7198","title":{"rendered":"30 \u00e9ves zenei szolg\u00e1lat ut\u00e1n lek\u00f6sz\u00f6nt S\u00e1gv\u00e1ri R\u00f3bert, a F\u00e9ny Gyermekei Zenekar vezet\u0151je"},"content":{"rendered":"\n<p>2025. m\u00e1jus 4-\u00e9n, vas\u00e1rnap a 9 \u00f3r\u00e1s szentmise v\u00e9g\u00e9n egy kis \u00fcnneps\u00e9g keret\u00e9ben \u2013 30 \u00e9v ut\u00e1n \u2013 k\u00f6sz\u00f6nt le S\u00e1gv\u00e1ri R\u00f3bert a Marcali F\u00e9ny Gyermekei Zenekar vezet\u00e9s\u00e9r\u0151l, a Gy\u00fcm\u00f6lcsolt\u00f3 Boldogasszony Pl\u00e9b\u00e1niatemplomban.<\/p>\n\n\n\n<figure class=\"wp-block-gallery has-nested-images columns-default is-cropped wp-block-gallery-1 is-layout-flex wp-block-gallery-is-layout-flex\">\n<figure class=\"wp-block-image size-large\"><img loading=\"lazy\" decoding=\"async\" width=\"1024\" height=\"577\" data-id=\"7199\" src=\"https:\/\/marcali.plebania.hu\/wp-content\/uploads\/2025\/05\/493940847_9803814379686999_3226186146772896528_n-1024x577.jpg\" alt=\"\" class=\"wp-image-7199\" srcset=\"https:\/\/marcali.plebania.hu\/wp-content\/uploads\/2025\/05\/493940847_9803814379686999_3226186146772896528_n-1024x577.jpg 1024w, https:\/\/marcali.plebania.hu\/wp-content\/uploads\/2025\/05\/493940847_9803814379686999_3226186146772896528_n-300x169.jpg 300w, https:\/\/marcali.plebania.hu\/wp-content\/uploads\/2025\/05\/493940847_9803814379686999_3226186146772896528_n-768x432.jpg 768w, https:\/\/marcali.plebania.hu\/wp-content\/uploads\/2025\/05\/493940847_9803814379686999_3226186146772896528_n-1536x865.jpg 1536w, https:\/\/marcali.plebania.hu\/wp-content\/uploads\/2025\/05\/493940847_9803814379686999_3226186146772896528_n-480x270.jpg 480w, https:\/\/marcali.plebania.hu\/wp-content\/uploads\/2025\/05\/493940847_9803814379686999_3226186146772896528_n.jpg 2000w\" sizes=\"auto, (max-width: 1024px) 100vw, 1024px\" \/><\/figure>\n\n\n\n<figure class=\"wp-block-image size-large\"><img loading=\"lazy\" decoding=\"async\" width=\"1024\" height=\"577\" data-id=\"7201\" src=\"https:\/\/marcali.plebania.hu\/wp-content\/uploads\/2025\/05\/494127756_9803815726353531_327133766968720826_n-1024x577.jpg\" alt=\"\" class=\"wp-image-7201\" srcset=\"https:\/\/marcali.plebania.hu\/wp-content\/uploads\/2025\/05\/494127756_9803815726353531_327133766968720826_n-1024x577.jpg 1024w, https:\/\/marcali.plebania.hu\/wp-content\/uploads\/2025\/05\/494127756_9803815726353531_327133766968720826_n-300x169.jpg 300w, https:\/\/marcali.plebania.hu\/wp-content\/uploads\/2025\/05\/494127756_9803815726353531_327133766968720826_n-768x432.jpg 768w, https:\/\/marcali.plebania.hu\/wp-content\/uploads\/2025\/05\/494127756_9803815726353531_327133766968720826_n-1536x865.jpg 1536w, https:\/\/marcali.plebania.hu\/wp-content\/uploads\/2025\/05\/494127756_9803815726353531_327133766968720826_n-480x270.jpg 480w, https:\/\/marcali.plebania.hu\/wp-content\/uploads\/2025\/05\/494127756_9803815726353531_327133766968720826_n.jpg 2000w\" sizes=\"auto, (max-width: 1024px) 100vw, 1024px\" \/><\/figure>\n\n\n\n<figure class=\"wp-block-image size-large\"><img loading=\"lazy\" decoding=\"async\" width=\"1024\" height=\"577\" data-id=\"7203\" src=\"https:\/\/marcali.plebania.hu\/wp-content\/uploads\/2025\/05\/493587096_9803815456353558_2932541500834229861_n-1024x577.jpg\" alt=\"\" class=\"wp-image-7203\" srcset=\"https:\/\/marcali.plebania.hu\/wp-content\/uploads\/2025\/05\/493587096_9803815456353558_2932541500834229861_n-1024x577.jpg 1024w, https:\/\/marcali.plebania.hu\/wp-content\/uploads\/2025\/05\/493587096_9803815456353558_2932541500834229861_n-300x169.jpg 300w, https:\/\/marcali.plebania.hu\/wp-content\/uploads\/2025\/05\/493587096_9803815456353558_2932541500834229861_n-768x432.jpg 768w, https:\/\/marcali.plebania.hu\/wp-content\/uploads\/2025\/05\/493587096_9803815456353558_2932541500834229861_n-1536x865.jpg 1536w, https:\/\/marcali.plebania.hu\/wp-content\/uploads\/2025\/05\/493587096_9803815456353558_2932541500834229861_n-480x270.jpg 480w, https:\/\/marcali.plebania.hu\/wp-content\/uploads\/2025\/05\/493587096_9803815456353558_2932541500834229861_n.jpg 2000w\" sizes=\"auto, (max-width: 1024px) 100vw, 1024px\" \/><\/figure>\n\n\n\n<figure class=\"wp-block-image size-large\"><img loading=\"lazy\" decoding=\"async\" width=\"1024\" height=\"577\" data-id=\"7204\" src=\"https:\/\/marcali.plebania.hu\/wp-content\/uploads\/2025\/05\/494605541_9803814229687014_128404116228950511_n-1024x577.jpg\" alt=\"\" class=\"wp-image-7204\" srcset=\"https:\/\/marcali.plebania.hu\/wp-content\/uploads\/2025\/05\/494605541_9803814229687014_128404116228950511_n-1024x577.jpg 1024w, https:\/\/marcali.plebania.hu\/wp-content\/uploads\/2025\/05\/494605541_9803814229687014_128404116228950511_n-300x169.jpg 300w, https:\/\/marcali.plebania.hu\/wp-content\/uploads\/2025\/05\/494605541_9803814229687014_128404116228950511_n-768x432.jpg 768w, https:\/\/marcali.plebania.hu\/wp-content\/uploads\/2025\/05\/494605541_9803814229687014_128404116228950511_n-1536x865.jpg 1536w, https:\/\/marcali.plebania.hu\/wp-content\/uploads\/2025\/05\/494605541_9803814229687014_128404116228950511_n-480x270.jpg 480w, https:\/\/marcali.plebania.hu\/wp-content\/uploads\/2025\/05\/494605541_9803814229687014_128404116228950511_n.jpg 2000w\" sizes=\"auto, (max-width: 1024px) 100vw, 1024px\" \/><\/figure>\n<\/figure>\n\n\n\n<p>S\u00e1gv\u00e1ri R\u00f3bert a zenei szolg\u00e1lat\u00e1t \u00e9s a technikai h\u00e1tt\u00e9r biztos\u00edt\u00e1s\u00e1t azonban m\u00e9g tov\u00e1bb folytatja. Ut\u00f3dja a zenekar \u00e9l\u00e9n: Szab\u00f3 Andrea lett, aki t\u00f6bb \u00e9vtizede git\u00e1rral, furuly\u00e1val \u00e9s \u00e9nekkel er\u0151s\u00edtette a csapatot. A h\u00edvek vastapssal k\u00f6sz\u00f6nt\u00e9k meg Robi eddigi tev\u00e9kenys\u00e9g\u00e9t \u00e9s k\u00f6z\u00f6sen el\u00e9nekelt\u00e9k az \u00c1roni \u00e1ld\u00e1st a meg\u00fajult zenekarral.<\/p>\n\n\n\n<p>Szab\u00f3 Andrea az \u00faj vezet\u0151 k\u00f6z\u00f6ss\u00e9gi oldal\u00e1n a k\u00f6vetkez\u0151ket \u00edrta: \u201eK\u00fcl\u00f6nleges volt a mai szolg\u00e1latunk. B\u00facs\u00faztattuk \u00e9s \u00fcnnepelt\u00fck Robit. A szavak elfogytak, besz\u00e9ljenek a k\u00e9pek. K\u00f6sz\u00f6nj\u00fck sz\u00e9pen a szuper egyedi aj\u00e1nd\u00e9kot <a href=\"https:\/\/www.facebook.com\/zsanett.koszegi?__cft__[0]=AZXKfumi5J6nD_2Bswkp4Jl_vEbyN8cXTcCyZlLjrvyAhnqq3fZfHNayJJ8ihjhj3_Z40RDa4qSTVGgsGtNtqUUjx3B8iWD3q9yLSPPO_8-a0BoOmCO3gzO7m7BnfiOfab-NY25NMbALMjSTo5utbNV-YMyP9mloZmuCbJBwCgOLZA&amp;__tn__=-]K-R\">Zsanett K\u0151szegi<\/a> , valamint a szint\u00e9n k\u00edv\u00e1ns\u00e1gra k\u00e9sz\u00fclt tort\u00e1t Lizi Cakery <a href=\"https:\/\/www.facebook.com\/profile.php?id=100087461573449&amp;__cft__[0]=AZXKfumi5J6nD_2Bswkp4Jl_vEbyN8cXTcCyZlLjrvyAhnqq3fZfHNayJJ8ihjhj3_Z40RDa4qSTVGgsGtNtqUUjx3B8iWD3q9yLSPPO_8-a0BoOmCO3gzO7m7BnfiOfab-NY25NMbALMjSTo5utbNV-YMyP9mloZmuCbJBwCgOLZA&amp;__tn__=-]K-R\">https:\/\/www.facebook.com\/share\/12JY81UjQBu\/<\/a><\/p>\n\n\n\n<figure class=\"wp-block-gallery has-nested-images columns-default is-cropped wp-block-gallery-2 is-layout-flex wp-block-gallery-is-layout-flex\">\n<figure class=\"wp-block-image size-large\"><img loading=\"lazy\" decoding=\"async\" width=\"1024\" height=\"768\" data-id=\"7205\" src=\"https:\/\/marcali.plebania.hu\/wp-content\/uploads\/2025\/05\/494955305_9803815203020250_4988847347055639719_n-1024x768.jpg\" alt=\"\" class=\"wp-image-7205\" srcset=\"https:\/\/marcali.plebania.hu\/wp-content\/uploads\/2025\/05\/494955305_9803815203020250_4988847347055639719_n-1024x768.jpg 1024w, https:\/\/marcali.plebania.hu\/wp-content\/uploads\/2025\/05\/494955305_9803815203020250_4988847347055639719_n-300x225.jpg 300w, https:\/\/marcali.plebania.hu\/wp-content\/uploads\/2025\/05\/494955305_9803815203020250_4988847347055639719_n-768x576.jpg 768w, https:\/\/marcali.plebania.hu\/wp-content\/uploads\/2025\/05\/494955305_9803815203020250_4988847347055639719_n-1536x1152.jpg 1536w, https:\/\/marcali.plebania.hu\/wp-content\/uploads\/2025\/05\/494955305_9803815203020250_4988847347055639719_n-360x270.jpg 360w, https:\/\/marcali.plebania.hu\/wp-content\/uploads\/2025\/05\/494955305_9803815203020250_4988847347055639719_n.jpg 2000w\" sizes=\"auto, (max-width: 1024px) 100vw, 1024px\" \/><\/figure>\n\n\n\n<figure class=\"wp-block-image size-large\"><img loading=\"lazy\" decoding=\"async\" width=\"1024\" height=\"577\" data-id=\"7206\" src=\"https:\/\/marcali.plebania.hu\/wp-content\/uploads\/2025\/05\/494999827_9803814549686982_2263061406881816099_n-1024x577.jpg\" alt=\"\" class=\"wp-image-7206\" srcset=\"https:\/\/marcali.plebania.hu\/wp-content\/uploads\/2025\/05\/494999827_9803814549686982_2263061406881816099_n-1024x577.jpg 1024w, https:\/\/marcali.plebania.hu\/wp-content\/uploads\/2025\/05\/494999827_9803814549686982_2263061406881816099_n-300x169.jpg 300w, https:\/\/marcali.plebania.hu\/wp-content\/uploads\/2025\/05\/494999827_9803814549686982_2263061406881816099_n-768x432.jpg 768w, https:\/\/marcali.plebania.hu\/wp-content\/uploads\/2025\/05\/494999827_9803814549686982_2263061406881816099_n-1536x865.jpg 1536w, https:\/\/marcali.plebania.hu\/wp-content\/uploads\/2025\/05\/494999827_9803814549686982_2263061406881816099_n-480x270.jpg 480w, https:\/\/marcali.plebania.hu\/wp-content\/uploads\/2025\/05\/494999827_9803814549686982_2263061406881816099_n.jpg 2000w\" sizes=\"auto, (max-width: 1024px) 100vw, 1024px\" \/><\/figure>\n\n\n\n<figure class=\"wp-block-image size-large\"><img loading=\"lazy\" decoding=\"async\" width=\"1024\" height=\"577\" data-id=\"7210\" src=\"https:\/\/marcali.plebania.hu\/wp-content\/uploads\/2025\/05\/495543673_9803817179686719_5194362335835626260_n-1024x577.jpg\" alt=\"\" class=\"wp-image-7210\" srcset=\"https:\/\/marcali.plebania.hu\/wp-content\/uploads\/2025\/05\/495543673_9803817179686719_5194362335835626260_n-1024x577.jpg 1024w, https:\/\/marcali.plebania.hu\/wp-content\/uploads\/2025\/05\/495543673_9803817179686719_5194362335835626260_n-300x169.jpg 300w, https:\/\/marcali.plebania.hu\/wp-content\/uploads\/2025\/05\/495543673_9803817179686719_5194362335835626260_n-768x432.jpg 768w, https:\/\/marcali.plebania.hu\/wp-content\/uploads\/2025\/05\/495543673_9803817179686719_5194362335835626260_n-1536x865.jpg 1536w, https:\/\/marcali.plebania.hu\/wp-content\/uploads\/2025\/05\/495543673_9803817179686719_5194362335835626260_n-480x270.jpg 480w, https:\/\/marcali.plebania.hu\/wp-content\/uploads\/2025\/05\/495543673_9803817179686719_5194362335835626260_n.jpg 2048w\" sizes=\"auto, (max-width: 1024px) 100vw, 1024px\" \/><\/figure>\n\n\n\n<figure class=\"wp-block-image size-large\"><img loading=\"lazy\" decoding=\"async\" width=\"1024\" height=\"768\" data-id=\"7208\" src=\"https:\/\/marcali.plebania.hu\/wp-content\/uploads\/2025\/05\/495372143_9803818026353301_3593977869142928029_n-1024x768.jpg\" alt=\"\" class=\"wp-image-7208\" srcset=\"https:\/\/marcali.plebania.hu\/wp-content\/uploads\/2025\/05\/495372143_9803818026353301_3593977869142928029_n-1024x768.jpg 1024w, https:\/\/marcali.plebania.hu\/wp-content\/uploads\/2025\/05\/495372143_9803818026353301_3593977869142928029_n-300x225.jpg 300w, https:\/\/marcali.plebania.hu\/wp-content\/uploads\/2025\/05\/495372143_9803818026353301_3593977869142928029_n-768x576.jpg 768w, https:\/\/marcali.plebania.hu\/wp-content\/uploads\/2025\/05\/495372143_9803818026353301_3593977869142928029_n-1536x1152.jpg 1536w, https:\/\/marcali.plebania.hu\/wp-content\/uploads\/2025\/05\/495372143_9803818026353301_3593977869142928029_n-360x270.jpg 360w, https:\/\/marcali.plebania.hu\/wp-content\/uploads\/2025\/05\/495372143_9803818026353301_3593977869142928029_n.jpg 2048w\" sizes=\"auto, (max-width: 1024px) 100vw, 1024px\" \/><\/figure>\n<\/figure>\n\n\n\n<p>Szeretn\u00e9m megk\u00f6sz\u00f6nni mindenkinek, aki r\u00e9sztvett az esem\u00e9nyen, hogy jelen volt! Emellett \u00f6r\u00f6k h\u00e1l\u00e1m minden seg\u00edts\u00e9g\u00e9rt mindazoknak, akik b\u00e1rmilyen form\u00e1ban hozz\u00e1j\u00e1rultak a mai nap sikeress\u00e9g\u00e9hez.\u201d<\/p>\n\n\n\n<p>Az \u00fcnneps\u00e9g ut\u00e1n a pl\u00e9b\u00e1ni\u00e1n, egy kis fogad\u00e1s \u00e9s aj\u00e1nd\u00e9kok keret\u00e9ben k\u00f6sz\u00f6nt\u00e9k meg S\u00e1gv\u00e1ri R\u00f3bert munk\u00e1j\u00e1t, melyen jelen voltak a zenekar r\u00e9gi \u00e9s \u00faj tagjai k\u00f6z\u00fcl is t\u00f6bben.<\/p>\n\n\n\n<p>\u00cdrta \u00e9s fot\u00f3k: Szab\u00f3 Andrea\/Marcali F\u00e9ny Gyermekei Zenekar<\/p>\n","protected":false},"excerpt":{"rendered":"<p>2025. m\u00e1jus 4-\u00e9n, vas\u00e1rnap a 9 \u00f3r\u00e1s szentmise v\u00e9g\u00e9n egy kis \u00fcnneps\u00e9g keret\u00e9ben \u2013 30 \u00e9v ut\u00e1n \u2013 k\u00f6sz\u00f6nt le S\u00e1gv\u00e1ri R\u00f3bert a Marcali F\u00e9ny Gyermekei Zenekar vezet\u00e9s\u00e9r\u0151l, a Gy\u00fcm\u00f6lcsolt\u00f3 Boldogasszony Pl\u00e9b\u00e1niatemplomban. S\u00e1gv\u00e1ri R\u00f3bert a zenei szolg\u00e1lat\u00e1t \u00e9s a technikai h\u00e1tt\u00e9r biztos\u00edt\u00e1s\u00e1t azonban m\u00e9g tov\u00e1bb folytatja. Ut\u00f3dja a zenekar \u00e9l\u00e9n: Szab\u00f3 Andrea lett, aki t\u00f6bb \u00e9vtizede git\u00e1rral, furuly\u00e1val \u00e9s \u00e9nekkel er\u0151s\u00edtette a csapatot. A h\u00edvek vastapssal k\u00f6sz\u00f6nt\u00e9k meg Robi eddigi tev\u00e9kenys\u00e9g\u00e9t \u00e9s k\u00f6z\u00f6sen el\u00e9nekelt\u00e9k az \u00c1roni \u00e1ld\u00e1st a meg\u00fajult zenekarral&#8230;.<\/p>\n<p class=\"read-more\"><a class=\"btn btn-default\" href=\"https:\/\/marcali.plebania.hu\/?p=7198\"> Read More<span class=\"screen-reader-text\">  Read More<\/span><\/a><\/p>\n","protected":false},"author":2,"featured_media":0,"comment_status":"closed","ping_status":"open","sticky":false,"template":"","format":"standard","meta":{"footnotes":""},"categories":[1],"tags":[],"class_list":["post-7198","post","type-post","status-publish","format-standard","hentry","category-egyeb"],"_links":{"self":[{"href":"https:\/\/marcali.plebania.hu\/index.php?rest_route=\/wp\/v2\/posts\/7198","targetHints":{"allow":["GET"]}}],"collection":[{"href":"https:\/\/marcali.plebania.hu\/index.php?rest_route=\/wp\/v2\/posts"}],"about":[{"href":"https:\/\/marcali.plebania.hu\/index.php?rest_route=\/wp\/v2\/types\/post"}],"author":[{"embeddable":true,"href":"https:\/\/marcali.plebania.hu\/index.php?rest_route=\/wp\/v2\/users\/2"}],"replies":[{"embeddable":true,"href":"https:\/\/marcali.plebania.hu\/index.php?rest_route=%2Fwp%2Fv2%2Fcomments&post=7198"}],"version-history":[{"count":1,"href":"https:\/\/marcali.plebania.hu\/index.php?rest_route=\/wp\/v2\/posts\/7198\/revisions"}],"predecessor-version":[{"id":7211,"href":"https:\/\/marcali.plebania.hu\/index.php?rest_route=\/wp\/v2\/posts\/7198\/revisions\/7211"}],"wp:attachment":[{"href":"https:\/\/marcali.plebania.hu\/index.php?rest_route=%2Fwp%2Fv2%2Fmedia&parent=7198"}],"wp:term":[{"taxonomy":"category","embeddable":true,"href":"https:\/\/marcali.plebania.hu\/index.php?rest_route=%2Fwp%2Fv2%2Fcategories&post=7198"},{"taxonomy":"post_tag","embeddable":true,"href":"https:\/\/marcali.plebania.hu\/index.php?rest_route=%2Fwp%2Fv2%2Ftags&post=7198"}],"curies":[{"name":"wp","href":"https:\/\/api.w.org\/{rel}","templated":true}]}}