{"id":721,"date":"2019-04-02T14:45:01","date_gmt":"2019-04-02T14:45:01","guid":{"rendered":"https:\/\/marcali.plebania.hu\/?p=721"},"modified":"2019-04-02T14:45:01","modified_gmt":"2019-04-02T14:45:01","slug":"a-szentmisen-koszontottek-ivan-atyat-a-szuletesnapja-alkalmabol","status":"publish","type":"post","link":"https:\/\/marcali.plebania.hu\/?p=721","title":{"rendered":"A szentmis\u00e9n k\u00f6sz\u00f6nt\u00f6tt\u00e9k Iv\u00e1n aty\u00e1t a sz\u00fclet\u00e9snapja alkalm\u00e1b\u00f3l"},"content":{"rendered":"\n<p>2019. m\u00e1rcius 31-\u00e9n, vas\u00e1rnap a 10 \u00f3r\u00e1s szentmis\u00e9n a Gy\u00fcm\u00f6lcsolt\u00f3 Boldogasszony pl\u00e9b\u00e1niatemplomban h\u00e1laad\u00f3 szentmis\u00e9re gy\u0171ltek \u00f6ssze az emberek, hogy egy\u00fctt \u00fcnnepeljenek Kiss Iv\u00e1n c. pr\u00e9post, esperes-pl\u00e9b\u00e1nossal 70. sz\u00fclet\u00e9snapja alkalm\u00e1b\u00f3l.<\/p>\n\n\n\n<ul class=\"wp-block-gallery columns-3 is-cropped wp-block-gallery-1 is-layout-flex wp-block-gallery-is-layout-flex\"><li class=\"blocks-gallery-item\"><figure><img loading=\"lazy\" decoding=\"async\" width=\"1024\" height=\"683\" src=\"https:\/\/marcali.plebania.hu\/wp-content\/uploads\/2019\/04\/01-1024x683.jpg\" alt=\"\" data-id=\"722\" data-link=\"https:\/\/marcali.plebania.hu\/?attachment_id=722\" class=\"wp-image-722\" srcset=\"https:\/\/marcali.plebania.hu\/wp-content\/uploads\/2019\/04\/01-1024x683.jpg 1024w, https:\/\/marcali.plebania.hu\/wp-content\/uploads\/2019\/04\/01-300x200.jpg 300w, https:\/\/marcali.plebania.hu\/wp-content\/uploads\/2019\/04\/01-768x512.jpg 768w, https:\/\/marcali.plebania.hu\/wp-content\/uploads\/2019\/04\/01-405x270.jpg 405w\" sizes=\"auto, (max-width: 1024px) 100vw, 1024px\" \/><\/figure><\/li><li class=\"blocks-gallery-item\"><figure><img loading=\"lazy\" decoding=\"async\" width=\"1024\" height=\"683\" src=\"https:\/\/marcali.plebania.hu\/wp-content\/uploads\/2019\/04\/03-1024x683.jpg\" alt=\"\" data-id=\"723\" data-link=\"https:\/\/marcali.plebania.hu\/?attachment_id=723\" class=\"wp-image-723\" srcset=\"https:\/\/marcali.plebania.hu\/wp-content\/uploads\/2019\/04\/03-1024x683.jpg 1024w, https:\/\/marcali.plebania.hu\/wp-content\/uploads\/2019\/04\/03-300x200.jpg 300w, https:\/\/marcali.plebania.hu\/wp-content\/uploads\/2019\/04\/03-768x512.jpg 768w, https:\/\/marcali.plebania.hu\/wp-content\/uploads\/2019\/04\/03-405x270.jpg 405w\" sizes=\"auto, (max-width: 1024px) 100vw, 1024px\" \/><\/figure><\/li><li class=\"blocks-gallery-item\"><figure><img loading=\"lazy\" decoding=\"async\" width=\"1024\" height=\"683\" src=\"https:\/\/marcali.plebania.hu\/wp-content\/uploads\/2019\/04\/04-1024x683.jpg\" alt=\"\" data-id=\"724\" data-link=\"https:\/\/marcali.plebania.hu\/?attachment_id=724\" class=\"wp-image-724\" srcset=\"https:\/\/marcali.plebania.hu\/wp-content\/uploads\/2019\/04\/04-1024x683.jpg 1024w, https:\/\/marcali.plebania.hu\/wp-content\/uploads\/2019\/04\/04-300x200.jpg 300w, https:\/\/marcali.plebania.hu\/wp-content\/uploads\/2019\/04\/04-768x512.jpg 768w, https:\/\/marcali.plebania.hu\/wp-content\/uploads\/2019\/04\/04-405x270.jpg 405w\" sizes=\"auto, (max-width: 1024px) 100vw, 1024px\" \/><\/figure><\/li><li class=\"blocks-gallery-item\"><figure><img loading=\"lazy\" decoding=\"async\" width=\"1024\" height=\"683\" src=\"https:\/\/marcali.plebania.hu\/wp-content\/uploads\/2019\/04\/05-1024x683.jpg\" alt=\"\" data-id=\"725\" data-link=\"https:\/\/marcali.plebania.hu\/?attachment_id=725\" class=\"wp-image-725\" srcset=\"https:\/\/marcali.plebania.hu\/wp-content\/uploads\/2019\/04\/05-1024x683.jpg 1024w, https:\/\/marcali.plebania.hu\/wp-content\/uploads\/2019\/04\/05-300x200.jpg 300w, https:\/\/marcali.plebania.hu\/wp-content\/uploads\/2019\/04\/05-768x512.jpg 768w, https:\/\/marcali.plebania.hu\/wp-content\/uploads\/2019\/04\/05-405x270.jpg 405w\" sizes=\"auto, (max-width: 1024px) 100vw, 1024px\" \/><\/figure><\/li><\/ul>\n\n\n\n<p>E jeles \u00e9vfordul\u00f3ra elj\u00f6ttek a pl\u00e9b\u00e1ni\u00e1hoz tartoz\u00f3 templomok, \u00edgy a gombai, bizei \u00e9s a Boldog Gizella templom h\u00edvei is, hogy k\u00f6z\u00f6sen adjanak h\u00e1l\u00e1t Istennek \u00e9s megk\u00f6sz\u00f6nts\u00e9k lelkip\u00e1sztorukat, aki imm\u00e1r 26 \u00e9ve munk\u00e1lkodik az \u00dar dics\u0151s\u00e9g\u00e9re a v\u00e1rosban. Iv\u00e1n atya rendk\u00edv\u00fcl sokr\u00e9t\u0171 \u00e9s sikeres papi p\u00e1ly\u00e1t tudhat maga m\u00f6g\u00f6tt, melyet mindig nagy elsz\u00e1nts\u00e1ggal \u00e9s elhivatotts\u00e1ggal v\u00e9gzett m\u00e9g a rendszerv\u00e1ltoz\u00e1s el\u0151tti rendk\u00edv\u00fcli, embert pr\u00f3b\u00e1l\u00f3 id\u0151kben is.<\/p>\n\n\n\n<ul class=\"wp-block-gallery columns-3 is-cropped wp-block-gallery-2 is-layout-flex wp-block-gallery-is-layout-flex\"><li class=\"blocks-gallery-item\"><figure><img loading=\"lazy\" decoding=\"async\" width=\"1024\" height=\"683\" src=\"https:\/\/marcali.plebania.hu\/wp-content\/uploads\/2019\/04\/07-1024x683.jpg\" alt=\"\" data-id=\"726\" data-link=\"https:\/\/marcali.plebania.hu\/?attachment_id=726\" class=\"wp-image-726\" srcset=\"https:\/\/marcali.plebania.hu\/wp-content\/uploads\/2019\/04\/07-1024x683.jpg 1024w, https:\/\/marcali.plebania.hu\/wp-content\/uploads\/2019\/04\/07-300x200.jpg 300w, https:\/\/marcali.plebania.hu\/wp-content\/uploads\/2019\/04\/07-768x512.jpg 768w, https:\/\/marcali.plebania.hu\/wp-content\/uploads\/2019\/04\/07-405x270.jpg 405w\" sizes=\"auto, (max-width: 1024px) 100vw, 1024px\" \/><\/figure><\/li><li class=\"blocks-gallery-item\"><figure><img loading=\"lazy\" decoding=\"async\" width=\"1024\" height=\"683\" src=\"https:\/\/marcali.plebania.hu\/wp-content\/uploads\/2019\/04\/08-1024x683.jpg\" alt=\"\" data-id=\"727\" data-link=\"https:\/\/marcali.plebania.hu\/?attachment_id=727\" class=\"wp-image-727\" srcset=\"https:\/\/marcali.plebania.hu\/wp-content\/uploads\/2019\/04\/08-1024x683.jpg 1024w, https:\/\/marcali.plebania.hu\/wp-content\/uploads\/2019\/04\/08-300x200.jpg 300w, https:\/\/marcali.plebania.hu\/wp-content\/uploads\/2019\/04\/08-768x512.jpg 768w, https:\/\/marcali.plebania.hu\/wp-content\/uploads\/2019\/04\/08-405x270.jpg 405w\" sizes=\"auto, (max-width: 1024px) 100vw, 1024px\" \/><\/figure><\/li><li class=\"blocks-gallery-item\"><figure><img loading=\"lazy\" decoding=\"async\" width=\"1024\" height=\"683\" src=\"https:\/\/marcali.plebania.hu\/wp-content\/uploads\/2019\/04\/09-1024x683.jpg\" alt=\"\" data-id=\"728\" data-link=\"https:\/\/marcali.plebania.hu\/?attachment_id=728\" class=\"wp-image-728\" srcset=\"https:\/\/marcali.plebania.hu\/wp-content\/uploads\/2019\/04\/09-1024x683.jpg 1024w, https:\/\/marcali.plebania.hu\/wp-content\/uploads\/2019\/04\/09-300x200.jpg 300w, https:\/\/marcali.plebania.hu\/wp-content\/uploads\/2019\/04\/09-768x512.jpg 768w, https:\/\/marcali.plebania.hu\/wp-content\/uploads\/2019\/04\/09-405x270.jpg 405w\" sizes=\"auto, (max-width: 1024px) 100vw, 1024px\" \/><\/figure><\/li><li class=\"blocks-gallery-item\"><figure><img loading=\"lazy\" decoding=\"async\" width=\"1024\" height=\"683\" src=\"https:\/\/marcali.plebania.hu\/wp-content\/uploads\/2019\/04\/16-1024x683.jpg\" alt=\"\" data-id=\"729\" data-link=\"https:\/\/marcali.plebania.hu\/?attachment_id=729\" class=\"wp-image-729\" srcset=\"https:\/\/marcali.plebania.hu\/wp-content\/uploads\/2019\/04\/16-1024x683.jpg 1024w, https:\/\/marcali.plebania.hu\/wp-content\/uploads\/2019\/04\/16-300x200.jpg 300w, https:\/\/marcali.plebania.hu\/wp-content\/uploads\/2019\/04\/16-768x512.jpg 768w, https:\/\/marcali.plebania.hu\/wp-content\/uploads\/2019\/04\/16-405x270.jpg 405w\" sizes=\"auto, (max-width: 1024px) 100vw, 1024px\" \/><\/figure><\/li><\/ul>\n\n\n\n<p>Pr\u00e9dik\u00e1ci\u00f3j\u00e1t\na k\u00f6vetkez\u0151 gondolattal kezdte: \u201eIsten j\u00f3s\u00e1g\u00e1r\u00f3l \u00e9s\nszeretet\u00e9r\u0151l akarok a mai napon tan\u00fas\u00e1got tenni\u2026 \u00c9n is elmondhatom, hogy a j\u00f3\nIsten egyik kez\u00e9vel megtartott a m\u00e1sikkal pofozgatott\u2026<\/p>\n\n\n\n<p>Egy szeret\u0151 \u00e9desany\u00e1nak k\u00f6sz\u00f6nhetem az \u00e9letem, aki m\u00e9lyen istenh\u00edv\u0151\n\u00e9s vall\u00e1sos volt. Egy olyan korszakban adott nekem \u00e9letet 1949-ben, amikor\nminden a papi h\u00edvat\u00e1s ellen volt. Akkor sz\u00fcntett\u00e9k meg a szerzetesrendeket,\ntart\u00f3ztatt\u00e1k le Mindszentyt, a magyar egyh\u00e1z vezet\u0151j\u00e9t\u2026<\/p>\n\n\n\n<p>Akkoriban nagyon szeg\u00e9ny vil\u00e1gban \u00e9lt\u00fcnk, de ann\u00e1l nagyobb\nszeretetben. \u00c1lmaimban sokszor megjelenik az a v\u00e1rv\u00f6lgyi h\u00e1z, ahol heten\nlaktunk, de m\u00e1r csak a temet\u0151 van. M\u00e9g negyven \u00e9ves sem voltam, amikor m\u00e1r a\ncsal\u00e1domb\u00f3l mindenki meghalt, ap\u00e1m, any\u00e1m, testv\u00e9rem. Az \u00dar a Margit n\u00e9nit adta\nhelyette, aki az\u00e9rt \u00e9lt 93 \u00e9vet, hogy a pl\u00e9b\u00e1ni\u00e1n szolg\u00e1ljon.<\/p>\n\n\n\n<p>14 \u00e9vig \u00e9ltem ebben a kis faluban. Azt\u00e1n a gy\u0151ri benc\u00e9s gimn\u00e1zium,\nmajd a piarista szerzetesrend k\u00f6vetkezett. Olyan tan\u00e1regy\u00e9nis\u00e9gekkel hozott\n\u00f6ssze a j\u00f3 Isten, akik meghat\u00e1roz\u00f3i lettek \u00e9letemnek, mint p\u00e9ld\u00e1ul a Gul\u00e1got\nmegj\u00e1rt N\u00e1dasi Alfonz, vagy a piarista nagyok\u2026. Azt\u00e1n j\u00f3 volt a d\u00f6nt\u00e9s, hogy\nm\u00e9gis egyh\u00e1zmegy\u00e9s pap leszek. K\u00f6zben pr\u00f3bat\u00e9tel a katonas\u00e1g volt, ahol a hit\nminden csir\u00e1j\u00e1t pr\u00f3b\u00e1lt\u00e1k ki\u00f6lni bel\u0151l\u00fcnk. De meger\u0151s\u00edt\u0151 pr\u00f3bat\u00e9tel volt:\nV\u00e1rszegi Asztrik \u00f6sszetartott benn\u00fcnket. Nemr\u00e9g j\u00f6tt a h\u00edr, hogy a vel\u00fcnk\nellens\u00e9ges laktanyaparancsnok meghalt \u00e9s most a l\u00e1nya k\u00e9rte a volt katonakispapokat,\nhogy im\u00e1dkozzanak \u00e9rte\u2026<\/p>\n\n\n\n<p>Hivat\u00e1somb\u00f3l 15 \u00e9vet a diktat\u00fara alatt t\u00f6lt\u00f6ttem. \u00c1lltam sz\u0151nyeg\nsz\u00e9l\u00e9n, megfenyegettek, be akartak szervezni, de a J\u00f3isten er\u0151t adott, hogy\nellen\u00e1lljak \u00e9s tudtam nemet mondani.<\/p>\n\n\n\n<p>Marcaliba, hogyan ker\u00fcltem? Egy d\u00f6nt\u00e9s volt, amire egy \u00e9jszak\u00e1t\nadtak. A Balaton egyik gy\u00f6ngyszem\u00e9n voltam pl\u00e9b\u00e1nos, \u00e9s akkor, el\u0151d\u00f6m hal\u00e1la\nnapj\u00e1n k\u00e9rt meg Bal\u00e1s B\u00e9la p\u00fcsp\u00f6k, hogy j\u00f6jjek el ide. Lassan 26 \u00e9ve. Kem\u00e9ny\nd\u00f6nt\u00e9s volt, de nem b\u00e1ntam meg a J\u00f3isten h\u00edv\u00e1s\u00e1t l\u00e1ttam benne.<\/p>\n\n\n\n<p>Zar\u00e1ndoklatok\u2026 Az \u00dar azt akarta, hogy zar\u00e1ndokoljunk. Szinte eg\u00e9sz\nEur\u00f3p\u00e1t megj\u00e1rtuk. Sokfel\u00e9 j\u00e1rtunk a h\u00edvekkel, fiatalokkal \u00e9s sokfel\u00e9 j\u00e1rtam\nmagam is. A legeml\u00e9kezetesebbek: Lourdes Fatima, szent P\u00e1l nyom\u00e1n G\u00f6r\u00f6g- \u00e9s\nT\u00f6r\u00f6korsz\u00e1g, Tais\u00e9, La Salette, az erd\u00e9lyi utak, \u00e9s Medjugorje, a \u201evil\u00e1g\ngy\u00f3ntat\u00f3sz\u00e9ke\u201d.<\/p>\n\n\n\n<p>Sokszor \u00e1t\u00e9reztem szent P\u00e1l apostollal: t\u00f6vist kaptam a testembe,\na s\u00e1t\u00e1n angyal\u00e1t. De \u00e9n k\u00e9rtem az Urat, hogy vegye el t\u0151lem, az \u00dar azt mondta:\nel\u00e9g neked az \u00e9n kegyelmem. Ma is sokszor, amikor neh\u00e9zs\u00e9gekbe \u00fctk\u00f6z\u00f6m, k\u00e9rem\naz Urat vegye el t\u0151lem, de \u0151 \u00e1lland\u00f3an azt mondja, el\u00e9g neked az \u00e9n kegyelmem.<\/p>\n\n\n\n<p>Nem hi\u00e1ba f\u0151p\u00e1rtfog\u00f3m II. J\u00e1nos P\u00e1l p\u00e1pa, aki ma is azt \u00fczeni: Ne\nf\u00e9ljetek!<\/p>\n\n\n\n<p>Egyik fiatalom keresett meg tegnap d\u00e9lut\u00e1n: megd\u00f6bben\u00e9semre\n2020-as napt\u00e1rt hozott. K\u00e9rdeztem, hogy mi\u00e9rt? Hiszen \u00e9v eleje van. Azt mondta\naz\u00e9rt, hogy: aty\u00e1m tervezd a j\u00f6v\u0151t\u2026<\/p>\n\n\n\n<p>Isten szeretete v\u00e9gigk\u00eds\u00e9rte eddigi \u00e9letemet. Az \u0151 j\u00f3s\u00e1g\u00e1t \u00e9reztem mindig. Egyik kez\u00e9vel megtartott, m\u00e1sikkal pofozgatott, de id\u0151nk\u00e9nt meg is simogatott.\u201d \u2013 fejezte be gondolatit Iv\u00e1n atya.<\/p>\n\n\n\n<ul class=\"wp-block-gallery columns-3 is-cropped wp-block-gallery-3 is-layout-flex wp-block-gallery-is-layout-flex\"><li class=\"blocks-gallery-item\"><figure><img loading=\"lazy\" decoding=\"async\" width=\"1024\" height=\"683\" src=\"https:\/\/marcali.plebania.hu\/wp-content\/uploads\/2019\/04\/34-1024x683.jpg\" alt=\"\" data-id=\"730\" data-link=\"https:\/\/marcali.plebania.hu\/?attachment_id=730\" class=\"wp-image-730\" srcset=\"https:\/\/marcali.plebania.hu\/wp-content\/uploads\/2019\/04\/34-1024x683.jpg 1024w, https:\/\/marcali.plebania.hu\/wp-content\/uploads\/2019\/04\/34-300x200.jpg 300w, https:\/\/marcali.plebania.hu\/wp-content\/uploads\/2019\/04\/34-768x512.jpg 768w, https:\/\/marcali.plebania.hu\/wp-content\/uploads\/2019\/04\/34-405x270.jpg 405w\" sizes=\"auto, (max-width: 1024px) 100vw, 1024px\" \/><\/figure><\/li><li class=\"blocks-gallery-item\"><figure><img loading=\"lazy\" decoding=\"async\" width=\"1024\" height=\"683\" src=\"https:\/\/marcali.plebania.hu\/wp-content\/uploads\/2019\/04\/37-1024x683.jpg\" alt=\"\" data-id=\"732\" data-link=\"https:\/\/marcali.plebania.hu\/?attachment_id=732\" class=\"wp-image-732\" srcset=\"https:\/\/marcali.plebania.hu\/wp-content\/uploads\/2019\/04\/37-1024x683.jpg 1024w, https:\/\/marcali.plebania.hu\/wp-content\/uploads\/2019\/04\/37-300x200.jpg 300w, https:\/\/marcali.plebania.hu\/wp-content\/uploads\/2019\/04\/37-768x512.jpg 768w, https:\/\/marcali.plebania.hu\/wp-content\/uploads\/2019\/04\/37-405x270.jpg 405w\" sizes=\"auto, (max-width: 1024px) 100vw, 1024px\" \/><\/figure><\/li><li class=\"blocks-gallery-item\"><figure><img loading=\"lazy\" decoding=\"async\" width=\"1024\" height=\"683\" src=\"https:\/\/marcali.plebania.hu\/wp-content\/uploads\/2019\/04\/38-1024x683.jpg\" alt=\"\" data-id=\"733\" data-link=\"https:\/\/marcali.plebania.hu\/?attachment_id=733\" class=\"wp-image-733\" srcset=\"https:\/\/marcali.plebania.hu\/wp-content\/uploads\/2019\/04\/38-1024x683.jpg 1024w, https:\/\/marcali.plebania.hu\/wp-content\/uploads\/2019\/04\/38-300x200.jpg 300w, https:\/\/marcali.plebania.hu\/wp-content\/uploads\/2019\/04\/38-768x512.jpg 768w, https:\/\/marcali.plebania.hu\/wp-content\/uploads\/2019\/04\/38-405x270.jpg 405w\" sizes=\"auto, (max-width: 1024px) 100vw, 1024px\" \/><\/figure><\/li><li class=\"blocks-gallery-item\"><figure><img loading=\"lazy\" decoding=\"async\" width=\"1024\" height=\"683\" src=\"https:\/\/marcali.plebania.hu\/wp-content\/uploads\/2019\/04\/39-1024x683.jpg\" alt=\"\" data-id=\"734\" data-link=\"https:\/\/marcali.plebania.hu\/?attachment_id=734\" class=\"wp-image-734\" srcset=\"https:\/\/marcali.plebania.hu\/wp-content\/uploads\/2019\/04\/39-1024x683.jpg 1024w, https:\/\/marcali.plebania.hu\/wp-content\/uploads\/2019\/04\/39-300x200.jpg 300w, https:\/\/marcali.plebania.hu\/wp-content\/uploads\/2019\/04\/39-768x512.jpg 768w, https:\/\/marcali.plebania.hu\/wp-content\/uploads\/2019\/04\/39-405x270.jpg 405w\" sizes=\"auto, (max-width: 1024px) 100vw, 1024px\" \/><\/figure><\/li><\/ul>\n\n\n\n<p>A szentmise v\u00e9g\u00e9n el\u0151sz\u00f6r az Egyh\u00e1zk\u00f6zs\u00e9g K\u00e9pvisel\u0151 Test\u00fclet\u00e9nek tagjai k\u00f6sz\u00f6nt\u00f6tt\u00e9k fel a sz\u00fclet\u00e9snapos pl\u00e9b\u00e1nost: dr. Gyulai Botond \u00e9s J\u00e1ki Zolt\u00e1nn\u00e9 egy csokor vir\u00e1g k\u00eds\u00e9ret\u00e9ben adt\u00e1k \u00e1t Ferenc p\u00e1pa \u00e1ld\u00e1s\u00e1val, a Vatik\u00e1nb\u00f3l k\u00fcld\u00f6tt oklevelet. Ezut\u00e1n Huszti G\u00e1bor, a Somogy Megyei K\u00f6zgy\u0171l\u00e9s aleln\u00f6ke k\u00f6sz\u00f6nte meg Kiss Iv\u00e1n aty\u00e1nak a h\u00edvek \u00e9rdek\u00e9ben v\u00e9gzett eddigi papi munk\u00e1j\u00e1t \u00e9s k\u00edv\u00e1nt b\u00e9k\u00e9s, szeretetteljes \u00e9veket tov\u00e1bbi m\u0171k\u00f6d\u00e9s\u00e9re. Ezen k\u00edv\u00fcl tolm\u00e1csolta M\u00f3ring J\u00f3zsef Attila orsz\u00e1ggy\u0171l\u00e9si k\u00e9pvisel\u0151 j\u00f3k\u00edv\u00e1ns\u00e1gait is \u00e9s \u00e1tny\u00fajtotta az \u00e1ltala k\u00fcld\u00f6tt aj\u00e1nd\u00e9kot. V\u00e9g\u00fcl dr. Suchmann Tam\u00e1s ny. miniszter a k\u00f6sz\u00f6nt\u0151je sor\u00e1n egy r\u00e9gi k\u00f6nyvvel lepte meg az esperes-pl\u00e9b\u00e1nost.<\/p>\n\n\n\n<ul class=\"wp-block-gallery columns-3 is-cropped wp-block-gallery-4 is-layout-flex wp-block-gallery-is-layout-flex\"><li class=\"blocks-gallery-item\"><figure><img loading=\"lazy\" decoding=\"async\" width=\"1024\" height=\"683\" src=\"https:\/\/marcali.plebania.hu\/wp-content\/uploads\/2019\/04\/41-1024x683.jpg\" alt=\"\" data-id=\"735\" data-link=\"https:\/\/marcali.plebania.hu\/?attachment_id=735\" class=\"wp-image-735\" srcset=\"https:\/\/marcali.plebania.hu\/wp-content\/uploads\/2019\/04\/41-1024x683.jpg 1024w, https:\/\/marcali.plebania.hu\/wp-content\/uploads\/2019\/04\/41-300x200.jpg 300w, https:\/\/marcali.plebania.hu\/wp-content\/uploads\/2019\/04\/41-768x512.jpg 768w, https:\/\/marcali.plebania.hu\/wp-content\/uploads\/2019\/04\/41-405x270.jpg 405w\" sizes=\"auto, (max-width: 1024px) 100vw, 1024px\" \/><\/figure><\/li><li class=\"blocks-gallery-item\"><figure><img loading=\"lazy\" decoding=\"async\" width=\"1024\" height=\"683\" src=\"https:\/\/marcali.plebania.hu\/wp-content\/uploads\/2019\/04\/45-1024x683.jpg\" alt=\"\" data-id=\"736\" data-link=\"https:\/\/marcali.plebania.hu\/?attachment_id=736\" class=\"wp-image-736\" srcset=\"https:\/\/marcali.plebania.hu\/wp-content\/uploads\/2019\/04\/45-1024x683.jpg 1024w, https:\/\/marcali.plebania.hu\/wp-content\/uploads\/2019\/04\/45-300x200.jpg 300w, https:\/\/marcali.plebania.hu\/wp-content\/uploads\/2019\/04\/45-768x512.jpg 768w, https:\/\/marcali.plebania.hu\/wp-content\/uploads\/2019\/04\/45-405x270.jpg 405w\" sizes=\"auto, (max-width: 1024px) 100vw, 1024px\" \/><\/figure><\/li><li class=\"blocks-gallery-item\"><figure><img loading=\"lazy\" decoding=\"async\" width=\"1024\" height=\"683\" src=\"https:\/\/marcali.plebania.hu\/wp-content\/uploads\/2019\/04\/50-1024x683.jpg\" alt=\"\" data-id=\"737\" data-link=\"https:\/\/marcali.plebania.hu\/?attachment_id=737\" class=\"wp-image-737\" srcset=\"https:\/\/marcali.plebania.hu\/wp-content\/uploads\/2019\/04\/50-1024x683.jpg 1024w, https:\/\/marcali.plebania.hu\/wp-content\/uploads\/2019\/04\/50-300x200.jpg 300w, https:\/\/marcali.plebania.hu\/wp-content\/uploads\/2019\/04\/50-768x512.jpg 768w, https:\/\/marcali.plebania.hu\/wp-content\/uploads\/2019\/04\/50-405x270.jpg 405w\" sizes=\"auto, (max-width: 1024px) 100vw, 1024px\" \/><\/figure><\/li><li class=\"blocks-gallery-item\"><figure><img loading=\"lazy\" decoding=\"async\" width=\"1024\" height=\"683\" src=\"https:\/\/marcali.plebania.hu\/wp-content\/uploads\/2019\/04\/46-1024x683.jpg\" alt=\"\" data-id=\"738\" data-link=\"https:\/\/marcali.plebania.hu\/?attachment_id=738\" class=\"wp-image-738\" srcset=\"https:\/\/marcali.plebania.hu\/wp-content\/uploads\/2019\/04\/46-1024x683.jpg 1024w, https:\/\/marcali.plebania.hu\/wp-content\/uploads\/2019\/04\/46-300x200.jpg 300w, https:\/\/marcali.plebania.hu\/wp-content\/uploads\/2019\/04\/46-768x512.jpg 768w, https:\/\/marcali.plebania.hu\/wp-content\/uploads\/2019\/04\/46-405x270.jpg 405w\" sizes=\"auto, (max-width: 1024px) 100vw, 1024px\" \/><\/figure><\/li><\/ul>\n\n\n\n<p>Ezut\u00e1n a h\u00edvek, a F\u00e9ny Gyermekei Zenekar vezet\u00e9s\u00e9vel \u00c1roni \u00e1ld\u00e1st \u00e9nekeltek, majd Iv\u00e1n atya pedig lelkip\u00e1sztori \u00e1ld\u00e1sban r\u00e9szes\u00edtette \u0151ket. A szentmise ut\u00e1n \u00e1ll\u00f3fogad\u00e1s v\u00e1rta a r\u00e9sztvev\u0151ket az X-h\u00e1zban, ahol Gelencs\u00e9r R\u00f3bert vil\u00e1gi eln\u00f6k, majd az imak\u00f6r\u00f6k \u00e9s a h\u00edvek is egyenk\u00e9nt gratul\u00e1ltak Iv\u00e1n aty\u00e1nak \u00e9s k\u00e9rt\u00e9k Isten \u00e1ld\u00e1s\u00e1t tov\u00e1bbi papi munk\u00e1j\u00e1ra.<\/p>\n\n\n\n<ul class=\"wp-block-gallery columns-3 is-cropped wp-block-gallery-5 is-layout-flex wp-block-gallery-is-layout-flex\"><li class=\"blocks-gallery-item\"><figure><img loading=\"lazy\" decoding=\"async\" width=\"1024\" height=\"683\" src=\"https:\/\/marcali.plebania.hu\/wp-content\/uploads\/2019\/04\/74-1024x683.jpg\" alt=\"\" data-id=\"739\" data-link=\"https:\/\/marcali.plebania.hu\/?attachment_id=739\" class=\"wp-image-739\" srcset=\"https:\/\/marcali.plebania.hu\/wp-content\/uploads\/2019\/04\/74-1024x683.jpg 1024w, https:\/\/marcali.plebania.hu\/wp-content\/uploads\/2019\/04\/74-300x200.jpg 300w, https:\/\/marcali.plebania.hu\/wp-content\/uploads\/2019\/04\/74-768x512.jpg 768w, https:\/\/marcali.plebania.hu\/wp-content\/uploads\/2019\/04\/74-405x270.jpg 405w\" sizes=\"auto, (max-width: 1024px) 100vw, 1024px\" \/><\/figure><\/li><li class=\"blocks-gallery-item\"><figure><img loading=\"lazy\" decoding=\"async\" width=\"1024\" height=\"683\" src=\"https:\/\/marcali.plebania.hu\/wp-content\/uploads\/2019\/04\/85-1024x683.jpg\" alt=\"\" data-id=\"741\" data-link=\"https:\/\/marcali.plebania.hu\/?attachment_id=741\" class=\"wp-image-741\" srcset=\"https:\/\/marcali.plebania.hu\/wp-content\/uploads\/2019\/04\/85-1024x683.jpg 1024w, https:\/\/marcali.plebania.hu\/wp-content\/uploads\/2019\/04\/85-300x200.jpg 300w, https:\/\/marcali.plebania.hu\/wp-content\/uploads\/2019\/04\/85-768x512.jpg 768w, https:\/\/marcali.plebania.hu\/wp-content\/uploads\/2019\/04\/85-405x270.jpg 405w\" sizes=\"auto, (max-width: 1024px) 100vw, 1024px\" \/><\/figure><\/li><li class=\"blocks-gallery-item\"><figure><img loading=\"lazy\" decoding=\"async\" width=\"1024\" height=\"683\" src=\"https:\/\/marcali.plebania.hu\/wp-content\/uploads\/2019\/04\/81-1-1024x683.jpg\" alt=\"\" data-id=\"743\" data-link=\"https:\/\/marcali.plebania.hu\/?attachment_id=743\" class=\"wp-image-743\" srcset=\"https:\/\/marcali.plebania.hu\/wp-content\/uploads\/2019\/04\/81-1-1024x683.jpg 1024w, https:\/\/marcali.plebania.hu\/wp-content\/uploads\/2019\/04\/81-1-300x200.jpg 300w, https:\/\/marcali.plebania.hu\/wp-content\/uploads\/2019\/04\/81-1-768x512.jpg 768w, https:\/\/marcali.plebania.hu\/wp-content\/uploads\/2019\/04\/81-1-405x270.jpg 405w\" sizes=\"auto, (max-width: 1024px) 100vw, 1024px\" \/><\/figure><\/li><li class=\"blocks-gallery-item\"><figure><img loading=\"lazy\" decoding=\"async\" width=\"1024\" height=\"683\" src=\"https:\/\/marcali.plebania.hu\/wp-content\/uploads\/2019\/04\/90-1-1024x683.jpg\" alt=\"\" data-id=\"744\" data-link=\"https:\/\/marcali.plebania.hu\/?attachment_id=744\" class=\"wp-image-744\" srcset=\"https:\/\/marcali.plebania.hu\/wp-content\/uploads\/2019\/04\/90-1-1024x683.jpg 1024w, https:\/\/marcali.plebania.hu\/wp-content\/uploads\/2019\/04\/90-1-300x200.jpg 300w, https:\/\/marcali.plebania.hu\/wp-content\/uploads\/2019\/04\/90-1-768x512.jpg 768w, https:\/\/marcali.plebania.hu\/wp-content\/uploads\/2019\/04\/90-1-405x270.jpg 405w\" sizes=\"auto, (max-width: 1024px) 100vw, 1024px\" \/><\/figure><\/li><\/ul>\n","protected":false},"excerpt":{"rendered":"<p>2019. m\u00e1rcius 31-\u00e9n, vas\u00e1rnap a 10 \u00f3r\u00e1s szentmis\u00e9n a Gy\u00fcm\u00f6lcsolt\u00f3 Boldogasszony pl\u00e9b\u00e1niatemplomban h\u00e1laad\u00f3 szentmis\u00e9re gy\u0171ltek \u00f6ssze az emberek, hogy egy\u00fctt \u00fcnnepeljenek Kiss Iv\u00e1n c. pr\u00e9post, esperes-pl\u00e9b\u00e1nossal 70. sz\u00fclet\u00e9snapja alkalm\u00e1b\u00f3l. E jeles \u00e9vfordul\u00f3ra elj\u00f6ttek a pl\u00e9b\u00e1ni\u00e1hoz tartoz\u00f3 templomok, \u00edgy a gombai, bizei \u00e9s a Boldog Gizella templom h\u00edvei is, hogy k\u00f6z\u00f6sen adjanak h\u00e1l\u00e1t Istennek \u00e9s megk\u00f6sz\u00f6nts\u00e9k lelkip\u00e1sztorukat, aki imm\u00e1r 26 \u00e9ve munk\u00e1lkodik az \u00dar dics\u0151s\u00e9g\u00e9re a v\u00e1rosban. Iv\u00e1n atya rendk\u00edv\u00fcl sokr\u00e9t\u0171 \u00e9s sikeres papi p\u00e1ly\u00e1t tudhat maga m\u00f6g\u00f6tt, melyet mindig nagy&#8230;<\/p>\n<p class=\"read-more\"><a class=\"btn btn-default\" href=\"https:\/\/marcali.plebania.hu\/?p=721\"> Read More<span class=\"screen-reader-text\">  Read More<\/span><\/a><\/p>\n","protected":false},"author":2,"featured_media":0,"comment_status":"closed","ping_status":"open","sticky":false,"template":"","format":"standard","meta":{"footnotes":""},"categories":[1],"tags":[],"class_list":["post-721","post","type-post","status-publish","format-standard","hentry","category-egyeb"],"_links":{"self":[{"href":"https:\/\/marcali.plebania.hu\/index.php?rest_route=\/wp\/v2\/posts\/721","targetHints":{"allow":["GET"]}}],"collection":[{"href":"https:\/\/marcali.plebania.hu\/index.php?rest_route=\/wp\/v2\/posts"}],"about":[{"href":"https:\/\/marcali.plebania.hu\/index.php?rest_route=\/wp\/v2\/types\/post"}],"author":[{"embeddable":true,"href":"https:\/\/marcali.plebania.hu\/index.php?rest_route=\/wp\/v2\/users\/2"}],"replies":[{"embeddable":true,"href":"https:\/\/marcali.plebania.hu\/index.php?rest_route=%2Fwp%2Fv2%2Fcomments&post=721"}],"version-history":[{"count":1,"href":"https:\/\/marcali.plebania.hu\/index.php?rest_route=\/wp\/v2\/posts\/721\/revisions"}],"predecessor-version":[{"id":745,"href":"https:\/\/marcali.plebania.hu\/index.php?rest_route=\/wp\/v2\/posts\/721\/revisions\/745"}],"wp:attachment":[{"href":"https:\/\/marcali.plebania.hu\/index.php?rest_route=%2Fwp%2Fv2%2Fmedia&parent=721"}],"wp:term":[{"taxonomy":"category","embeddable":true,"href":"https:\/\/marcali.plebania.hu\/index.php?rest_route=%2Fwp%2Fv2%2Fcategories&post=721"},{"taxonomy":"post_tag","embeddable":true,"href":"https:\/\/marcali.plebania.hu\/index.php?rest_route=%2Fwp%2Fv2%2Ftags&post=721"}],"curies":[{"name":"wp","href":"https:\/\/api.w.org\/{rel}","templated":true}]}}