{"id":7215,"date":"2025-05-10T21:32:17","date_gmt":"2025-05-10T21:32:17","guid":{"rendered":"https:\/\/marcali.plebania.hu\/?p=7215"},"modified":"2025-05-10T21:32:17","modified_gmt":"2025-05-10T21:32:17","slug":"hirdetesek-2025-majus-11-en","status":"publish","type":"post","link":"https:\/\/marcali.plebania.hu\/?p=7215","title":{"rendered":"Hirdet\u00e9sek 2025. m\u00e1jus 11-\u00e9n"},"content":{"rendered":"\n<p><a href=\"https:\/\/igenaptar.katolikus.hu\/nap\/index.php?holnap=2025-05-11\" target=\"_blank\" rel=\"noreferrer noopener\"><u>H\u00fasv\u00e9t 4. vas\u00e1rnapja<\/u><\/a><\/p>\n\n\n\n<ol start=\"1\" class=\"wp-block-list\">\n<li>M\u00e1jusban az esti mis\u00e9k el\u0151tti negyed \u00f3r\u00e1ban (17:15-t\u0151l) <strong>loret\u00f3i lit\u00e1ni\u00e1t<\/strong> im\u00e1dkozunk a templomokban, p\u00e9nteken a szents\u00e9gim\u00e1d\u00e1s el\u0151tt (16:45-t\u0151l).<\/li>\n\n\n\n<li>A <strong>fatimai ima\u00f3ra<\/strong> <span style=\"text-decoration: underline;\">kedden<\/span> 16:30-kor kezd\u0151dik a pl\u00e9b\u00e1niatemplomban.<\/li>\n\n\n\n<li>A b\u00e9rm\u00e1lkoz\u00f3k sz\u00fcleit <span style=\"text-decoration: underline;\">szerd\u00e1n<\/span> 16:30-ra h\u00edvjuk az X-h\u00e1zba (D\u00f3zsa Gy. u. 3.) <strong>sz\u00fcl\u0151i \u00e9rtekezlet<\/strong>re.<\/li>\n\n\n\n<li>A <strong>Feln\u0151tt hittan <\/strong>\u00e9s szents\u00e9gi felk\u00e9sz\u00edt\u0151 k\u00f6vetkez\u0151 tal\u00e1lkoz\u00f3ja <span style=\"text-decoration: underline;\">szerd\u00e1n<\/span> 18:00-kor kezd\u0151dik a pl\u00e9b\u00e1ni\u00e1n.<\/li>\n\n\n\n<li>A <span style=\"text-decoration: underline;\">p\u00e9ntek<\/span> esti <strong>r\u00f3zsaf\u00fcz\u00e9r<\/strong>-im\u00e1dkoz\u00e1s a b\u00e9k\u00e9\u00e9rt e h\u00e9tt\u0151l kezdve 21:00-kor kezd\u0151dik a pl\u00e9b\u00e1niatemplomban.<\/li>\n\n\n\n<li>\u201e<strong>Mi\u00e9rt hiszek?<\/strong>\u201d-sorozatunk k\u00f6vetkez\u0151 alkalm\u00e1ra <span style=\"text-decoration: underline;\">m\u00e1jus 29-\u00e9n<\/span> ker\u00fcl sor. Vend\u00e9g\u00fcnk L\u00e1nyi B\u00e9la verbita szerzetes, aki 18:15-kor kezdi el\u0151ad\u00e1s\u00e1t, tan\u00fas\u00e1gt\u00e9tel\u00e9t az X-h\u00e1zban. Szeretettel h\u00edvjuk az \u00e9rdekl\u0151d\u0151ket.<\/li>\n\n\n\n<li>A pl\u00e9b\u00e1niai <strong>napk\u00f6zis t\u00e1bor<\/strong>ra (j\u00falius 14-18.) j\u00fanius 15-ig lehet jelentkezni az  <a href=\"https:\/\/forms.gle\/23A7wYyHTZ3RRABX7\" target=\"_blank\" rel=\"noreferrer noopener\"><u><em>itt el\u00e9rhet\u0151 \u0171rlapon<\/em><\/u><\/a>.<\/li>\n\n\n\n<li>A m\u00e1jus 31-i <strong>Egyh\u00e1zmegyei Nap<\/strong>ra cs\u00fct\u00f6rt\u00f6kig lehet jelentkezni <a href=\"https:\/\/docs.google.com\/forms\/d\/e\/1FAIpQLSdwfSFC_m5w57DmRXTc_FTirE4RkG0UyjRZ0ZQybUR3hp-ypg\/viewform\" target=\"_blank\" rel=\"noreferrer noopener\"><u><em>itt<\/em><\/u><\/a>.<\/li>\n\n\n\n<li>J\u00fanius 8-\u00e1n, p\u00fcnk\u00f6sdvas\u00e1rnap, <strong>pl\u00e9b\u00e1niai nap<\/strong>ra h\u00edvjuk k\u00f6z\u00f6ss\u00e9g\u00fcnk minden tagj\u00e1t \u00e9s az \u00e9rdekl\u0151d\u0151ket az X-h\u00e1zhoz. 13:30-t\u00f3l k\u00fcl\u00f6nf\u00e9le programokba lehet bekapcsol\u00f3dni: t\u00f6bbek k\u00f6z\u00f6tt f\u0151z\u0151verseny, p\u00fcnk\u00f6sdi TaKi-tal\u00e1lkoz\u00f3, pingpong \u00e9s csocs\u00f3, valamint a hittanos rajzverseny eredm\u00e9nyhirdet\u00e9se is ekkor lesz. K\u00e9rj\u00fck, a f\u0151z\u0151versenyen indul\u00f3 csapatok a honlapunkon el\u00e9rhet\u0151 <a href=\"https:\/\/forms.gle\/3DWGWkpd34NSmhvNA\" target=\"_blank\" rel=\"noreferrer noopener\"><u><em>\u0171rlap<\/em><\/u><\/a> kit\u00f6lt\u00e9s\u00e9vel vagy az irod\u00e1n jelentkezzenek m\u00e1jus 21-ig. A szervez\u00e9s megk\u00f6nny\u00edt\u00e9se \u00e9rdek\u00e9ben azok jelentkez\u00e9s\u00e9t is v\u00e1rjuk, akik sz\u00edvesen enn\u00e9nek az ott k\u00e9sz\u00fclt \u00e9telekb\u0151l. Csal\u00e1donk\u00e9nt, csoportonk\u00e9nt el\u00e9g egy regisztr\u00e1ci\u00f3.<\/li>\n\n\n\n<li>Aznap (j\u00fan. 8.) este 8 \u00f3r\u00e1t\u00f3l pedig <strong>batyus b\u00e1l <\/strong>lesz az X-h\u00e1zban \u00e9s udvar\u00e1n, melynek bev\u00e9tel\u00e9b\u0151l az X-h\u00e1z fel\u00faj\u00edt\u00e1s\u00e1t szeretn\u00e9nk t\u00e1mogatni. A b\u00e1lon Gazda Tam\u00e1s fog zen\u00e9lni. A b\u00e1lra jegyeket el\u0151v\u00e9telben Kocza Anit\u00e1n\u00e1l lehet megv\u00e1s\u00e1rolni (min. 3000 Ft adom\u00e1ny).<\/li>\n\n\n\n<li>Im\u00e1dkozzunk \u00faj Szentaty\u00e1nk\u00e9rt, XIV. Le\u00f3 p\u00e1p\u00e1\u00e9rt, hogy seg\u00edtse \u0151t Isten p\u00e1pai szolg\u00e1lat\u00e1ban mindny\u00e1junk \u00fcdv\u00f6ss\u00e9g\u00e9re!<\/li>\n<\/ol>\n\n\n\n<hr class=\"wp-block-separator has-alpha-channel-opacity\"\/>\n\n\n\n<figure class=\"wp-block-image size-large\"><img loading=\"lazy\" decoding=\"async\" width=\"1024\" height=\"677\" src=\"https:\/\/marcali.plebania.hu\/wp-content\/uploads\/2025\/05\/250511-1-1024x677.png\" alt=\"\" class=\"wp-image-7217\" srcset=\"https:\/\/marcali.plebania.hu\/wp-content\/uploads\/2025\/05\/250511-1-1024x677.png 1024w, https:\/\/marcali.plebania.hu\/wp-content\/uploads\/2025\/05\/250511-1-300x198.png 300w, https:\/\/marcali.plebania.hu\/wp-content\/uploads\/2025\/05\/250511-1-768x508.png 768w, https:\/\/marcali.plebania.hu\/wp-content\/uploads\/2025\/05\/250511-1-408x270.png 408w, https:\/\/marcali.plebania.hu\/wp-content\/uploads\/2025\/05\/250511-1.png 1440w\" sizes=\"auto, (max-width: 1024px) 100vw, 1024px\" \/><\/figure>\n\n\n\n<hr class=\"wp-block-separator has-alpha-channel-opacity\"\/>\n\n\n<div class=\"wp-block-image\">\n<figure class=\"aligncenter size-large\"><img loading=\"lazy\" decoding=\"async\" width=\"724\" height=\"1024\" src=\"https:\/\/marcali.plebania.hu\/wp-content\/uploads\/2025\/05\/1000004994-724x1024.jpg\" alt=\"\" class=\"wp-image-7213\" srcset=\"https:\/\/marcali.plebania.hu\/wp-content\/uploads\/2025\/05\/1000004994-724x1024.jpg 724w, https:\/\/marcali.plebania.hu\/wp-content\/uploads\/2025\/05\/1000004994-212x300.jpg 212w, https:\/\/marcali.plebania.hu\/wp-content\/uploads\/2025\/05\/1000004994-768x1086.jpg 768w, https:\/\/marcali.plebania.hu\/wp-content\/uploads\/2025\/05\/1000004994-1086x1536.jpg 1086w, https:\/\/marcali.plebania.hu\/wp-content\/uploads\/2025\/05\/1000004994-1448x2048.jpg 1448w, https:\/\/marcali.plebania.hu\/wp-content\/uploads\/2025\/05\/1000004994-191x270.jpg 191w, https:\/\/marcali.plebania.hu\/wp-content\/uploads\/2025\/05\/1000004994-scaled.jpg 1810w\" sizes=\"auto, (max-width: 724px) 100vw, 724px\" \/><\/figure>\n<\/div>\n\n<div class=\"wp-block-image\">\n<figure class=\"aligncenter size-large\"><img loading=\"lazy\" decoding=\"async\" width=\"724\" height=\"1024\" src=\"https:\/\/marcali.plebania.hu\/wp-content\/uploads\/2025\/05\/Miert-hiszek-Lanyi-Bela-SVD-724x1024.jpg\" alt=\"\" class=\"wp-image-7218\" srcset=\"https:\/\/marcali.plebania.hu\/wp-content\/uploads\/2025\/05\/Miert-hiszek-Lanyi-Bela-SVD-724x1024.jpg 724w, https:\/\/marcali.plebania.hu\/wp-content\/uploads\/2025\/05\/Miert-hiszek-Lanyi-Bela-SVD-212x300.jpg 212w, https:\/\/marcali.plebania.hu\/wp-content\/uploads\/2025\/05\/Miert-hiszek-Lanyi-Bela-SVD-768x1086.jpg 768w, https:\/\/marcali.plebania.hu\/wp-content\/uploads\/2025\/05\/Miert-hiszek-Lanyi-Bela-SVD-1086x1536.jpg 1086w, https:\/\/marcali.plebania.hu\/wp-content\/uploads\/2025\/05\/Miert-hiszek-Lanyi-Bela-SVD-1448x2048.jpg 1448w, https:\/\/marcali.plebania.hu\/wp-content\/uploads\/2025\/05\/Miert-hiszek-Lanyi-Bela-SVD-191x270.jpg 191w, https:\/\/marcali.plebania.hu\/wp-content\/uploads\/2025\/05\/Miert-hiszek-Lanyi-Bela-SVD-scaled.jpg 1811w\" sizes=\"auto, (max-width: 724px) 100vw, 724px\" \/><\/figure>\n<\/div>","protected":false},"excerpt":{"rendered":"<p>H\u00fasv\u00e9t 4. vas\u00e1rnapja<\/p>\n","protected":false},"author":1,"featured_media":0,"comment_status":"closed","ping_status":"open","sticky":false,"template":"","format":"standard","meta":{"footnotes":""},"categories":[3],"tags":[],"class_list":["post-7215","post","type-post","status-publish","format-standard","hentry","category-hirdetesek"],"_links":{"self":[{"href":"https:\/\/marcali.plebania.hu\/index.php?rest_route=\/wp\/v2\/posts\/7215","targetHints":{"allow":["GET"]}}],"collection":[{"href":"https:\/\/marcali.plebania.hu\/index.php?rest_route=\/wp\/v2\/posts"}],"about":[{"href":"https:\/\/marcali.plebania.hu\/index.php?rest_route=\/wp\/v2\/types\/post"}],"author":[{"embeddable":true,"href":"https:\/\/marcali.plebania.hu\/index.php?rest_route=\/wp\/v2\/users\/1"}],"replies":[{"embeddable":true,"href":"https:\/\/marcali.plebania.hu\/index.php?rest_route=%2Fwp%2Fv2%2Fcomments&post=7215"}],"version-history":[{"count":1,"href":"https:\/\/marcali.plebania.hu\/index.php?rest_route=\/wp\/v2\/posts\/7215\/revisions"}],"predecessor-version":[{"id":7219,"href":"https:\/\/marcali.plebania.hu\/index.php?rest_route=\/wp\/v2\/posts\/7215\/revisions\/7219"}],"wp:attachment":[{"href":"https:\/\/marcali.plebania.hu\/index.php?rest_route=%2Fwp%2Fv2%2Fmedia&parent=7215"}],"wp:term":[{"taxonomy":"category","embeddable":true,"href":"https:\/\/marcali.plebania.hu\/index.php?rest_route=%2Fwp%2Fv2%2Fcategories&post=7215"},{"taxonomy":"post_tag","embeddable":true,"href":"https:\/\/marcali.plebania.hu\/index.php?rest_route=%2Fwp%2Fv2%2Ftags&post=7215"}],"curies":[{"name":"wp","href":"https:\/\/api.w.org\/{rel}","templated":true}]}}