{"id":7244,"date":"2025-05-17T14:42:20","date_gmt":"2025-05-17T14:42:20","guid":{"rendered":"https:\/\/marcali.plebania.hu\/?p=7244"},"modified":"2025-05-17T19:31:58","modified_gmt":"2025-05-17T19:31:58","slug":"hirdetesek-2025-majus-18-an","status":"publish","type":"post","link":"https:\/\/marcali.plebania.hu\/?p=7244","title":{"rendered":"Hirdet\u00e9sek 2025. m\u00e1jus 18-\u00e1n"},"content":{"rendered":"\n<p><a href=\"https:\/\/igenaptar.katolikus.hu\/nap\/index.php?holnap=2025-05-18\" target=\"_blank\" rel=\"noreferrer noopener\"><u>H\u00fasv\u00e9t 5. vas\u00e1rnapja<\/u><\/a><\/p>\n\n\n\n<ol start=\"1\" class=\"wp-block-list\">\n<li>M\u00e1jusban az esti mis\u00e9k el\u0151tti negyed \u00f3r\u00e1ban (17:15-t\u0151l) <strong>loret\u00f3i lit\u00e1ni\u00e1t<\/strong> im\u00e1dkozunk a templomokban, p\u00e9nteken a szents\u00e9gim\u00e1d\u00e1s el\u0151tt (16:45-t\u0151l).<\/li>\n\n\n\n<li>A <strong>F\u00e9rfi k\u00f6r <\/strong>tagjait<strong> <\/strong>szerd\u00e1n 18:00-ra h\u00edvjuk a pl\u00e9b\u00e1ni\u00e1ra.<\/li>\n\n\n\n<li>Az <strong>els\u0151\u00e1ldoz\u00f3k gy\u00f3n\u00e1sa<\/strong> cs\u00fct\u00f6rt\u00f6k\u00f6n 16 \u00f3rakor kezd\u0151dik a pl\u00e9b\u00e1niatemplomban.<\/li>\n\n\n\n<li>A <strong>t\u00e1rsast\u00e1nc-iskola<\/strong> k\u00f6vetkez\u0151 alkalma cs\u00fct\u00f6rt\u00f6k\u00f6n 18:15-kor kezd\u0151dik az X-h\u00e1zban (D\u00f3zsa Gy. u. 3.). Ha valaki \u00fajonnan csatlakozna, egy\u00e9nileg vagy p\u00e1rj\u00e1val egy\u00fctt, k\u00e9rj\u00fck, jelezze az irod\u00e1n (marcaliplebania@gmail.com).<\/li>\n\n\n\n<li>A p\u00e9ntek esti <strong>r\u00f3zsaf\u00fcz\u00e9r<\/strong>-im\u00e1dkoz\u00e1s a b\u00e9k\u00e9\u00e9rt 21:00-kor kezd\u0151dik a pl\u00e9b\u00e1niatemplomban.<\/li>\n\n\n\n<li>J\u00f6v\u0151 vas\u00e1rnap 11 \u00f3rakor az Orb\u00e1n-k\u00e1poln\u00e1ban b\u00facs\u00fai szentmise kezd\u0151dik, ut\u00e1na agap\u00e9val v\u00e1rjuk a h\u00edveket, melyhez s\u00fctem\u00e9nyt \u00e9s pog\u00e1cs\u00e1t k\u00f6sz\u00f6nettel fogadunk. (Biz\u00e9n nem lesz szentmise.)<\/li>\n\n\n\n<li>\u201e<strong>Mi\u00e9rt hiszek?<\/strong>\u201d-sorozatunk k\u00f6vetkez\u0151 alkalm\u00e1ra m\u00e1jus 29-\u00e9n ker\u00fcl sor. Vend\u00e9g\u00fcnk L\u00e1nyi B\u00e9la verbita szerzetes, aki 18:15-kor kezdi el\u0151ad\u00e1s\u00e1t, tan\u00fas\u00e1gt\u00e9tel\u00e9t az X-h\u00e1zban. Szeretettel h\u00edvjuk az \u00e9rdekl\u0151d\u0151ket. A bel\u00e9p\u00e9s d\u00edjtalan, de a cebui gyermekotthon (F\u00fcl\u00f6p-szigetek) jav\u00e1ra adom\u00e1nyokat k\u00f6sz\u00f6nettel fogadunk.<\/li>\n\n\n\n<li>J\u00fanius 8-\u00e1n, p\u00fcnk\u00f6sdvas\u00e1rnap, <strong>pl\u00e9b\u00e1niai nap<\/strong>ra h\u00edvjuk k\u00f6z\u00f6ss\u00e9g\u00fcnk minden tagj\u00e1t \u00e9s az \u00e9rdekl\u0151d\u0151ket az X-h\u00e1zhoz. 13:30-t\u00f3l k\u00fcl\u00f6nf\u00e9le programokba lehet bekapcsol\u00f3dni: t\u00f6bbek k\u00f6z\u00f6tt f\u0151z\u0151verseny, p\u00fcnk\u00f6sdi TaKi-tal\u00e1lkoz\u00f3, pingpong \u00e9s csocs\u00f3, k\u00e9zm\u0171ves foglalkoz\u00e1s, valamint a hittanos rajzverseny eredm\u00e9nyhirdet\u00e9se is ekkor lesz. A gyerekek alkot\u00e1saib\u00f3l ki\u00e1ll\u00edt\u00e1s ny\u00edlik. K\u00e9rj\u00fck, a f\u0151z\u0151versenyen indul\u00f3 csapatok az <a href=\"https:\/\/forms.gle\/3DWGWkpd34NSmhvNA\" target=\"_blank\" rel=\"noreferrer noopener\"><u>\u0171rlap<\/u><\/a> kit\u00f6lt\u00e9s\u00e9vel vagy az irod\u00e1n jelentkezzenek szerd\u00e1ig. A szervez\u00e9s megk\u00f6nny\u00edt\u00e9se \u00e9rdek\u00e9ben azok jelentkez\u00e9s\u00e9t is v\u00e1rjuk, akik sz\u00edvesen enn\u00e9nek az ott k\u00e9sz\u00fclt \u00e9telekb\u0151l. Csal\u00e1donk\u00e9nt, csoportonk\u00e9nt el\u00e9g egy regisztr\u00e1ci\u00f3.<\/li>\n\n\n\n<li>Aznap (j\u00fan. 8.) este 8 \u00f3r\u00e1t\u00f3l pedig <strong>batyus b\u00e1l <\/strong>lesz az X-h\u00e1zban \u00e9s udvar\u00e1n, melynek bev\u00e9tel\u00e9b\u0151l az X-h\u00e1z fel\u00faj\u00edt\u00e1s\u00e1t szeretn\u00e9nk t\u00e1mogatni. A b\u00e1lon Gazda Tam\u00e1s fog zen\u00e9lni. A b\u00e1lra jegyeket el\u0151v\u00e9telben Kocza Anit\u00e1n\u00e1l lehet megv\u00e1s\u00e1rolni (min. 3000 Ft adom\u00e1ny).<\/li>\n\n\n\n<li>A pl\u00e9b\u00e1niai <strong>napk\u00f6zis t\u00e1bor<\/strong>ra (j\u00falius 14-18.) j\u00fanius 15-ig v\u00e1rjuk a jelentkez\u00e9seket az <a href=\"https:\/\/forms.gle\/23A7wYyHTZ3RRABX7\" target=\"_blank\" rel=\"noreferrer noopener\"><u>\u0171rlapon<\/u><\/a>. K\u00f6sz\u00f6nj\u00fck az eddigi jelentkez\u00e9seket.<\/li>\n<\/ol>\n\n\n\n<hr class=\"wp-block-separator has-alpha-channel-opacity\"\/>\n\n\n<div class=\"wp-block-image\">\n<figure class=\"aligncenter size-large\"><img loading=\"lazy\" decoding=\"async\" width=\"1024\" height=\"646\" src=\"https:\/\/marcali.plebania.hu\/wp-content\/uploads\/2025\/05\/250518-1-1024x646.png\" alt=\"\" class=\"wp-image-7250\" srcset=\"https:\/\/marcali.plebania.hu\/wp-content\/uploads\/2025\/05\/250518-1-1024x646.png 1024w, https:\/\/marcali.plebania.hu\/wp-content\/uploads\/2025\/05\/250518-1-300x189.png 300w, https:\/\/marcali.plebania.hu\/wp-content\/uploads\/2025\/05\/250518-1-768x484.png 768w, https:\/\/marcali.plebania.hu\/wp-content\/uploads\/2025\/05\/250518-1-428x270.png 428w, https:\/\/marcali.plebania.hu\/wp-content\/uploads\/2025\/05\/250518-1.png 1465w\" sizes=\"auto, (max-width: 1024px) 100vw, 1024px\" \/><\/figure>\n<\/div>\n\n\n<hr class=\"wp-block-separator has-alpha-channel-opacity\"\/>\n\n\n<div class=\"wp-block-image\">\n<figure class=\"aligncenter size-large\"><img loading=\"lazy\" decoding=\"async\" width=\"724\" height=\"1024\" src=\"https:\/\/marcali.plebania.hu\/wp-content\/uploads\/2025\/05\/1000004994-724x1024.jpg\" alt=\"\" class=\"wp-image-7213\" srcset=\"https:\/\/marcali.plebania.hu\/wp-content\/uploads\/2025\/05\/1000004994-724x1024.jpg 724w, https:\/\/marcali.plebania.hu\/wp-content\/uploads\/2025\/05\/1000004994-212x300.jpg 212w, https:\/\/marcali.plebania.hu\/wp-content\/uploads\/2025\/05\/1000004994-768x1086.jpg 768w, https:\/\/marcali.plebania.hu\/wp-content\/uploads\/2025\/05\/1000004994-1086x1536.jpg 1086w, https:\/\/marcali.plebania.hu\/wp-content\/uploads\/2025\/05\/1000004994-1448x2048.jpg 1448w, https:\/\/marcali.plebania.hu\/wp-content\/uploads\/2025\/05\/1000004994-191x270.jpg 191w, https:\/\/marcali.plebania.hu\/wp-content\/uploads\/2025\/05\/1000004994-scaled.jpg 1810w\" sizes=\"auto, (max-width: 724px) 100vw, 724px\" \/><\/figure>\n<\/div>\n\n<div class=\"wp-block-image\">\n<figure class=\"aligncenter size-large\"><img loading=\"lazy\" decoding=\"async\" width=\"724\" height=\"1024\" src=\"https:\/\/marcali.plebania.hu\/wp-content\/uploads\/2025\/05\/Miert-hiszek-Lanyi-Bela-SVD-724x1024.jpg\" alt=\"\" class=\"wp-image-7218\" srcset=\"https:\/\/marcali.plebania.hu\/wp-content\/uploads\/2025\/05\/Miert-hiszek-Lanyi-Bela-SVD-724x1024.jpg 724w, https:\/\/marcali.plebania.hu\/wp-content\/uploads\/2025\/05\/Miert-hiszek-Lanyi-Bela-SVD-212x300.jpg 212w, https:\/\/marcali.plebania.hu\/wp-content\/uploads\/2025\/05\/Miert-hiszek-Lanyi-Bela-SVD-768x1086.jpg 768w, https:\/\/marcali.plebania.hu\/wp-content\/uploads\/2025\/05\/Miert-hiszek-Lanyi-Bela-SVD-1086x1536.jpg 1086w, https:\/\/marcali.plebania.hu\/wp-content\/uploads\/2025\/05\/Miert-hiszek-Lanyi-Bela-SVD-1448x2048.jpg 1448w, https:\/\/marcali.plebania.hu\/wp-content\/uploads\/2025\/05\/Miert-hiszek-Lanyi-Bela-SVD-191x270.jpg 191w, https:\/\/marcali.plebania.hu\/wp-content\/uploads\/2025\/05\/Miert-hiszek-Lanyi-Bela-SVD-scaled.jpg 1811w\" sizes=\"auto, (max-width: 724px) 100vw, 724px\" \/><\/figure>\n<\/div>","protected":false},"excerpt":{"rendered":"<p>H\u00fasv\u00e9t 5. vas\u00e1rnapja<\/p>\n","protected":false},"author":1,"featured_media":0,"comment_status":"closed","ping_status":"open","sticky":false,"template":"","format":"standard","meta":{"footnotes":""},"categories":[3],"tags":[],"class_list":["post-7244","post","type-post","status-publish","format-standard","hentry","category-hirdetesek"],"_links":{"self":[{"href":"https:\/\/marcali.plebania.hu\/index.php?rest_route=\/wp\/v2\/posts\/7244","targetHints":{"allow":["GET"]}}],"collection":[{"href":"https:\/\/marcali.plebania.hu\/index.php?rest_route=\/wp\/v2\/posts"}],"about":[{"href":"https:\/\/marcali.plebania.hu\/index.php?rest_route=\/wp\/v2\/types\/post"}],"author":[{"embeddable":true,"href":"https:\/\/marcali.plebania.hu\/index.php?rest_route=\/wp\/v2\/users\/1"}],"replies":[{"embeddable":true,"href":"https:\/\/marcali.plebania.hu\/index.php?rest_route=%2Fwp%2Fv2%2Fcomments&post=7244"}],"version-history":[{"count":4,"href":"https:\/\/marcali.plebania.hu\/index.php?rest_route=\/wp\/v2\/posts\/7244\/revisions"}],"predecessor-version":[{"id":7251,"href":"https:\/\/marcali.plebania.hu\/index.php?rest_route=\/wp\/v2\/posts\/7244\/revisions\/7251"}],"wp:attachment":[{"href":"https:\/\/marcali.plebania.hu\/index.php?rest_route=%2Fwp%2Fv2%2Fmedia&parent=7244"}],"wp:term":[{"taxonomy":"category","embeddable":true,"href":"https:\/\/marcali.plebania.hu\/index.php?rest_route=%2Fwp%2Fv2%2Fcategories&post=7244"},{"taxonomy":"post_tag","embeddable":true,"href":"https:\/\/marcali.plebania.hu\/index.php?rest_route=%2Fwp%2Fv2%2Ftags&post=7244"}],"curies":[{"name":"wp","href":"https:\/\/api.w.org\/{rel}","templated":true}]}}