{"id":7260,"date":"2025-05-24T21:54:13","date_gmt":"2025-05-24T21:54:13","guid":{"rendered":"https:\/\/marcali.plebania.hu\/?p=7260"},"modified":"2025-05-24T22:03:11","modified_gmt":"2025-05-24T22:03:11","slug":"hirdetesek-2025-majus-25-en","status":"publish","type":"post","link":"https:\/\/marcali.plebania.hu\/?p=7260","title":{"rendered":"Hirdet\u00e9sek 2025. m\u00e1jus 25-\u00e9n"},"content":{"rendered":"\n<p><a href=\"https:\/\/igenaptar.katolikus.hu\/nap\/index.php?holnap=2025-05-25\" target=\"_blank\" rel=\"noreferrer noopener\"><u>H\u00fasv\u00e9t 6. vas\u00e1rnapja<\/u><\/a><\/p>\n\n\n\n<ol start=\"1\" class=\"wp-block-list\">\n<li>A <strong>Feln\u0151tt hittan, szents\u00e9gi felk\u00e9sz\u00edt\u0151 <\/strong><span style=\"text-decoration: underline;\">szerd\u00e1n<\/span> 18:00-kor kezd\u0151dik a pl\u00e9b\u00e1ni\u00e1n.<\/li>\n\n\n\n<li>A <strong>lelki adopt\u00e1l\u00f3k<\/strong>at<strong> <\/strong><span style=\"text-decoration: underline;\">cs\u00fct\u00f6rt\u00f6k\u00f6n<\/span> 17:00-ra h\u00edvjuk a templomba a m\u00e1jusi tal\u00e1lkoz\u00f3ra.<\/li>\n\n\n\n<li>Szeretettel h\u00edvunk minden \u00e9rdekl\u0151d\u0151t \u201e<strong>Mi\u00e9rt hiszek?<\/strong>\u201d-sorozatunk k\u00f6vetkez\u0151 alkalm\u00e1ra: vend\u00e9g\u00fcnk L\u00e1nyi B\u00e9la verbita szerzetes, aki <span style=\"text-decoration: underline;\">cs\u00fct\u00f6rt\u00f6k\u00f6n<\/span> 18:15-kor kezdi el\u0151ad\u00e1s\u00e1t, tan\u00fas\u00e1gt\u00e9tel\u00e9t az X-h\u00e1zban. A bel\u00e9p\u00e9s d\u00edjtalan, de a cebui gyermekotthon (F\u00fcl\u00f6p-szigetek) jav\u00e1ra adom\u00e1nyokat k\u00f6sz\u00f6nettel fogadunk.<\/li>\n\n\n\n<li>J\u00f6v\u0151 <span style=\"text-decoration: underline;\">vas\u00e1rnap<\/span> 9 \u00f3rakor kezd\u0151dik az <strong>els\u0151\u00e1ldoz\u00e1s<\/strong>. Mivel sokan lesznek az els\u0151\u00e1ldoz\u00f3k \u00e9s a vel\u00fck \u00fcnnepl\u0151k, szeretettel aj\u00e1nljuk a t\u00f6bbi h\u00e9tv\u00e9gi szentmis\u00e9t is azok figyelm\u00e9be, akiknek fontos az \u00fcl\u0151hely a templomban.<\/li>\n\n\n\n<li><strong>Pl\u00e9b\u00e1niai nap<\/strong>ra h\u00edvjuk k\u00f6z\u00f6ss\u00e9g\u00fcnk minden tagj\u00e1t \u00e9s az \u00e9rdekl\u0151d\u0151ket <span style=\"text-decoration: underline;\">p\u00fcnk\u00f6sdvas\u00e1rnap<\/span> (j\u00fan. 8.) az X-h\u00e1zhoz (D\u00f3zsa u. 3.). 13:30-t\u00f3l k\u00fcl\u00f6nf\u00e9le programokba lehet bekapcsol\u00f3dni: f\u0151z\u0151verseny, kv\u00edz koroszt\u00e1lyok szerint, pingpong \u00e9s csocs\u00f3, k\u00e9zm\u0171ves foglalkoz\u00e1s, valamint a hittanos rajzverseny eredm\u00e9nyhirdet\u00e9se is ekkor lesz. A gyerekek alkot\u00e1saib\u00f3l ki\u00e1ll\u00edt\u00e1s ny\u00edlik. A f\u0151z\u0151versenyen indul\u00f3 csapatok az <a href=\"https:\/\/forms.gle\/3DWGWkpd34NSmhvNA\" target=\"_blank\" rel=\"noreferrer noopener\"><u>\u0171rlap<\/u><\/a> kit\u00f6lt\u00e9s\u00e9vel vagy az irod\u00e1n jelentkezhetnek. A szervez\u00e9s megk\u00f6nny\u00edt\u00e9se \u00e9rdek\u00e9ben azok jelentkez\u00e9s\u00e9t is v\u00e1rjuk, akik sz\u00edvesen enn\u00e9nek az ott k\u00e9sz\u00fclt \u00e9telekb\u0151l. Csal\u00e1donk\u00e9nt, csoportonk\u00e9nt el\u00e9g egy regisztr\u00e1ci\u00f3.<\/li>\n\n\n\n<li>Aznap (<span style=\"text-decoration: underline;\">j\u00fan. 8.<\/span>) 20:00-t\u00f3l <strong>batyus b\u00e1l <\/strong>lesz az X-h\u00e1zban \u00e9s udvar\u00e1n, melynek bev\u00e9tel\u00e9b\u0151l az X-h\u00e1z fel\u00faj\u00edt\u00e1s\u00e1t szeretn\u00e9nk t\u00e1mogatni. A b\u00e1lon Gazda Tam\u00e1s fog zen\u00e9lni. A b\u00e1lra jegyeket el\u0151v\u00e9telben Kocza Anit\u00e1n\u00e1l lehet megv\u00e1s\u00e1rolni (min. 3000 Ft adom\u00e1ny).<\/li>\n\n\n\n<li>A pl\u00e9b\u00e1niai <strong>napk\u00f6zis t\u00e1bor<\/strong>ra (j\u00falius 14-18.) j\u00fanius 15-ig v\u00e1rjuk a jelentkez\u00e9seket ezen az <a href=\"https:\/\/forms.gle\/23A7wYyHTZ3RRABX7\" target=\"_blank\" rel=\"noreferrer noopener\"><u>\u0171rlapon<\/u><\/a>. K\u00f6sz\u00f6nj\u00fck az eddigi jelentkez\u00e9seket.<\/li>\n<\/ol>\n\n\n\n<hr class=\"wp-block-separator has-alpha-channel-opacity\"\/>\n\n\n<div class=\"wp-block-image\">\n<figure class=\"aligncenter size-large\"><img loading=\"lazy\" decoding=\"async\" width=\"1024\" height=\"665\" src=\"https:\/\/marcali.plebania.hu\/wp-content\/uploads\/2025\/05\/250525-1-1024x665.png\" alt=\"\" class=\"wp-image-7263\" srcset=\"https:\/\/marcali.plebania.hu\/wp-content\/uploads\/2025\/05\/250525-1-1024x665.png 1024w, https:\/\/marcali.plebania.hu\/wp-content\/uploads\/2025\/05\/250525-1-300x195.png 300w, https:\/\/marcali.plebania.hu\/wp-content\/uploads\/2025\/05\/250525-1-768x499.png 768w, https:\/\/marcali.plebania.hu\/wp-content\/uploads\/2025\/05\/250525-1-1536x997.png 1536w, https:\/\/marcali.plebania.hu\/wp-content\/uploads\/2025\/05\/250525-1-416x270.png 416w, https:\/\/marcali.plebania.hu\/wp-content\/uploads\/2025\/05\/250525-1.png 1656w\" sizes=\"auto, (max-width: 1024px) 100vw, 1024px\" \/><\/figure>\n<\/div>\n\n\n<hr class=\"wp-block-separator has-alpha-channel-opacity\"\/>\n\n\n<div class=\"wp-block-image\">\n<figure class=\"aligncenter size-large\"><img loading=\"lazy\" decoding=\"async\" width=\"724\" height=\"1024\" src=\"https:\/\/marcali.plebania.hu\/wp-content\/uploads\/2025\/05\/PLEBANIAI_NAP_MARCALI_2025-724x1024.jpg\" alt=\"\" class=\"wp-image-7257\" srcset=\"https:\/\/marcali.plebania.hu\/wp-content\/uploads\/2025\/05\/PLEBANIAI_NAP_MARCALI_2025-724x1024.jpg 724w, https:\/\/marcali.plebania.hu\/wp-content\/uploads\/2025\/05\/PLEBANIAI_NAP_MARCALI_2025-212x300.jpg 212w, https:\/\/marcali.plebania.hu\/wp-content\/uploads\/2025\/05\/PLEBANIAI_NAP_MARCALI_2025-768x1086.jpg 768w, https:\/\/marcali.plebania.hu\/wp-content\/uploads\/2025\/05\/PLEBANIAI_NAP_MARCALI_2025-1086x1536.jpg 1086w, https:\/\/marcali.plebania.hu\/wp-content\/uploads\/2025\/05\/PLEBANIAI_NAP_MARCALI_2025-1448x2048.jpg 1448w, https:\/\/marcali.plebania.hu\/wp-content\/uploads\/2025\/05\/PLEBANIAI_NAP_MARCALI_2025-191x270.jpg 191w, https:\/\/marcali.plebania.hu\/wp-content\/uploads\/2025\/05\/PLEBANIAI_NAP_MARCALI_2025-scaled.jpg 1811w\" sizes=\"auto, (max-width: 724px) 100vw, 724px\" \/><\/figure>\n<\/div>\n\n<div class=\"wp-block-image\">\n<figure class=\"aligncenter size-large\"><img loading=\"lazy\" decoding=\"async\" width=\"724\" height=\"1024\" src=\"https:\/\/marcali.plebania.hu\/wp-content\/uploads\/2025\/05\/1000004994-724x1024.jpg\" alt=\"\" class=\"wp-image-7213\" srcset=\"https:\/\/marcali.plebania.hu\/wp-content\/uploads\/2025\/05\/1000004994-724x1024.jpg 724w, https:\/\/marcali.plebania.hu\/wp-content\/uploads\/2025\/05\/1000004994-212x300.jpg 212w, https:\/\/marcali.plebania.hu\/wp-content\/uploads\/2025\/05\/1000004994-768x1086.jpg 768w, https:\/\/marcali.plebania.hu\/wp-content\/uploads\/2025\/05\/1000004994-1086x1536.jpg 1086w, https:\/\/marcali.plebania.hu\/wp-content\/uploads\/2025\/05\/1000004994-1448x2048.jpg 1448w, https:\/\/marcali.plebania.hu\/wp-content\/uploads\/2025\/05\/1000004994-191x270.jpg 191w, https:\/\/marcali.plebania.hu\/wp-content\/uploads\/2025\/05\/1000004994-scaled.jpg 1810w\" sizes=\"auto, (max-width: 724px) 100vw, 724px\" \/><\/figure>\n<\/div>\n\n\n<figure class=\"wp-block-gallery has-nested-images columns-default is-cropped wp-block-gallery-1 is-layout-flex wp-block-gallery-is-layout-flex\">\n<figure class=\"wp-block-image size-large\"><img loading=\"lazy\" decoding=\"async\" width=\"724\" height=\"1024\" data-id=\"7252\" src=\"https:\/\/marcali.plebania.hu\/wp-content\/uploads\/2025\/05\/Andocs-25.06-724x1024.jpg\" alt=\"\" class=\"wp-image-7252\" srcset=\"https:\/\/marcali.plebania.hu\/wp-content\/uploads\/2025\/05\/Andocs-25.06-724x1024.jpg 724w, https:\/\/marcali.plebania.hu\/wp-content\/uploads\/2025\/05\/Andocs-25.06-212x300.jpg 212w, https:\/\/marcali.plebania.hu\/wp-content\/uploads\/2025\/05\/Andocs-25.06-768x1086.jpg 768w, https:\/\/marcali.plebania.hu\/wp-content\/uploads\/2025\/05\/Andocs-25.06-1086x1536.jpg 1086w, https:\/\/marcali.plebania.hu\/wp-content\/uploads\/2025\/05\/Andocs-25.06-1448x2048.jpg 1448w, https:\/\/marcali.plebania.hu\/wp-content\/uploads\/2025\/05\/Andocs-25.06-191x270.jpg 191w, https:\/\/marcali.plebania.hu\/wp-content\/uploads\/2025\/05\/Andocs-25.06.jpg 1587w\" sizes=\"auto, (max-width: 724px) 100vw, 724px\" \/><\/figure>\n\n\n\n<figure class=\"wp-block-image size-large\"><img loading=\"lazy\" decoding=\"async\" width=\"724\" height=\"1024\" data-id=\"7228\" src=\"https:\/\/marcali.plebania.hu\/wp-content\/uploads\/2025\/05\/Miert-hiszek-Lanyi-Bela-SVD-1-724x1024.jpg\" alt=\"\" class=\"wp-image-7228\" srcset=\"https:\/\/marcali.plebania.hu\/wp-content\/uploads\/2025\/05\/Miert-hiszek-Lanyi-Bela-SVD-1-724x1024.jpg 724w, https:\/\/marcali.plebania.hu\/wp-content\/uploads\/2025\/05\/Miert-hiszek-Lanyi-Bela-SVD-1-212x300.jpg 212w, https:\/\/marcali.plebania.hu\/wp-content\/uploads\/2025\/05\/Miert-hiszek-Lanyi-Bela-SVD-1-768x1086.jpg 768w, https:\/\/marcali.plebania.hu\/wp-content\/uploads\/2025\/05\/Miert-hiszek-Lanyi-Bela-SVD-1-1086x1536.jpg 1086w, https:\/\/marcali.plebania.hu\/wp-content\/uploads\/2025\/05\/Miert-hiszek-Lanyi-Bela-SVD-1-1448x2048.jpg 1448w, https:\/\/marcali.plebania.hu\/wp-content\/uploads\/2025\/05\/Miert-hiszek-Lanyi-Bela-SVD-1-191x270.jpg 191w, https:\/\/marcali.plebania.hu\/wp-content\/uploads\/2025\/05\/Miert-hiszek-Lanyi-Bela-SVD-1-scaled.jpg 1811w\" sizes=\"auto, (max-width: 724px) 100vw, 724px\" \/><\/figure>\n<\/figure>\n","protected":false},"excerpt":{"rendered":"<p>H\u00fasv\u00e9t 6. vas\u00e1rnapja<\/p>\n","protected":false},"author":1,"featured_media":0,"comment_status":"closed","ping_status":"open","sticky":false,"template":"","format":"standard","meta":{"footnotes":""},"categories":[3],"tags":[],"class_list":["post-7260","post","type-post","status-publish","format-standard","hentry","category-hirdetesek"],"_links":{"self":[{"href":"https:\/\/marcali.plebania.hu\/index.php?rest_route=\/wp\/v2\/posts\/7260","targetHints":{"allow":["GET"]}}],"collection":[{"href":"https:\/\/marcali.plebania.hu\/index.php?rest_route=\/wp\/v2\/posts"}],"about":[{"href":"https:\/\/marcali.plebania.hu\/index.php?rest_route=\/wp\/v2\/types\/post"}],"author":[{"embeddable":true,"href":"https:\/\/marcali.plebania.hu\/index.php?rest_route=\/wp\/v2\/users\/1"}],"replies":[{"embeddable":true,"href":"https:\/\/marcali.plebania.hu\/index.php?rest_route=%2Fwp%2Fv2%2Fcomments&post=7260"}],"version-history":[{"count":3,"href":"https:\/\/marcali.plebania.hu\/index.php?rest_route=\/wp\/v2\/posts\/7260\/revisions"}],"predecessor-version":[{"id":7266,"href":"https:\/\/marcali.plebania.hu\/index.php?rest_route=\/wp\/v2\/posts\/7260\/revisions\/7266"}],"wp:attachment":[{"href":"https:\/\/marcali.plebania.hu\/index.php?rest_route=%2Fwp%2Fv2%2Fmedia&parent=7260"}],"wp:term":[{"taxonomy":"category","embeddable":true,"href":"https:\/\/marcali.plebania.hu\/index.php?rest_route=%2Fwp%2Fv2%2Fcategories&post=7260"},{"taxonomy":"post_tag","embeddable":true,"href":"https:\/\/marcali.plebania.hu\/index.php?rest_route=%2Fwp%2Fv2%2Ftags&post=7260"}],"curies":[{"name":"wp","href":"https:\/\/api.w.org\/{rel}","templated":true}]}}