{"id":7268,"date":"2025-05-27T09:21:05","date_gmt":"2025-05-27T09:21:05","guid":{"rendered":"https:\/\/marcali.plebania.hu\/?p=7268"},"modified":"2025-05-27T09:21:05","modified_gmt":"2025-05-27T09:21:05","slug":"2025-evi-bucsui-szentmise-az-orban-kapolnaban","status":"publish","type":"post","link":"https:\/\/marcali.plebania.hu\/?p=7268","title":{"rendered":"2025 \u00e9vi b\u00facs\u00fai szentmise az Orb\u00e1n k\u00e1poln\u00e1ban"},"content":{"rendered":"\n<p>2025. m\u00e1jus 25-\u00e9n, vas\u00e1rnap 11 \u00f3rakor az Orb\u00e1n k\u00e1poln\u00e1ban tartott\u00e1k meg az idei b\u00facs\u00fai szentmis\u00e9t, melyet Tomanek Ferenc \u00c1ron pl\u00e9b\u00e1nos mutatott be a jelenl\u00e9v\u0151 h\u00edveknek. \u00c9nekekkel k\u00f6zrem\u0171k\u00f6d\u00f6tt Balogh B\u00e1lint k\u00e1ntor.<\/p>\n\n\n\n<figure class=\"wp-block-gallery has-nested-images columns-default is-cropped wp-block-gallery-1 is-layout-flex wp-block-gallery-is-layout-flex\">\n<figure class=\"wp-block-image size-large\"><img loading=\"lazy\" decoding=\"async\" width=\"1024\" height=\"683\" data-id=\"7270\" src=\"https:\/\/marcali.plebania.hu\/wp-content\/uploads\/2025\/05\/02-1024x683.jpg\" alt=\"\" class=\"wp-image-7270\" srcset=\"https:\/\/marcali.plebania.hu\/wp-content\/uploads\/2025\/05\/02-1024x683.jpg 1024w, https:\/\/marcali.plebania.hu\/wp-content\/uploads\/2025\/05\/02-300x200.jpg 300w, https:\/\/marcali.plebania.hu\/wp-content\/uploads\/2025\/05\/02-768x512.jpg 768w, https:\/\/marcali.plebania.hu\/wp-content\/uploads\/2025\/05\/02-1536x1024.jpg 1536w, https:\/\/marcali.plebania.hu\/wp-content\/uploads\/2025\/05\/02-2048x1365.jpg 2048w, https:\/\/marcali.plebania.hu\/wp-content\/uploads\/2025\/05\/02-405x270.jpg 405w\" sizes=\"auto, (max-width: 1024px) 100vw, 1024px\" \/><\/figure>\n\n\n\n<figure class=\"wp-block-image size-large\"><img loading=\"lazy\" decoding=\"async\" width=\"1024\" height=\"683\" data-id=\"7272\" src=\"https:\/\/marcali.plebania.hu\/wp-content\/uploads\/2025\/05\/03-1024x683.jpg\" alt=\"\" class=\"wp-image-7272\" srcset=\"https:\/\/marcali.plebania.hu\/wp-content\/uploads\/2025\/05\/03-1024x683.jpg 1024w, https:\/\/marcali.plebania.hu\/wp-content\/uploads\/2025\/05\/03-300x200.jpg 300w, https:\/\/marcali.plebania.hu\/wp-content\/uploads\/2025\/05\/03-768x512.jpg 768w, https:\/\/marcali.plebania.hu\/wp-content\/uploads\/2025\/05\/03-1536x1024.jpg 1536w, https:\/\/marcali.plebania.hu\/wp-content\/uploads\/2025\/05\/03-2048x1365.jpg 2048w, https:\/\/marcali.plebania.hu\/wp-content\/uploads\/2025\/05\/03-405x270.jpg 405w\" sizes=\"auto, (max-width: 1024px) 100vw, 1024px\" \/><\/figure>\n\n\n\n<figure class=\"wp-block-image size-large\"><img loading=\"lazy\" decoding=\"async\" width=\"1024\" height=\"683\" data-id=\"7273\" src=\"https:\/\/marcali.plebania.hu\/wp-content\/uploads\/2025\/05\/05-1024x683.jpg\" alt=\"\" class=\"wp-image-7273\" srcset=\"https:\/\/marcali.plebania.hu\/wp-content\/uploads\/2025\/05\/05-1024x683.jpg 1024w, https:\/\/marcali.plebania.hu\/wp-content\/uploads\/2025\/05\/05-300x200.jpg 300w, https:\/\/marcali.plebania.hu\/wp-content\/uploads\/2025\/05\/05-768x512.jpg 768w, https:\/\/marcali.plebania.hu\/wp-content\/uploads\/2025\/05\/05-1536x1024.jpg 1536w, https:\/\/marcali.plebania.hu\/wp-content\/uploads\/2025\/05\/05-2048x1365.jpg 2048w, https:\/\/marcali.plebania.hu\/wp-content\/uploads\/2025\/05\/05-405x270.jpg 405w\" sizes=\"auto, (max-width: 1024px) 100vw, 1024px\" \/><\/figure>\n\n\n\n<figure class=\"wp-block-image size-large\"><img loading=\"lazy\" decoding=\"async\" width=\"1024\" height=\"683\" data-id=\"7271\" src=\"https:\/\/marcali.plebania.hu\/wp-content\/uploads\/2025\/05\/04-1024x683.jpg\" alt=\"\" class=\"wp-image-7271\" srcset=\"https:\/\/marcali.plebania.hu\/wp-content\/uploads\/2025\/05\/04-1024x683.jpg 1024w, https:\/\/marcali.plebania.hu\/wp-content\/uploads\/2025\/05\/04-300x200.jpg 300w, https:\/\/marcali.plebania.hu\/wp-content\/uploads\/2025\/05\/04-768x512.jpg 768w, https:\/\/marcali.plebania.hu\/wp-content\/uploads\/2025\/05\/04-1536x1024.jpg 1536w, https:\/\/marcali.plebania.hu\/wp-content\/uploads\/2025\/05\/04-2048x1365.jpg 2048w, https:\/\/marcali.plebania.hu\/wp-content\/uploads\/2025\/05\/04-405x270.jpg 405w\" sizes=\"auto, (max-width: 1024px) 100vw, 1024px\" \/><\/figure>\n<\/figure>\n\n\n\n<p>A szentmis\u00e9t k\u00f6vet\u0151en Ferenc atya meg\u00e1ldotta a k\u00e1polna el\u0151tt azokat az \u00e9teleket \u00e9s italokat is, melyet Gelencs\u00e9r R\u00f3bert, egyh\u00e1zk\u00f6zs\u00e9gi k\u00e9pvisel\u0151 test\u00fcleti tag \u00e9s feles\u00e9ge k\u00edn\u00e1lt a r\u00e9sztvev\u0151knek.<\/p>\n\n\n\n<figure class=\"wp-block-gallery has-nested-images columns-default is-cropped wp-block-gallery-2 is-layout-flex wp-block-gallery-is-layout-flex\">\n<figure class=\"wp-block-image size-large\"><img loading=\"lazy\" decoding=\"async\" width=\"1024\" height=\"683\" data-id=\"7276\" src=\"https:\/\/marcali.plebania.hu\/wp-content\/uploads\/2025\/05\/12-1024x683.jpg\" alt=\"\" class=\"wp-image-7276\" srcset=\"https:\/\/marcali.plebania.hu\/wp-content\/uploads\/2025\/05\/12-1024x683.jpg 1024w, https:\/\/marcali.plebania.hu\/wp-content\/uploads\/2025\/05\/12-300x200.jpg 300w, https:\/\/marcali.plebania.hu\/wp-content\/uploads\/2025\/05\/12-768x512.jpg 768w, https:\/\/marcali.plebania.hu\/wp-content\/uploads\/2025\/05\/12-1536x1024.jpg 1536w, https:\/\/marcali.plebania.hu\/wp-content\/uploads\/2025\/05\/12-2048x1365.jpg 2048w, https:\/\/marcali.plebania.hu\/wp-content\/uploads\/2025\/05\/12-405x270.jpg 405w\" sizes=\"auto, (max-width: 1024px) 100vw, 1024px\" \/><\/figure>\n\n\n\n<figure class=\"wp-block-image size-large\"><img loading=\"lazy\" decoding=\"async\" width=\"1024\" height=\"683\" data-id=\"7277\" src=\"https:\/\/marcali.plebania.hu\/wp-content\/uploads\/2025\/05\/15-1024x683.jpg\" alt=\"\" class=\"wp-image-7277\" srcset=\"https:\/\/marcali.plebania.hu\/wp-content\/uploads\/2025\/05\/15-1024x683.jpg 1024w, https:\/\/marcali.plebania.hu\/wp-content\/uploads\/2025\/05\/15-300x200.jpg 300w, https:\/\/marcali.plebania.hu\/wp-content\/uploads\/2025\/05\/15-768x512.jpg 768w, https:\/\/marcali.plebania.hu\/wp-content\/uploads\/2025\/05\/15-1536x1024.jpg 1536w, https:\/\/marcali.plebania.hu\/wp-content\/uploads\/2025\/05\/15-2048x1365.jpg 2048w, https:\/\/marcali.plebania.hu\/wp-content\/uploads\/2025\/05\/15-405x270.jpg 405w\" sizes=\"auto, (max-width: 1024px) 100vw, 1024px\" \/><\/figure>\n\n\n\n<figure class=\"wp-block-image size-large\"><img loading=\"lazy\" decoding=\"async\" width=\"1024\" height=\"683\" data-id=\"7274\" src=\"https:\/\/marcali.plebania.hu\/wp-content\/uploads\/2025\/05\/13-1024x683.jpg\" alt=\"\" class=\"wp-image-7274\" srcset=\"https:\/\/marcali.plebania.hu\/wp-content\/uploads\/2025\/05\/13-1024x683.jpg 1024w, https:\/\/marcali.plebania.hu\/wp-content\/uploads\/2025\/05\/13-300x200.jpg 300w, https:\/\/marcali.plebania.hu\/wp-content\/uploads\/2025\/05\/13-768x512.jpg 768w, https:\/\/marcali.plebania.hu\/wp-content\/uploads\/2025\/05\/13-1536x1024.jpg 1536w, https:\/\/marcali.plebania.hu\/wp-content\/uploads\/2025\/05\/13-2048x1365.jpg 2048w, https:\/\/marcali.plebania.hu\/wp-content\/uploads\/2025\/05\/13-405x270.jpg 405w\" sizes=\"auto, (max-width: 1024px) 100vw, 1024px\" \/><\/figure>\n\n\n\n<figure class=\"wp-block-image size-large\"><img loading=\"lazy\" decoding=\"async\" width=\"1024\" height=\"683\" data-id=\"7278\" src=\"https:\/\/marcali.plebania.hu\/wp-content\/uploads\/2025\/05\/08-1024x683.jpg\" alt=\"\" class=\"wp-image-7278\" srcset=\"https:\/\/marcali.plebania.hu\/wp-content\/uploads\/2025\/05\/08-1024x683.jpg 1024w, https:\/\/marcali.plebania.hu\/wp-content\/uploads\/2025\/05\/08-300x200.jpg 300w, https:\/\/marcali.plebania.hu\/wp-content\/uploads\/2025\/05\/08-768x512.jpg 768w, https:\/\/marcali.plebania.hu\/wp-content\/uploads\/2025\/05\/08-1536x1024.jpg 1536w, https:\/\/marcali.plebania.hu\/wp-content\/uploads\/2025\/05\/08-2048x1365.jpg 2048w, https:\/\/marcali.plebania.hu\/wp-content\/uploads\/2025\/05\/08-405x270.jpg 405w\" sizes=\"auto, (max-width: 1024px) 100vw, 1024px\" \/><\/figure>\n<\/figure>\n\n\n\n<p>A pl\u00e9b\u00e1nos megk\u00f6sz\u00f6nte mindazok munk\u00e1j\u00e1t, akik az \u00fcnneps\u00e9g el\u0151k\u00e9sz\u00edt\u00e9s\u00e9ben r\u00e9szt vettek: f\u00fcvet ny\u00edrtak, templomot takar\u00edtottak \u00e9s d\u00edsz\u00edtettek, valamint finom s\u00fctem\u00e9nyeket \u00e9s pog\u00e1cs\u00e1t s\u00fct\u00f6ttek. Term\u00e9szetesen friss\u00edt\u0151k, \u00fcd\u00edt\u0151k \u00e9s helyi borok is ig\u00e9ny szerint fogyaszthat\u00f3k voltak a besz\u00e9lget\u00e9ssel egybek\u00f6t\u00f6tt egyh\u00e1zi k\u00f6z\u00f6ss\u00e9gi programon.<\/p>\n\n\n\n<p>\u00cdrta \u00e9s fot\u00f3k: Kiss K\u00e1lm\u00e1n<\/p>\n","protected":false},"excerpt":{"rendered":"<p>2025. m\u00e1jus 25-\u00e9n, vas\u00e1rnap 11 \u00f3rakor az Orb\u00e1n k\u00e1poln\u00e1ban tartott\u00e1k meg az idei b\u00facs\u00fai szentmis\u00e9t, melyet Tomanek Ferenc \u00c1ron pl\u00e9b\u00e1nos mutatott be a jelenl\u00e9v\u0151 h\u00edveknek. \u00c9nekekkel k\u00f6zrem\u0171k\u00f6d\u00f6tt Balogh B\u00e1lint k\u00e1ntor. A szentmis\u00e9t k\u00f6vet\u0151en Ferenc atya meg\u00e1ldotta a k\u00e1polna el\u0151tt azokat az \u00e9teleket \u00e9s italokat is, melyet Gelencs\u00e9r R\u00f3bert, egyh\u00e1zk\u00f6zs\u00e9gi k\u00e9pvisel\u0151 test\u00fcleti tag \u00e9s feles\u00e9ge k\u00edn\u00e1lt a r\u00e9sztvev\u0151knek. A pl\u00e9b\u00e1nos megk\u00f6sz\u00f6nte mindazok munk\u00e1j\u00e1t, akik az \u00fcnneps\u00e9g el\u0151k\u00e9sz\u00edt\u00e9s\u00e9ben r\u00e9szt vettek: f\u00fcvet ny\u00edrtak, templomot takar\u00edtottak \u00e9s d\u00edsz\u00edtettek, valamint finom s\u00fctem\u00e9nyeket \u00e9s pog\u00e1cs\u00e1t s\u00fct\u00f6ttek&#8230;.<\/p>\n<p class=\"read-more\"><a class=\"btn btn-default\" href=\"https:\/\/marcali.plebania.hu\/?p=7268\"> Read More<span class=\"screen-reader-text\">  Read More<\/span><\/a><\/p>\n","protected":false},"author":2,"featured_media":0,"comment_status":"closed","ping_status":"open","sticky":false,"template":"","format":"standard","meta":{"footnotes":""},"categories":[1],"tags":[],"class_list":["post-7268","post","type-post","status-publish","format-standard","hentry","category-egyeb"],"_links":{"self":[{"href":"https:\/\/marcali.plebania.hu\/index.php?rest_route=\/wp\/v2\/posts\/7268","targetHints":{"allow":["GET"]}}],"collection":[{"href":"https:\/\/marcali.plebania.hu\/index.php?rest_route=\/wp\/v2\/posts"}],"about":[{"href":"https:\/\/marcali.plebania.hu\/index.php?rest_route=\/wp\/v2\/types\/post"}],"author":[{"embeddable":true,"href":"https:\/\/marcali.plebania.hu\/index.php?rest_route=\/wp\/v2\/users\/2"}],"replies":[{"embeddable":true,"href":"https:\/\/marcali.plebania.hu\/index.php?rest_route=%2Fwp%2Fv2%2Fcomments&post=7268"}],"version-history":[{"count":1,"href":"https:\/\/marcali.plebania.hu\/index.php?rest_route=\/wp\/v2\/posts\/7268\/revisions"}],"predecessor-version":[{"id":7279,"href":"https:\/\/marcali.plebania.hu\/index.php?rest_route=\/wp\/v2\/posts\/7268\/revisions\/7279"}],"wp:attachment":[{"href":"https:\/\/marcali.plebania.hu\/index.php?rest_route=%2Fwp%2Fv2%2Fmedia&parent=7268"}],"wp:term":[{"taxonomy":"category","embeddable":true,"href":"https:\/\/marcali.plebania.hu\/index.php?rest_route=%2Fwp%2Fv2%2Fcategories&post=7268"},{"taxonomy":"post_tag","embeddable":true,"href":"https:\/\/marcali.plebania.hu\/index.php?rest_route=%2Fwp%2Fv2%2Ftags&post=7268"}],"curies":[{"name":"wp","href":"https:\/\/api.w.org\/{rel}","templated":true}]}}