{"id":7280,"date":"2025-05-27T12:52:45","date_gmt":"2025-05-27T12:52:45","guid":{"rendered":"https:\/\/marcali.plebania.hu\/?p=7280"},"modified":"2025-05-27T17:40:23","modified_gmt":"2025-05-27T17:40:23","slug":"a-somogyvari-esperesi-kerulet-hittanosainak-kozos-kirandulasa-nagykanizsara","status":"publish","type":"post","link":"https:\/\/marcali.plebania.hu\/?p=7280","title":{"rendered":"A somogyv\u00e1ri esperesi ker\u00fclet hittanosainak k\u00f6z\u00f6s kir\u00e1ndul\u00e1sa Nagykanizs\u00e1ra"},"content":{"rendered":"\n<p><a><\/a> 2025. m\u00e1jus 10-\u00e9n reggel indult \u00fatnak Marcalib\u00f3l egy csoport, hogy elzar\u00e1ndokoljon Nagykanizs\u00e1ra. A csoportunk igen sz\u00ednes t\u00e1rsas\u00e1g volt, hiszen nem csak marcaliak voltunk \u201eegyed\u00fcl\u201d, mivel Beke Gy\u00f6ngyivel \u00e9s P\u00e9ter Annam\u00e1ri\u00e1val csatlakoztak hozz\u00e1nk gyerekek az esperesi ker\u00fcletb\u0151l, Somogyfajszr\u00f3l \u00e9s Fony\u00f3dr\u00f3l is.<\/p>\n\n\n\n<p>Az utat busszal tett\u00fck meg, \u00edgy az els\u0151 dolgunk a j\u00e1rm\u0171v\u00f6n az volt, hogy elmondjuk a reggeli im\u00e1t, illetve k\u00e9rt\u00fck a J\u00f3istent, hogy vigy\u00e1zzon r\u00e1nk a nap folyam\u00e1n. A kor\u00fclbel\u00fcl 1 \u00f3r\u00e1s \u00fat alatt volt \u00e9nekl\u00e9s Cservenyi-Jakabovics Eszti n\u00e9nivel, Pozsonyin\u00e9 Kiss Marcsi n\u00e9ni t\u00f6rt\u00e9netet olvasott fel nek\u00fcnk, Domj\u00e1n Zsuzsi n\u00e9ni pedig igazi idegenvezet\u0151nk volt, aki a buszhoz tartoz\u00f3 mikrofont megragadva mindig t\u00e1j\u00e9koztatott minket az \u00e9ppen soron l\u00e9v\u0151 programr\u00f3l.<\/p>\n\n\n\n<p>A kir\u00e1ndul\u00e1s els\u0151 \u00e1llom\u00e1sa a Cs\u00f3nak\u00e1z\u00f3-t\u00f3 volt Nagykanizs\u00e1n. Itt a gyerekek megreggeliztek, majd egy gyors, k\u00f6z\u00f6s j\u00e1t\u00e9k ut\u00e1n elindultunk a t\u00f3 k\u00f6r\u00fcl. A k\u00f6r\u00fclbel\u00fcl 5 kilom\u00e9ter alatt 8 \u00e1llom\u00e1s volt, ahol egyes szakaszokon neh\u00e9z volt tartani a temp\u00f3t Bojtorn\u00e9 Kir\u00e1ly M\u00e1rti n\u00e9nivel, de minden meg\u00e1ll\u00f3n\u00e1l a szervez\u0151k apr\u00f3bb feladatokkal k\u00e9sz\u00fcltek. Az egyik legnagyobb kih\u00edv\u00e1st az utols\u00f3 el\u0151tti tartogatta, hiszen az volt a feladat, hogy n\u00e9ma csendben kellett \u00e1ts\u00e9t\u00e1lni a k\u00f6vetkez\u0151 meg\u00e1ll\u00f3ig. Eszm\u00e9letlen \u00e9rz\u00e9s volt az a p\u00e1r sz\u00e1z m\u00e9ter, hiszen t\u00f6k\u00e9letesen siker\u00fclt a gyerekeknek betartani a szab\u00e1lyokat. Nagyon j\u00f3 volt l\u00e1tni, hogy a di\u00e1kok milyen komolyan vett\u00e9k a feladatot, m\u00e9g ha nehez\u00fckre is esett.<\/p>\n\n\n\n<p>A napunk k\u00f6vetkez\u0151 \u00e1llom\u00e1sa a J\u00e9zus Sz\u00edve-templom volt. Az odafel\u00e9 vezet\u0151 \u00faton Tomanek Ferenc atya elmes\u00e9lte nek\u00fcnk, hogy mit is jelent pontosan az, hogy id\u00e9n a rem\u00e9ny \u00e9ve van, illetve eml\u00edt\u00e9st tett a szentkapukr\u00f3l is. A templomn\u00e1l Deiszingern\u00e9 Kiss Panni n\u00e9ni, illetve Glav\u00e1k \u00c9va n\u00e9ni finom eb\u00e9ddel \u00e9s h\u0171s\u00edt\u0151 itallal v\u00e1rtak benn\u00fcnket. Ezen k\u00edv\u00fcl egy nagyon izgalmas csoportfeladattal is k\u00e9sz\u00fcltek, mely sor\u00e1n a gyerekek megismerhett\u00e9k a templomot, majd a j\u00e1t\u00e9k v\u00e9g\u00e9n med\u00e1lt \u00e9s k\u00f6nyvjelz\u0151t is nyerhettek.<\/p>\n\n\n\n<p>A visszafel\u00e9 vezet\u0151 \u00faton m\u00e1r kev\u00e9sb\u00e9 ny\u00fczs\u00f6gtek a gyerekek \u00e9s Cservenyi-Jakabovics Zoli b\u00e1csival k\u00e9rd\u00e9seket tehettek fel a k\u00e9t k\u00eds\u00e9r\u0151nknek, B\u0151sze G\u00e1bor gy\u0151ri egyh\u00e1zmegy\u00e9s diak\u00f3nusnak \u00e9s Szantner Tam\u00e1snak, egyh\u00e1zmegy\u00e9nk papn\u00f6vend\u00e9k\u00e9nek.<\/p>\n\n\n\n<p>A napunk nagyon gyorsan eltelt \u00e9s j\u00f3 volt l\u00e1tni, ahogy a k\u00fcl\u00f6nb\u00f6z\u0151 helyr\u0151l sz\u00e1rmaz\u00f3 gyerekek lassan-lassan felold\u00f3dtak egym\u00e1s mellett \u00e9s kedves besz\u00e9lget\u00e9seket folytattak egym\u00e1ssal. K\u00f6sz\u00f6nj\u00fck a szervez\u00e9st, rem\u00e9lj\u00fck lesz m\u00e9g lehet\u0151s\u00e9g ilyen programokon r\u00e9szt venn\u00fcnk!<\/p>\n\n\n\n<p>Pozsonyi Nusi<\/p>\n","protected":false},"excerpt":{"rendered":"<p>2025. m\u00e1jus 10-\u00e9n reggel indult \u00fatnak Marcalib\u00f3l egy csoport, hogy elzar\u00e1ndokoljon Nagykanizs\u00e1ra. A csoportunk igen sz\u00ednes t\u00e1rsas\u00e1g volt, hiszen nem csak marcaliak voltunk \u201eegyed\u00fcl\u201d, mivel Beke Gy\u00f6ngyivel \u00e9s P\u00e9ter Annam\u00e1ri\u00e1val csatlakoztak hozz\u00e1nk gyerekek az esperesi ker\u00fcletb\u0151l, Somogyfajszr\u00f3l \u00e9s Fony\u00f3dr\u00f3l is. Az utat busszal tett\u00fck meg, \u00edgy az els\u0151 dolgunk a j\u00e1rm\u0171v\u00f6n az volt, hogy elmondjuk a reggeli im\u00e1t, illetve k\u00e9rt\u00fck a J\u00f3istent, hogy vigy\u00e1zzon r\u00e1nk a nap folyam\u00e1n. A kor\u00fclbel\u00fcl 1 \u00f3r\u00e1s \u00fat alatt volt \u00e9nekl\u00e9s Cservenyi-Jakabovics Eszti n\u00e9nivel, Pozsonyin\u00e9&#8230;<\/p>\n<p class=\"read-more\"><a class=\"btn btn-default\" href=\"https:\/\/marcali.plebania.hu\/?p=7280\"> Read More<span class=\"screen-reader-text\">  Read More<\/span><\/a><\/p>\n","protected":false},"author":1,"featured_media":0,"comment_status":"closed","ping_status":"open","sticky":false,"template":"","format":"standard","meta":{"footnotes":""},"categories":[1],"tags":[],"class_list":["post-7280","post","type-post","status-publish","format-standard","hentry","category-egyeb"],"_links":{"self":[{"href":"https:\/\/marcali.plebania.hu\/index.php?rest_route=\/wp\/v2\/posts\/7280","targetHints":{"allow":["GET"]}}],"collection":[{"href":"https:\/\/marcali.plebania.hu\/index.php?rest_route=\/wp\/v2\/posts"}],"about":[{"href":"https:\/\/marcali.plebania.hu\/index.php?rest_route=\/wp\/v2\/types\/post"}],"author":[{"embeddable":true,"href":"https:\/\/marcali.plebania.hu\/index.php?rest_route=\/wp\/v2\/users\/1"}],"replies":[{"embeddable":true,"href":"https:\/\/marcali.plebania.hu\/index.php?rest_route=%2Fwp%2Fv2%2Fcomments&post=7280"}],"version-history":[{"count":2,"href":"https:\/\/marcali.plebania.hu\/index.php?rest_route=\/wp\/v2\/posts\/7280\/revisions"}],"predecessor-version":[{"id":7282,"href":"https:\/\/marcali.plebania.hu\/index.php?rest_route=\/wp\/v2\/posts\/7280\/revisions\/7282"}],"wp:attachment":[{"href":"https:\/\/marcali.plebania.hu\/index.php?rest_route=%2Fwp%2Fv2%2Fmedia&parent=7280"}],"wp:term":[{"taxonomy":"category","embeddable":true,"href":"https:\/\/marcali.plebania.hu\/index.php?rest_route=%2Fwp%2Fv2%2Fcategories&post=7280"},{"taxonomy":"post_tag","embeddable":true,"href":"https:\/\/marcali.plebania.hu\/index.php?rest_route=%2Fwp%2Fv2%2Ftags&post=7280"}],"curies":[{"name":"wp","href":"https:\/\/api.w.org\/{rel}","templated":true}]}}