{"id":7284,"date":"2025-05-31T23:14:51","date_gmt":"2025-05-31T23:14:51","guid":{"rendered":"https:\/\/marcali.plebania.hu\/?p=7284"},"modified":"2025-05-31T23:14:51","modified_gmt":"2025-05-31T23:14:51","slug":"hirdetesek-2025-junius-1-en","status":"publish","type":"post","link":"https:\/\/marcali.plebania.hu\/?p=7284","title":{"rendered":"Hirdet\u00e9sek 2025. j\u00fanius 1-\u00e9n"},"content":{"rendered":"\n<p><a href=\"https:\/\/igenaptar.katolikus.hu\/nap\/index.php?holnap=2025-06-01\" target=\"_blank\" rel=\"noreferrer noopener\"><u>Urunk mennybemenetele<\/u><\/a><\/p>\n\n\n\n<ol start=\"1\" class=\"wp-block-list\">\n<li>A <strong>F\u00e9rfi k\u00f6r <\/strong>tagjait \u00e9s a k\u00f6z\u00f6s im\u00e1ds\u00e1g, besz\u00e9lget\u00e9s ir\u00e1nt \u00e9rdekl\u0151d\u0151 f\u00e9rfiakat szerd\u00e1n 18:00-ra h\u00edvjuk a pl\u00e9b\u00e1ni\u00e1ra.<\/li>\n\n\n\n<li>Az <strong>els\u0151szombati<\/strong> <strong>ima\u00f3ra<\/strong> 16:30-kor kezd\u0151dik a pl\u00e9b\u00e1niatemplomban.<\/li>\n\n\n\n<li>P\u00fcnk\u00f6sdvas\u00e1rnap egyetlen k\u00f6z\u00f6s pl\u00e9b\u00e1niai <strong>szentmise <\/strong>lesz, 9 \u00f3rakor a pl\u00e9b\u00e1niatemplomban. D\u00e9lut\u00e1n pedig a k\u00f6z\u00f6ss\u00e9gi programjainkra h\u00edvunk mindenkit:<\/li>\n\n\n\n<li><strong>Pl\u00e9b\u00e1niai nap<\/strong>unk megnyit\u00f3ja 13:30-kor lesz az X-h\u00e1zban (D\u00f3zsa u. 3.). A d\u00e9lut\u00e1n sor\u00e1n k\u00fcl\u00f6nf\u00e9le programokba lehet bekapcsol\u00f3dni: pl. f\u0151z\u0151verseny, kv\u00edz koroszt\u00e1lyok szerint, pingpong \u00e9s csocs\u00f3, k\u00e9zm\u0171ves foglalkoz\u00e1s, valamint a hittanos rajzverseny eredm\u00e9nyhirdet\u00e9se is ekkor lesz. A gyerekek alkot\u00e1saib\u00f3l ki\u00e1ll\u00edt\u00e1s ny\u00edlik. A f\u0151z\u0151versenyen indul\u00f3 csapatok az <a href=\"https:\/\/forms.gle\/3DWGWkpd34NSmhvNA\" target=\"_blank\" rel=\"noreferrer noopener\"><u>\u0171rlap<\/u><\/a> kit\u00f6lt\u00e9s\u00e9vel vagy az irod\u00e1n jelentkezhetnek h\u00e9tf\u0151ig. A szervez\u00e9s megk\u00f6nny\u00edt\u00e9se \u00e9rdek\u00e9ben azok jelentkez\u00e9s\u00e9t is v\u00e1rjuk, akik sz\u00edvesen enn\u00e9nek az ott k\u00e9sz\u00fclt \u00e9telekb\u0151l. Csal\u00e1donk\u00e9nt, csoportonk\u00e9nt el\u00e9g egy regisztr\u00e1ci\u00f3.<\/li>\n\n\n\n<li>Aznap (j\u00fan. 8.) 20:00-t\u00f3l pedig <strong>batyus b\u00e1l <\/strong>lesz az X-h\u00e1zban \u00e9s udvar\u00e1n, melynek bev\u00e9tel\u00e9b\u0151l az X-h\u00e1z fel\u00faj\u00edt\u00e1s\u00e1t szeretn\u00e9nk t\u00e1mogatni. A b\u00e1lon Gazda Tam\u00e1s fog zen\u00e9lni. A b\u00e1lra jegyeket el\u0151v\u00e9telben Kocza Anit\u00e1n\u00e1l lehet megv\u00e1s\u00e1rolni (min. 3000 Ft adom\u00e1ny ).<\/li>\n\n\n\n<li>A pl\u00e9b\u00e1niai <strong>napk\u00f6zis t\u00e1bor<\/strong>ra (j\u00falius 14-18.) j\u00fanius 15-ig v\u00e1rjuk a jelentkez\u00e9seket ezen az <a href=\"https:\/\/forms.gle\/23A7wYyHTZ3RRABX7\" target=\"_blank\" rel=\"noreferrer noopener\"><u>\u0171rlapon<\/u><\/a>. K\u00f6sz\u00f6nj\u00fck az eddigi jelentkez\u00e9seket.<\/li>\n<\/ol>\n\n\n\n<hr class=\"wp-block-separator has-alpha-channel-opacity\"\/>\n\n\n\n<figure class=\"wp-block-image size-large\"><img loading=\"lazy\" decoding=\"async\" width=\"1024\" height=\"556\" src=\"https:\/\/marcali.plebania.hu\/wp-content\/uploads\/2025\/05\/250601-1024x556.png\" alt=\"\" class=\"wp-image-7285\" srcset=\"https:\/\/marcali.plebania.hu\/wp-content\/uploads\/2025\/05\/250601-1024x556.png 1024w, https:\/\/marcali.plebania.hu\/wp-content\/uploads\/2025\/05\/250601-300x163.png 300w, https:\/\/marcali.plebania.hu\/wp-content\/uploads\/2025\/05\/250601-768x417.png 768w, https:\/\/marcali.plebania.hu\/wp-content\/uploads\/2025\/05\/250601-1536x833.png 1536w, https:\/\/marcali.plebania.hu\/wp-content\/uploads\/2025\/05\/250601-498x270.png 498w, https:\/\/marcali.plebania.hu\/wp-content\/uploads\/2025\/05\/250601.png 1738w\" sizes=\"auto, (max-width: 1024px) 100vw, 1024px\" \/><\/figure>\n\n\n\n<hr class=\"wp-block-separator has-alpha-channel-opacity\"\/>\n\n\n<div class=\"wp-block-image\">\n<figure class=\"aligncenter size-large\"><img loading=\"lazy\" decoding=\"async\" width=\"724\" height=\"1024\" src=\"https:\/\/marcali.plebania.hu\/wp-content\/uploads\/2025\/05\/PLEBANIAI_NAP_MARCALI_2025-724x1024.jpg\" alt=\"\" class=\"wp-image-7257\" srcset=\"https:\/\/marcali.plebania.hu\/wp-content\/uploads\/2025\/05\/PLEBANIAI_NAP_MARCALI_2025-724x1024.jpg 724w, https:\/\/marcali.plebania.hu\/wp-content\/uploads\/2025\/05\/PLEBANIAI_NAP_MARCALI_2025-212x300.jpg 212w, https:\/\/marcali.plebania.hu\/wp-content\/uploads\/2025\/05\/PLEBANIAI_NAP_MARCALI_2025-768x1086.jpg 768w, https:\/\/marcali.plebania.hu\/wp-content\/uploads\/2025\/05\/PLEBANIAI_NAP_MARCALI_2025-1086x1536.jpg 1086w, https:\/\/marcali.plebania.hu\/wp-content\/uploads\/2025\/05\/PLEBANIAI_NAP_MARCALI_2025-1448x2048.jpg 1448w, https:\/\/marcali.plebania.hu\/wp-content\/uploads\/2025\/05\/PLEBANIAI_NAP_MARCALI_2025-191x270.jpg 191w, https:\/\/marcali.plebania.hu\/wp-content\/uploads\/2025\/05\/PLEBANIAI_NAP_MARCALI_2025-scaled.jpg 1811w\" sizes=\"auto, (max-width: 724px) 100vw, 724px\" \/><\/figure>\n<\/div>\n\n<div class=\"wp-block-image\">\n<figure class=\"aligncenter size-large\"><img loading=\"lazy\" decoding=\"async\" width=\"724\" height=\"1024\" src=\"https:\/\/marcali.plebania.hu\/wp-content\/uploads\/2025\/05\/1000004994-724x1024.jpg\" alt=\"\" class=\"wp-image-7213\" srcset=\"https:\/\/marcali.plebania.hu\/wp-content\/uploads\/2025\/05\/1000004994-724x1024.jpg 724w, https:\/\/marcali.plebania.hu\/wp-content\/uploads\/2025\/05\/1000004994-212x300.jpg 212w, https:\/\/marcali.plebania.hu\/wp-content\/uploads\/2025\/05\/1000004994-768x1086.jpg 768w, https:\/\/marcali.plebania.hu\/wp-content\/uploads\/2025\/05\/1000004994-1086x1536.jpg 1086w, https:\/\/marcali.plebania.hu\/wp-content\/uploads\/2025\/05\/1000004994-1448x2048.jpg 1448w, https:\/\/marcali.plebania.hu\/wp-content\/uploads\/2025\/05\/1000004994-191x270.jpg 191w, https:\/\/marcali.plebania.hu\/wp-content\/uploads\/2025\/05\/1000004994-scaled.jpg 1810w\" sizes=\"auto, (max-width: 724px) 100vw, 724px\" \/><\/figure>\n<\/div>","protected":false},"excerpt":{"rendered":"<p>Urunk mennybemenetele<\/p>\n","protected":false},"author":1,"featured_media":0,"comment_status":"closed","ping_status":"open","sticky":false,"template":"","format":"standard","meta":{"footnotes":""},"categories":[3],"tags":[],"class_list":["post-7284","post","type-post","status-publish","format-standard","hentry","category-hirdetesek"],"_links":{"self":[{"href":"https:\/\/marcali.plebania.hu\/index.php?rest_route=\/wp\/v2\/posts\/7284","targetHints":{"allow":["GET"]}}],"collection":[{"href":"https:\/\/marcali.plebania.hu\/index.php?rest_route=\/wp\/v2\/posts"}],"about":[{"href":"https:\/\/marcali.plebania.hu\/index.php?rest_route=\/wp\/v2\/types\/post"}],"author":[{"embeddable":true,"href":"https:\/\/marcali.plebania.hu\/index.php?rest_route=\/wp\/v2\/users\/1"}],"replies":[{"embeddable":true,"href":"https:\/\/marcali.plebania.hu\/index.php?rest_route=%2Fwp%2Fv2%2Fcomments&post=7284"}],"version-history":[{"count":1,"href":"https:\/\/marcali.plebania.hu\/index.php?rest_route=\/wp\/v2\/posts\/7284\/revisions"}],"predecessor-version":[{"id":7286,"href":"https:\/\/marcali.plebania.hu\/index.php?rest_route=\/wp\/v2\/posts\/7284\/revisions\/7286"}],"wp:attachment":[{"href":"https:\/\/marcali.plebania.hu\/index.php?rest_route=%2Fwp%2Fv2%2Fmedia&parent=7284"}],"wp:term":[{"taxonomy":"category","embeddable":true,"href":"https:\/\/marcali.plebania.hu\/index.php?rest_route=%2Fwp%2Fv2%2Fcategories&post=7284"},{"taxonomy":"post_tag","embeddable":true,"href":"https:\/\/marcali.plebania.hu\/index.php?rest_route=%2Fwp%2Fv2%2Ftags&post=7284"}],"curies":[{"name":"wp","href":"https:\/\/api.w.org\/{rel}","templated":true}]}}