{"id":7287,"date":"2025-06-03T07:40:37","date_gmt":"2025-06-03T07:40:37","guid":{"rendered":"https:\/\/marcali.plebania.hu\/?p=7287"},"modified":"2025-06-03T07:40:37","modified_gmt":"2025-06-03T07:40:37","slug":"lanyi-bela-svd-miert-hiszek-miert-higgyunk-kesz-eloadas-az-x-hazban","status":"publish","type":"post","link":"https:\/\/marcali.plebania.hu\/?p=7287","title":{"rendered":"L\u00e1nyi B\u00e9la SVD: Mi\u00e9rt hiszek? (Mi\u00e9rt higgy\u00fcnk?) \u2013 K\u00c9SZ el\u0151ad\u00e1s az X-h\u00e1zban"},"content":{"rendered":"\n<p>2025. m\u00e1jus 29-\u00e9n, cs\u00fct\u00f6rt\u00f6k\u00f6n 18.15 \u00f3r\u00e1t\u00f3l L\u00e1nyi B\u00e9la SVD szerzetes: Mi\u00e9rt hiszek? (Mi\u00e9rt higgy\u00fcnk?) c\u00edmmel tartott tan\u00fas\u00e1gtev\u0151 el\u0151ad\u00e1st az egyh\u00e1zk\u00f6zs\u00e9g k\u00f6z\u00f6ss\u00e9gi h\u00e1z\u00e1ban (X-h\u00e1z, D\u00f3zsa u. 3.) a Kereszt\u00e9ny \u00c9rtelmis\u00e9giek Sz\u00f6vets\u00e9ge (K\u00c9SZ) Marcali Csoportja szervez\u00e9s\u00e9ben.<\/p>\n\n\n\n<p>A rendezv\u00e9ny r\u00e9sztvev\u0151it \u00e9s a vend\u00e9get Kiss K\u00e1lm\u00e1n, a K\u00c9SZ helyi csoportj\u00e1nak eln\u00f6ke k\u00f6sz\u00f6nt\u00f6tte, majd pedig Molik Edit, az el\u0151ad\u00e1s-sorozat \u00f6tletgazd\u00e1ja \u00e9s f\u0151 szervez\u0151je mutatta be a verbita szerzetest, aki a F\u00fcl\u00f6p-szigetekr\u0151l \u00e9rkezett Marcaliban, hogy bemutassa az ottani misszi\u00f3s tev\u00e9kenys\u00e9get.<\/p>\n\n\n\n<figure class=\"wp-block-gallery has-nested-images columns-default is-cropped wp-block-gallery-1 is-layout-flex wp-block-gallery-is-layout-flex\">\n<figure class=\"wp-block-image size-large\"><img loading=\"lazy\" decoding=\"async\" width=\"1024\" height=\"683\" data-id=\"7288\" src=\"https:\/\/marcali.plebania.hu\/wp-content\/uploads\/2025\/06\/02-1024x683.jpg\" alt=\"\" class=\"wp-image-7288\" srcset=\"https:\/\/marcali.plebania.hu\/wp-content\/uploads\/2025\/06\/02-1024x683.jpg 1024w, https:\/\/marcali.plebania.hu\/wp-content\/uploads\/2025\/06\/02-300x200.jpg 300w, https:\/\/marcali.plebania.hu\/wp-content\/uploads\/2025\/06\/02-768x512.jpg 768w, https:\/\/marcali.plebania.hu\/wp-content\/uploads\/2025\/06\/02-1536x1024.jpg 1536w, https:\/\/marcali.plebania.hu\/wp-content\/uploads\/2025\/06\/02-2048x1365.jpg 2048w, https:\/\/marcali.plebania.hu\/wp-content\/uploads\/2025\/06\/02-405x270.jpg 405w\" sizes=\"auto, (max-width: 1024px) 100vw, 1024px\" \/><\/figure>\n\n\n\n<figure class=\"wp-block-image size-large\"><img loading=\"lazy\" decoding=\"async\" width=\"1024\" height=\"683\" data-id=\"7291\" src=\"https:\/\/marcali.plebania.hu\/wp-content\/uploads\/2025\/06\/05-1024x683.jpg\" alt=\"\" class=\"wp-image-7291\" srcset=\"https:\/\/marcali.plebania.hu\/wp-content\/uploads\/2025\/06\/05-1024x683.jpg 1024w, https:\/\/marcali.plebania.hu\/wp-content\/uploads\/2025\/06\/05-300x200.jpg 300w, https:\/\/marcali.plebania.hu\/wp-content\/uploads\/2025\/06\/05-768x512.jpg 768w, https:\/\/marcali.plebania.hu\/wp-content\/uploads\/2025\/06\/05-1536x1024.jpg 1536w, https:\/\/marcali.plebania.hu\/wp-content\/uploads\/2025\/06\/05-2048x1365.jpg 2048w, https:\/\/marcali.plebania.hu\/wp-content\/uploads\/2025\/06\/05-405x270.jpg 405w\" sizes=\"auto, (max-width: 1024px) 100vw, 1024px\" \/><\/figure>\n\n\n\n<figure class=\"wp-block-image size-large\"><img loading=\"lazy\" decoding=\"async\" width=\"1024\" height=\"683\" data-id=\"7293\" src=\"https:\/\/marcali.plebania.hu\/wp-content\/uploads\/2025\/06\/06-1024x683.jpg\" alt=\"\" class=\"wp-image-7293\" srcset=\"https:\/\/marcali.plebania.hu\/wp-content\/uploads\/2025\/06\/06-1024x683.jpg 1024w, https:\/\/marcali.plebania.hu\/wp-content\/uploads\/2025\/06\/06-300x200.jpg 300w, https:\/\/marcali.plebania.hu\/wp-content\/uploads\/2025\/06\/06-768x512.jpg 768w, https:\/\/marcali.plebania.hu\/wp-content\/uploads\/2025\/06\/06-1536x1024.jpg 1536w, https:\/\/marcali.plebania.hu\/wp-content\/uploads\/2025\/06\/06-2048x1365.jpg 2048w, https:\/\/marcali.plebania.hu\/wp-content\/uploads\/2025\/06\/06-405x270.jpg 405w\" sizes=\"auto, (max-width: 1024px) 100vw, 1024px\" \/><\/figure>\n\n\n\n<figure class=\"wp-block-image size-large\"><img loading=\"lazy\" decoding=\"async\" width=\"1024\" height=\"683\" data-id=\"7294\" src=\"https:\/\/marcali.plebania.hu\/wp-content\/uploads\/2025\/06\/08-1024x683.jpg\" alt=\"\" class=\"wp-image-7294\" srcset=\"https:\/\/marcali.plebania.hu\/wp-content\/uploads\/2025\/06\/08-1024x683.jpg 1024w, https:\/\/marcali.plebania.hu\/wp-content\/uploads\/2025\/06\/08-300x200.jpg 300w, https:\/\/marcali.plebania.hu\/wp-content\/uploads\/2025\/06\/08-768x512.jpg 768w, https:\/\/marcali.plebania.hu\/wp-content\/uploads\/2025\/06\/08-1536x1024.jpg 1536w, https:\/\/marcali.plebania.hu\/wp-content\/uploads\/2025\/06\/08-2048x1365.jpg 2048w, https:\/\/marcali.plebania.hu\/wp-content\/uploads\/2025\/06\/08-405x270.jpg 405w\" sizes=\"auto, (max-width: 1024px) 100vw, 1024px\" \/><\/figure>\n<\/figure>\n\n\n\n<p>L\u00e1nyi B\u00e9la Budapesten sz\u00fcletett, \u00e9p\u00edt\u00e9szm\u00e9rn\u00f6ki diplom\u00e1t szerzett, majd k\u00e9t \u00e9v munka ut\u00e1n, 1987-ben Ausztri\u00e1ban l\u00e9pett be a verbita szerzetesrendbe. Ott szerzett teol\u00f3giai magiszteri fokozatot \u00e9s tett \u00f6r\u00f6k fogadalmat a misszi\u00f3s T\u00e1rsas\u00e1gban. T\u00f6bb nyelven besz\u00e9l. Els\u0151 misszi\u00f3ja a Szovjetuni\u00f3ban volt, majd egy ideig Magyarorsz\u00e1gon is dolgozott, ezt k\u00f6vet\u0151en helyezt\u00e9k \u00e1t a F\u00fcl\u00f6p-szigetekre, ahol imm\u00e1r 18 \u00e9ve tev\u00e9kenykedik. Eg\u00e9szen term\u00e9szetes sz\u00e1m\u00e1ra, hogy a T\u00e1rsas\u00e1gukat a katolikus k\u00fclmisszi\u00f3 c\u00e9lj\u00e1ra alap\u00edtott\u00e1k, vagyis az egyh\u00e1z nemzetk\u00f6zi feladatainak ell\u00e1t\u00e1s\u00e1ra. \u00c9ppen ez\u00e9rt az eredeti elk\u00e9pzel\u00e9s szerint a verbita szerzetesek \u00e1ltal\u00e1ban nem a haz\u00e1jukban dolgoznak. Ha valaki elhat\u00e1rozza, hogy szerzetes akar lenni, akkor ezekkel tiszt\u00e1ban van \u00e9s pontosan ez a kih\u00edv\u00e1s teszi hivat\u00e1s\u00e1t egyediv\u00e9 \u00e9s \u00e9rdekess\u00e9. Az Isteni Ige T\u00e1rsas\u00e1ga (verbit\u00e1k) ma a legn\u00e9pesebb katolikus f\u00e9rfi szerzetesrend a vil\u00e1gban, mintegy 6000 f\u0151vel \u00e9s minden kontinensen jelen vannak.<\/p>\n\n\n\n<p>B\u00e9la testv\u00e9r \u2013 10.000 km-re itthonr\u00f3l \u2013 a F\u00fcl\u00f6p-szigeteki Cebuban, a misszi\u00f3srend tulajdon\u00e1ban \u00e1ll\u00f3 egyetem\u00e9n, az \u00c9p\u00edt\u00e9szeti Tansz\u00e9ken tan\u00edt, ahol \u00f6sszesen h\u00e9t karon: k\u00f6r\u00fclbel\u00fcl 14.000 fels\u0151fok\u00fa hallgat\u00f3juk van, tov\u00e1bb\u00e1 mintegy 8 ezer di\u00e1k vesz r\u00e9szt az alapfok\u00fa oktat\u00e1sban is. Emellett a szerzetestestv\u00e9r-jel\u00f6ltek prefektusa is, hiszen nekik egy-egy vil\u00e1gi szakm\u00e1t is el kell saj\u00e1t\u00edtaniuk, mivel nem papk\u00e9nt fognak dolgozni a misszi\u00f3s rendben. Ezeken k\u00edv\u00fcl gyermekotthonokban is teljes\u00edt szolg\u00e1latot.<\/p>\n\n\n\n<figure class=\"wp-block-gallery has-nested-images columns-default is-cropped wp-block-gallery-2 is-layout-flex wp-block-gallery-is-layout-flex\">\n<figure class=\"wp-block-image size-large\"><img loading=\"lazy\" decoding=\"async\" width=\"1024\" height=\"683\" data-id=\"7295\" src=\"https:\/\/marcali.plebania.hu\/wp-content\/uploads\/2025\/06\/10-1024x683.jpg\" alt=\"\" class=\"wp-image-7295\" srcset=\"https:\/\/marcali.plebania.hu\/wp-content\/uploads\/2025\/06\/10-1024x683.jpg 1024w, https:\/\/marcali.plebania.hu\/wp-content\/uploads\/2025\/06\/10-300x200.jpg 300w, https:\/\/marcali.plebania.hu\/wp-content\/uploads\/2025\/06\/10-768x512.jpg 768w, https:\/\/marcali.plebania.hu\/wp-content\/uploads\/2025\/06\/10-1536x1024.jpg 1536w, https:\/\/marcali.plebania.hu\/wp-content\/uploads\/2025\/06\/10-2048x1365.jpg 2048w, https:\/\/marcali.plebania.hu\/wp-content\/uploads\/2025\/06\/10-405x270.jpg 405w\" sizes=\"auto, (max-width: 1024px) 100vw, 1024px\" \/><\/figure>\n\n\n\n<figure class=\"wp-block-image size-large\"><img loading=\"lazy\" decoding=\"async\" width=\"1024\" height=\"683\" data-id=\"7298\" src=\"https:\/\/marcali.plebania.hu\/wp-content\/uploads\/2025\/06\/14-1024x683.jpg\" alt=\"\" class=\"wp-image-7298\" srcset=\"https:\/\/marcali.plebania.hu\/wp-content\/uploads\/2025\/06\/14-1024x683.jpg 1024w, https:\/\/marcali.plebania.hu\/wp-content\/uploads\/2025\/06\/14-300x200.jpg 300w, https:\/\/marcali.plebania.hu\/wp-content\/uploads\/2025\/06\/14-768x512.jpg 768w, https:\/\/marcali.plebania.hu\/wp-content\/uploads\/2025\/06\/14-1536x1024.jpg 1536w, https:\/\/marcali.plebania.hu\/wp-content\/uploads\/2025\/06\/14-2048x1365.jpg 2048w, https:\/\/marcali.plebania.hu\/wp-content\/uploads\/2025\/06\/14-405x270.jpg 405w\" sizes=\"auto, (max-width: 1024px) 100vw, 1024px\" \/><\/figure>\n\n\n\n<figure class=\"wp-block-image size-large\"><img loading=\"lazy\" decoding=\"async\" width=\"1024\" height=\"683\" data-id=\"7300\" src=\"https:\/\/marcali.plebania.hu\/wp-content\/uploads\/2025\/06\/15-1024x683.jpg\" alt=\"\" class=\"wp-image-7300\" srcset=\"https:\/\/marcali.plebania.hu\/wp-content\/uploads\/2025\/06\/15-1024x683.jpg 1024w, https:\/\/marcali.plebania.hu\/wp-content\/uploads\/2025\/06\/15-300x200.jpg 300w, https:\/\/marcali.plebania.hu\/wp-content\/uploads\/2025\/06\/15-768x512.jpg 768w, https:\/\/marcali.plebania.hu\/wp-content\/uploads\/2025\/06\/15-1536x1024.jpg 1536w, https:\/\/marcali.plebania.hu\/wp-content\/uploads\/2025\/06\/15-2048x1365.jpg 2048w, https:\/\/marcali.plebania.hu\/wp-content\/uploads\/2025\/06\/15-405x270.jpg 405w\" sizes=\"auto, (max-width: 1024px) 100vw, 1024px\" \/><\/figure>\n\n\n\n<figure class=\"wp-block-image size-large\"><img loading=\"lazy\" decoding=\"async\" width=\"1024\" height=\"683\" data-id=\"7301\" src=\"https:\/\/marcali.plebania.hu\/wp-content\/uploads\/2025\/06\/16-1024x683.jpg\" alt=\"\" class=\"wp-image-7301\" srcset=\"https:\/\/marcali.plebania.hu\/wp-content\/uploads\/2025\/06\/16-1024x683.jpg 1024w, https:\/\/marcali.plebania.hu\/wp-content\/uploads\/2025\/06\/16-300x200.jpg 300w, https:\/\/marcali.plebania.hu\/wp-content\/uploads\/2025\/06\/16-768x512.jpg 768w, https:\/\/marcali.plebania.hu\/wp-content\/uploads\/2025\/06\/16-1536x1024.jpg 1536w, https:\/\/marcali.plebania.hu\/wp-content\/uploads\/2025\/06\/16-2048x1365.jpg 2048w, https:\/\/marcali.plebania.hu\/wp-content\/uploads\/2025\/06\/16-405x270.jpg 405w\" sizes=\"auto, (max-width: 1024px) 100vw, 1024px\" \/><\/figure>\n<\/figure>\n\n\n\n<p>A vet\u00edtett-k\u00e9pes el\u0151ad\u00e1son besz\u00e9lt m\u00e9g a k\u00fcldet\u00e9s\u00e9r\u0151l, a hivat\u00e1s\u00e1r\u00f3l, valamint a katolikus k\u00f6z\u00f6ss\u00e9gek mindennapi \u00e9let\u00e9r\u0151l, a filipp\u00edn\u00f3k vall\u00e1soss\u00e1g\u00e1r\u00f3l. Elmondta, hogy a D\u00e9lkelet-\u00e1zsiai J\u00e1va sziget, amely kicsit nagyobb Magyarorsz\u00e1gn\u00e1l, m\u00e9gis 10 milli\u00f3 f\u0151vel nagyobb l\u00e9tsz\u00e1m\u00fa lakoss\u00e1got tudhat mag\u00e1\u00e9nak, mint a t\u00f6bb mint 17 milli\u00f3 n\u00e9gyzetkilom\u00e9ternyi Oroszorsz\u00e1g! A lakosok t\u00falnyom\u00f3 t\u00f6bbs\u00e9ge pedig katolikus vall\u00e1s\u00fa. Az orsz\u00e1g 1521-ben Magell\u00e1n \u201epartrasz\u00e1ll\u00e1sa\u201d ut\u00e1n vette fel a kereszt\u00e9nys\u00e9get. Ma a vil\u00e1g harmadik legnagyobb katolikus n\u00e9pess\u00e9g\u0171 orsz\u00e1ga. A vall\u00e1s mindenhol jelen van az ott \u00e9l\u0151k \u00e9let\u00e9ben, \u00edgy p\u00e9ld\u00e1ul aut\u00f3buszok is gyakran l\u00e1that\u00f3k szentk\u00e9pekkel \u201ed\u00edsz\u00edtve\u201d. A F\u00fcl\u00f6p-szigetek a term\u00e9szeti csap\u00e1sok haz\u00e1ja is egyben, hiszen rengeteg f\u00f6ldreng\u00e9s, t\u00e1jfun \u00e9s vulk\u00e1nkit\u00f6r\u00e9s fordul el\u0151, m\u00e9gis jelent\u0151s turista \u201eparadicsom\u201d is.<\/p>\n\n\n\n<p>Az el\u0151ad\u00e1s v\u00e9g\u00e9n t\u00f6bb k\u00e9rd\u00e9st is feltettek a vend\u00e9g el\u0151ad\u00f3nak, aki k\u00e9szs\u00e9gesen v\u00e1laszolt. A K\u00c9SZ helyi csoportja pedig adom\u00e1nygy\u0171jt\u00e9st szervezett a cebui gyermekotthon jav\u00e1ra, L\u00e1nyi B\u00e9la k\u00fcl\u00f6n k\u00e9r\u00e9s\u00e9re, aki az el\u0151ad\u00e1s\u00e1nak megtart\u00e1s\u00e1hoz nem k\u00e9rt tiszteletd\u00edjat. A rendezv\u00e9ny k\u00f6tetlen hangulat\u00fa besz\u00e9lget\u00e9ssel z\u00e1rult, mik\u00f6zben a jelenl\u00e9v\u0151ket s\u00fctem\u00e9nyekkel, pog\u00e1cs\u00e1val \u00e9s \u00fcd\u00edt\u0151kkel vend\u00e9gelt\u00e9k meg a szervez\u0151k.<\/p>\n\n\n\n<figure class=\"wp-block-gallery has-nested-images columns-default is-cropped wp-block-gallery-3 is-layout-flex wp-block-gallery-is-layout-flex\">\n<figure class=\"wp-block-image size-large\"><img loading=\"lazy\" decoding=\"async\" width=\"1024\" height=\"683\" data-id=\"7302\" src=\"https:\/\/marcali.plebania.hu\/wp-content\/uploads\/2025\/06\/32-1024x683.jpg\" alt=\"\" class=\"wp-image-7302\" srcset=\"https:\/\/marcali.plebania.hu\/wp-content\/uploads\/2025\/06\/32-1024x683.jpg 1024w, https:\/\/marcali.plebania.hu\/wp-content\/uploads\/2025\/06\/32-300x200.jpg 300w, https:\/\/marcali.plebania.hu\/wp-content\/uploads\/2025\/06\/32-768x512.jpg 768w, https:\/\/marcali.plebania.hu\/wp-content\/uploads\/2025\/06\/32-1536x1024.jpg 1536w, https:\/\/marcali.plebania.hu\/wp-content\/uploads\/2025\/06\/32-2048x1365.jpg 2048w, https:\/\/marcali.plebania.hu\/wp-content\/uploads\/2025\/06\/32-405x270.jpg 405w\" sizes=\"auto, (max-width: 1024px) 100vw, 1024px\" \/><\/figure>\n\n\n\n<figure class=\"wp-block-image size-large\"><img loading=\"lazy\" decoding=\"async\" width=\"1024\" height=\"683\" data-id=\"7306\" src=\"https:\/\/marcali.plebania.hu\/wp-content\/uploads\/2025\/06\/35-1024x683.jpg\" alt=\"\" class=\"wp-image-7306\" srcset=\"https:\/\/marcali.plebania.hu\/wp-content\/uploads\/2025\/06\/35-1024x683.jpg 1024w, https:\/\/marcali.plebania.hu\/wp-content\/uploads\/2025\/06\/35-300x200.jpg 300w, https:\/\/marcali.plebania.hu\/wp-content\/uploads\/2025\/06\/35-768x512.jpg 768w, https:\/\/marcali.plebania.hu\/wp-content\/uploads\/2025\/06\/35-1536x1024.jpg 1536w, https:\/\/marcali.plebania.hu\/wp-content\/uploads\/2025\/06\/35-2048x1365.jpg 2048w, https:\/\/marcali.plebania.hu\/wp-content\/uploads\/2025\/06\/35-405x270.jpg 405w\" sizes=\"auto, (max-width: 1024px) 100vw, 1024px\" \/><\/figure>\n\n\n\n<figure class=\"wp-block-image size-large\"><img loading=\"lazy\" decoding=\"async\" width=\"1024\" height=\"683\" data-id=\"7307\" src=\"https:\/\/marcali.plebania.hu\/wp-content\/uploads\/2025\/06\/37-1024x683.jpg\" alt=\"\" class=\"wp-image-7307\" srcset=\"https:\/\/marcali.plebania.hu\/wp-content\/uploads\/2025\/06\/37-1024x683.jpg 1024w, https:\/\/marcali.plebania.hu\/wp-content\/uploads\/2025\/06\/37-300x200.jpg 300w, https:\/\/marcali.plebania.hu\/wp-content\/uploads\/2025\/06\/37-768x512.jpg 768w, https:\/\/marcali.plebania.hu\/wp-content\/uploads\/2025\/06\/37-1536x1024.jpg 1536w, https:\/\/marcali.plebania.hu\/wp-content\/uploads\/2025\/06\/37-2048x1365.jpg 2048w, https:\/\/marcali.plebania.hu\/wp-content\/uploads\/2025\/06\/37-405x270.jpg 405w\" sizes=\"auto, (max-width: 1024px) 100vw, 1024px\" \/><\/figure>\n\n\n\n<figure class=\"wp-block-image size-large\"><img loading=\"lazy\" decoding=\"async\" width=\"1024\" height=\"683\" data-id=\"7308\" src=\"https:\/\/marcali.plebania.hu\/wp-content\/uploads\/2025\/06\/41-1024x683.jpg\" alt=\"\" class=\"wp-image-7308\" srcset=\"https:\/\/marcali.plebania.hu\/wp-content\/uploads\/2025\/06\/41-1024x683.jpg 1024w, https:\/\/marcali.plebania.hu\/wp-content\/uploads\/2025\/06\/41-300x200.jpg 300w, https:\/\/marcali.plebania.hu\/wp-content\/uploads\/2025\/06\/41-768x512.jpg 768w, https:\/\/marcali.plebania.hu\/wp-content\/uploads\/2025\/06\/41-1536x1024.jpg 1536w, https:\/\/marcali.plebania.hu\/wp-content\/uploads\/2025\/06\/41-2048x1365.jpg 2048w, https:\/\/marcali.plebania.hu\/wp-content\/uploads\/2025\/06\/41-405x270.jpg 405w\" sizes=\"auto, (max-width: 1024px) 100vw, 1024px\" \/><\/figure>\n<\/figure>\n\n\n\n<p>A verbita szerzetes a d\u00e9lut\u00e1n folyam\u00e1n szakmai tapasztalatszerz\u00e9s c\u00e9lj\u00e1b\u00f3l felkereste m\u00e9g a cs\u00e1k\u00e1nyi Fazenda da Esperan\u00e7a rehabilit\u00e1ci\u00f3s k\u00f6z\u00f6ss\u00e9g els\u0151 magyar h\u00e1z\u00e1t is egy \u00f6nk\u00e9ntes marcali aktivista seg\u00edts\u00e9g\u00e9vel, hogy majd a F\u00fcl\u00f6p-szigeteken kamatoztathassa \u00e9s hasznos\u00edthassa a l\u00e1tottakat. L\u00e1nyi B\u00e9la p\u00e9nteken tov\u00e1bb utazott Nagyat\u00e1dra, ahol az ottani K\u00c9SZ Csoport megh\u00edv\u00e1s\u00e1nak tett eleget.<\/p>\n\n\n\n<p>A \u201eMi\u00e9rt hiszek?\u201d c\u00edm\u0171 el\u0151ad\u00e1s-sorozat els\u0151 f\u00e9l\u00e9vi, utols\u00f3 el\u0151ad\u00e1sa j\u00fanius 19-\u00e9n z\u00e1rul, amikor Tomanek Ferenc \u00c1ron pl\u00e9b\u00e1nos lesz a vend\u00e9g; majd a ny\u00e1ri sz\u00fcnetet k\u00f6vet\u0151en \u0151sszel tov\u00e1bb folytat\u00f3dik majd \u00fajabb megh\u00edvott el\u0151ad\u00f3kkal.<\/p>\n\n\n\n<p><\/p>\n\n\n\n<p>\u00cdrta: K\u00c9SZ Marcali Csoport\/Kiss K\u00e1lm\u00e1n<\/p>\n\n\n\n<p>Fot\u00f3k: Szaka Zsolt \u00e9s Kiss K\u00e1lm\u00e1n<\/p>\n","protected":false},"excerpt":{"rendered":"<p>2025. m\u00e1jus 29-\u00e9n, cs\u00fct\u00f6rt\u00f6k\u00f6n 18.15 \u00f3r\u00e1t\u00f3l L\u00e1nyi B\u00e9la SVD szerzetes: Mi\u00e9rt hiszek? (Mi\u00e9rt higgy\u00fcnk?) c\u00edmmel tartott tan\u00fas\u00e1gtev\u0151 el\u0151ad\u00e1st az egyh\u00e1zk\u00f6zs\u00e9g k\u00f6z\u00f6ss\u00e9gi h\u00e1z\u00e1ban (X-h\u00e1z, D\u00f3zsa u. 3.) a Kereszt\u00e9ny \u00c9rtelmis\u00e9giek Sz\u00f6vets\u00e9ge (K\u00c9SZ) Marcali Csoportja szervez\u00e9s\u00e9ben. A rendezv\u00e9ny r\u00e9sztvev\u0151it \u00e9s a vend\u00e9get Kiss K\u00e1lm\u00e1n, a K\u00c9SZ helyi csoportj\u00e1nak eln\u00f6ke k\u00f6sz\u00f6nt\u00f6tte, majd pedig Molik Edit, az el\u0151ad\u00e1s-sorozat \u00f6tletgazd\u00e1ja \u00e9s f\u0151 szervez\u0151je mutatta be a verbita szerzetest, aki a F\u00fcl\u00f6p-szigetekr\u0151l \u00e9rkezett Marcaliban, hogy bemutassa az ottani misszi\u00f3s tev\u00e9kenys\u00e9get. L\u00e1nyi B\u00e9la Budapesten sz\u00fcletett, \u00e9p\u00edt\u00e9szm\u00e9rn\u00f6ki diplom\u00e1t&#8230;<\/p>\n<p class=\"read-more\"><a class=\"btn btn-default\" href=\"https:\/\/marcali.plebania.hu\/?p=7287\"> Read More<span class=\"screen-reader-text\">  Read More<\/span><\/a><\/p>\n","protected":false},"author":2,"featured_media":0,"comment_status":"closed","ping_status":"open","sticky":false,"template":"","format":"standard","meta":{"footnotes":""},"categories":[1],"tags":[],"class_list":["post-7287","post","type-post","status-publish","format-standard","hentry","category-egyeb"],"_links":{"self":[{"href":"https:\/\/marcali.plebania.hu\/index.php?rest_route=\/wp\/v2\/posts\/7287","targetHints":{"allow":["GET"]}}],"collection":[{"href":"https:\/\/marcali.plebania.hu\/index.php?rest_route=\/wp\/v2\/posts"}],"about":[{"href":"https:\/\/marcali.plebania.hu\/index.php?rest_route=\/wp\/v2\/types\/post"}],"author":[{"embeddable":true,"href":"https:\/\/marcali.plebania.hu\/index.php?rest_route=\/wp\/v2\/users\/2"}],"replies":[{"embeddable":true,"href":"https:\/\/marcali.plebania.hu\/index.php?rest_route=%2Fwp%2Fv2%2Fcomments&post=7287"}],"version-history":[{"count":1,"href":"https:\/\/marcali.plebania.hu\/index.php?rest_route=\/wp\/v2\/posts\/7287\/revisions"}],"predecessor-version":[{"id":7309,"href":"https:\/\/marcali.plebania.hu\/index.php?rest_route=\/wp\/v2\/posts\/7287\/revisions\/7309"}],"wp:attachment":[{"href":"https:\/\/marcali.plebania.hu\/index.php?rest_route=%2Fwp%2Fv2%2Fmedia&parent=7287"}],"wp:term":[{"taxonomy":"category","embeddable":true,"href":"https:\/\/marcali.plebania.hu\/index.php?rest_route=%2Fwp%2Fv2%2Fcategories&post=7287"},{"taxonomy":"post_tag","embeddable":true,"href":"https:\/\/marcali.plebania.hu\/index.php?rest_route=%2Fwp%2Fv2%2Ftags&post=7287"}],"curies":[{"name":"wp","href":"https:\/\/api.w.org\/{rel}","templated":true}]}}