{"id":7310,"date":"2025-06-03T07:44:47","date_gmt":"2025-06-03T07:44:47","guid":{"rendered":"https:\/\/marcali.plebania.hu\/?p=7310"},"modified":"2025-06-03T07:44:47","modified_gmt":"2025-06-03T07:44:47","slug":"elsoaldozas-2025","status":"publish","type":"post","link":"https:\/\/marcali.plebania.hu\/?p=7310","title":{"rendered":"Els\u0151\u00e1ldoz\u00e1s 2025."},"content":{"rendered":"\n<p>2025. j\u00fanius 1-\u00e9n, vas\u00e1rnap 9 \u00f3rakor \u00fcnnepi keretek k\u00f6z\u00f6tt kezd\u0151d\u00f6tt a 2025. \u00e9vi els\u0151\u00e1ldoz\u00e1s a Marcali Gy\u00fcm\u00f6lcsolt\u00f3 Boldogasszony Pl\u00e9b\u00e1niatemplomban.<\/p>\n\n\n\n<figure class=\"wp-block-gallery has-nested-images columns-default is-cropped wp-block-gallery-1 is-layout-flex wp-block-gallery-is-layout-flex\">\n<figure class=\"wp-block-image size-large\"><img loading=\"lazy\" decoding=\"async\" width=\"1024\" height=\"683\" data-id=\"7311\" src=\"https:\/\/marcali.plebania.hu\/wp-content\/uploads\/2025\/06\/07-1-1024x683.jpg\" alt=\"\" class=\"wp-image-7311\" srcset=\"https:\/\/marcali.plebania.hu\/wp-content\/uploads\/2025\/06\/07-1-1024x683.jpg 1024w, https:\/\/marcali.plebania.hu\/wp-content\/uploads\/2025\/06\/07-1-300x200.jpg 300w, https:\/\/marcali.plebania.hu\/wp-content\/uploads\/2025\/06\/07-1-768x512.jpg 768w, https:\/\/marcali.plebania.hu\/wp-content\/uploads\/2025\/06\/07-1-1536x1024.jpg 1536w, https:\/\/marcali.plebania.hu\/wp-content\/uploads\/2025\/06\/07-1-2048x1365.jpg 2048w, https:\/\/marcali.plebania.hu\/wp-content\/uploads\/2025\/06\/07-1-405x270.jpg 405w\" sizes=\"auto, (max-width: 1024px) 100vw, 1024px\" \/><\/figure>\n\n\n\n<figure class=\"wp-block-image size-large\"><img loading=\"lazy\" decoding=\"async\" width=\"1024\" height=\"683\" data-id=\"7314\" src=\"https:\/\/marcali.plebania.hu\/wp-content\/uploads\/2025\/06\/11-1-1024x683.jpg\" alt=\"\" class=\"wp-image-7314\" srcset=\"https:\/\/marcali.plebania.hu\/wp-content\/uploads\/2025\/06\/11-1-1024x683.jpg 1024w, https:\/\/marcali.plebania.hu\/wp-content\/uploads\/2025\/06\/11-1-300x200.jpg 300w, https:\/\/marcali.plebania.hu\/wp-content\/uploads\/2025\/06\/11-1-768x512.jpg 768w, https:\/\/marcali.plebania.hu\/wp-content\/uploads\/2025\/06\/11-1-1536x1024.jpg 1536w, https:\/\/marcali.plebania.hu\/wp-content\/uploads\/2025\/06\/11-1-2048x1365.jpg 2048w, https:\/\/marcali.plebania.hu\/wp-content\/uploads\/2025\/06\/11-1-405x270.jpg 405w\" sizes=\"auto, (max-width: 1024px) 100vw, 1024px\" \/><\/figure>\n\n\n\n<figure class=\"wp-block-image size-large\"><img loading=\"lazy\" decoding=\"async\" width=\"1024\" height=\"683\" data-id=\"7312\" src=\"https:\/\/marcali.plebania.hu\/wp-content\/uploads\/2025\/06\/08-1-1024x683.jpg\" alt=\"\" class=\"wp-image-7312\" srcset=\"https:\/\/marcali.plebania.hu\/wp-content\/uploads\/2025\/06\/08-1-1024x683.jpg 1024w, https:\/\/marcali.plebania.hu\/wp-content\/uploads\/2025\/06\/08-1-300x200.jpg 300w, https:\/\/marcali.plebania.hu\/wp-content\/uploads\/2025\/06\/08-1-768x512.jpg 768w, https:\/\/marcali.plebania.hu\/wp-content\/uploads\/2025\/06\/08-1-1536x1024.jpg 1536w, https:\/\/marcali.plebania.hu\/wp-content\/uploads\/2025\/06\/08-1-2048x1365.jpg 2048w, https:\/\/marcali.plebania.hu\/wp-content\/uploads\/2025\/06\/08-1-405x270.jpg 405w\" sizes=\"auto, (max-width: 1024px) 100vw, 1024px\" \/><\/figure>\n\n\n\n<figure class=\"wp-block-image size-large\"><img loading=\"lazy\" decoding=\"async\" width=\"1024\" height=\"683\" data-id=\"7313\" src=\"https:\/\/marcali.plebania.hu\/wp-content\/uploads\/2025\/06\/10-1-1024x683.jpg\" alt=\"\" class=\"wp-image-7313\" srcset=\"https:\/\/marcali.plebania.hu\/wp-content\/uploads\/2025\/06\/10-1-1024x683.jpg 1024w, https:\/\/marcali.plebania.hu\/wp-content\/uploads\/2025\/06\/10-1-300x200.jpg 300w, https:\/\/marcali.plebania.hu\/wp-content\/uploads\/2025\/06\/10-1-768x512.jpg 768w, https:\/\/marcali.plebania.hu\/wp-content\/uploads\/2025\/06\/10-1-1536x1024.jpg 1536w, https:\/\/marcali.plebania.hu\/wp-content\/uploads\/2025\/06\/10-1-2048x1365.jpg 2048w, https:\/\/marcali.plebania.hu\/wp-content\/uploads\/2025\/06\/10-1-405x270.jpg 405w\" sizes=\"auto, (max-width: 1024px) 100vw, 1024px\" \/><\/figure>\n<\/figure>\n\n\n\n<p>A szentmis\u00e9t Tomanek Ferenc \u00c1ron pl\u00e9b\u00e1nos celebr\u00e1lta, aki \u00f6sszesen 42 negyedik oszt\u00e1lyos hittanos gyermeket \u00e1ldoztatott meg. Ezek a di\u00e1kok a Marcali Miksz\u00e1th \u00e9s a Noszlopy iskol\u00e1kban tanulnak.<\/p>\n\n\n\n<p>A szertart\u00e1s r\u00e9szek\u00e9nt, el\u0151sz\u00f6r az els\u0151\u00e1ldoz\u00f3k k\u00f6z\u00fcl egy fi\u00fa \u00e9s egy le\u00e1ny k\u00e9rte meg a sz\u00fcl\u0151ket, hogy \u00e1ldj\u00e1k meg \u0151ket, valamint im\u00e1dkozzanak \u00e9rt\u00fck, hogy J\u00e9zust mindig szeress\u00e9k \u00e9s mindig j\u00f3 gyermekei legyenek. Ezut\u00e1n a sz\u00fcl\u0151k \u00e1ld\u00e1sra emelt k\u00e9zzel meg\u00e1ldott\u00e1k a gyermekeiket.<\/p>\n\n\n\n<figure class=\"wp-block-gallery has-nested-images columns-default is-cropped wp-block-gallery-2 is-layout-flex wp-block-gallery-is-layout-flex\">\n<figure class=\"wp-block-image size-large\"><img loading=\"lazy\" decoding=\"async\" width=\"1024\" height=\"683\" data-id=\"7316\" src=\"https:\/\/marcali.plebania.hu\/wp-content\/uploads\/2025\/06\/14-1-1024x683.jpg\" alt=\"\" class=\"wp-image-7316\" srcset=\"https:\/\/marcali.plebania.hu\/wp-content\/uploads\/2025\/06\/14-1-1024x683.jpg 1024w, https:\/\/marcali.plebania.hu\/wp-content\/uploads\/2025\/06\/14-1-300x200.jpg 300w, https:\/\/marcali.plebania.hu\/wp-content\/uploads\/2025\/06\/14-1-768x512.jpg 768w, https:\/\/marcali.plebania.hu\/wp-content\/uploads\/2025\/06\/14-1-1536x1024.jpg 1536w, https:\/\/marcali.plebania.hu\/wp-content\/uploads\/2025\/06\/14-1-2048x1365.jpg 2048w, https:\/\/marcali.plebania.hu\/wp-content\/uploads\/2025\/06\/14-1-405x270.jpg 405w\" sizes=\"auto, (max-width: 1024px) 100vw, 1024px\" \/><\/figure>\n\n\n\n<figure class=\"wp-block-image size-large\"><img loading=\"lazy\" decoding=\"async\" width=\"1024\" height=\"683\" data-id=\"7317\" src=\"https:\/\/marcali.plebania.hu\/wp-content\/uploads\/2025\/06\/15-1-1024x683.jpg\" alt=\"\" class=\"wp-image-7317\" srcset=\"https:\/\/marcali.plebania.hu\/wp-content\/uploads\/2025\/06\/15-1-1024x683.jpg 1024w, https:\/\/marcali.plebania.hu\/wp-content\/uploads\/2025\/06\/15-1-300x200.jpg 300w, https:\/\/marcali.plebania.hu\/wp-content\/uploads\/2025\/06\/15-1-768x512.jpg 768w, https:\/\/marcali.plebania.hu\/wp-content\/uploads\/2025\/06\/15-1-1536x1024.jpg 1536w, https:\/\/marcali.plebania.hu\/wp-content\/uploads\/2025\/06\/15-1-2048x1365.jpg 2048w, https:\/\/marcali.plebania.hu\/wp-content\/uploads\/2025\/06\/15-1-405x270.jpg 405w\" sizes=\"auto, (max-width: 1024px) 100vw, 1024px\" \/><\/figure>\n\n\n\n<figure class=\"wp-block-image size-large\"><img loading=\"lazy\" decoding=\"async\" width=\"1024\" height=\"683\" data-id=\"7319\" src=\"https:\/\/marcali.plebania.hu\/wp-content\/uploads\/2025\/06\/17-1024x683.jpg\" alt=\"\" class=\"wp-image-7319\" srcset=\"https:\/\/marcali.plebania.hu\/wp-content\/uploads\/2025\/06\/17-1024x683.jpg 1024w, https:\/\/marcali.plebania.hu\/wp-content\/uploads\/2025\/06\/17-300x200.jpg 300w, https:\/\/marcali.plebania.hu\/wp-content\/uploads\/2025\/06\/17-768x512.jpg 768w, https:\/\/marcali.plebania.hu\/wp-content\/uploads\/2025\/06\/17-1536x1024.jpg 1536w, https:\/\/marcali.plebania.hu\/wp-content\/uploads\/2025\/06\/17-2048x1365.jpg 2048w, https:\/\/marcali.plebania.hu\/wp-content\/uploads\/2025\/06\/17-405x270.jpg 405w\" sizes=\"auto, (max-width: 1024px) 100vw, 1024px\" \/><\/figure>\n\n\n\n<figure class=\"wp-block-image size-large\"><img loading=\"lazy\" decoding=\"async\" width=\"1024\" height=\"683\" data-id=\"7318\" src=\"https:\/\/marcali.plebania.hu\/wp-content\/uploads\/2025\/06\/16-1-1024x683.jpg\" alt=\"\" class=\"wp-image-7318\" srcset=\"https:\/\/marcali.plebania.hu\/wp-content\/uploads\/2025\/06\/16-1-1024x683.jpg 1024w, https:\/\/marcali.plebania.hu\/wp-content\/uploads\/2025\/06\/16-1-300x200.jpg 300w, https:\/\/marcali.plebania.hu\/wp-content\/uploads\/2025\/06\/16-1-768x512.jpg 768w, https:\/\/marcali.plebania.hu\/wp-content\/uploads\/2025\/06\/16-1-1536x1024.jpg 1536w, https:\/\/marcali.plebania.hu\/wp-content\/uploads\/2025\/06\/16-1-2048x1365.jpg 2048w, https:\/\/marcali.plebania.hu\/wp-content\/uploads\/2025\/06\/16-1-405x270.jpg 405w\" sizes=\"auto, (max-width: 1024px) 100vw, 1024px\" \/><\/figure>\n<\/figure>\n\n\n\n<p>Majd az els\u0151\u00e1ldoz\u00f3k a pr\u00e9dik\u00e1ci\u00f3 ut\u00e1n kereszts\u00e9gi fogadalmat tettek. Az egyetemes k\u00f6ny\u00f6rg\u00e9seket a sz\u00fcl\u0151k, testv\u00e9rek, \u00e9s term\u00e9szetesen az els\u0151\u00e1ldoz\u00f3k k\u00e9pvisel\u0151i olvast\u00e1k fel. Az \u00e1ldoz\u00e1s ut\u00e1n a gyermekek egy k\u00f6z\u00f6s im\u00e1t mondtak el, amiben megk\u00f6sz\u00f6nt\u00e9k Isten j\u00f3s\u00e1g\u00e1t \u00e9s szeretet\u00e9t, valamint \u00e1ld\u00e1st k\u00e9rtek sz\u00fcleikre, testv\u00e9reikre \u00e9s bar\u00e1taikra is.<\/p>\n\n\n\n<figure class=\"wp-block-gallery has-nested-images columns-default is-cropped wp-block-gallery-3 is-layout-flex wp-block-gallery-is-layout-flex\">\n<figure class=\"wp-block-image size-large\"><img loading=\"lazy\" decoding=\"async\" width=\"1024\" height=\"683\" data-id=\"7322\" src=\"https:\/\/marcali.plebania.hu\/wp-content\/uploads\/2025\/06\/31-1024x683.jpg\" alt=\"\" class=\"wp-image-7322\" srcset=\"https:\/\/marcali.plebania.hu\/wp-content\/uploads\/2025\/06\/31-1024x683.jpg 1024w, https:\/\/marcali.plebania.hu\/wp-content\/uploads\/2025\/06\/31-300x200.jpg 300w, https:\/\/marcali.plebania.hu\/wp-content\/uploads\/2025\/06\/31-768x512.jpg 768w, https:\/\/marcali.plebania.hu\/wp-content\/uploads\/2025\/06\/31-1536x1024.jpg 1536w, https:\/\/marcali.plebania.hu\/wp-content\/uploads\/2025\/06\/31-2048x1365.jpg 2048w, https:\/\/marcali.plebania.hu\/wp-content\/uploads\/2025\/06\/31-405x270.jpg 405w\" sizes=\"auto, (max-width: 1024px) 100vw, 1024px\" \/><\/figure>\n\n\n\n<figure class=\"wp-block-image size-large\"><img loading=\"lazy\" decoding=\"async\" width=\"1024\" height=\"683\" data-id=\"7323\" src=\"https:\/\/marcali.plebania.hu\/wp-content\/uploads\/2025\/06\/35-1-1024x683.jpg\" alt=\"\" class=\"wp-image-7323\" srcset=\"https:\/\/marcali.plebania.hu\/wp-content\/uploads\/2025\/06\/35-1-1024x683.jpg 1024w, https:\/\/marcali.plebania.hu\/wp-content\/uploads\/2025\/06\/35-1-300x200.jpg 300w, https:\/\/marcali.plebania.hu\/wp-content\/uploads\/2025\/06\/35-1-768x512.jpg 768w, https:\/\/marcali.plebania.hu\/wp-content\/uploads\/2025\/06\/35-1-1536x1024.jpg 1536w, https:\/\/marcali.plebania.hu\/wp-content\/uploads\/2025\/06\/35-1-2048x1365.jpg 2048w, https:\/\/marcali.plebania.hu\/wp-content\/uploads\/2025\/06\/35-1-405x270.jpg 405w\" sizes=\"auto, (max-width: 1024px) 100vw, 1024px\" \/><\/figure>\n\n\n\n<figure class=\"wp-block-image size-large\"><img loading=\"lazy\" decoding=\"async\" width=\"1024\" height=\"683\" data-id=\"7326\" src=\"https:\/\/marcali.plebania.hu\/wp-content\/uploads\/2025\/06\/36-1-1024x683.jpg\" alt=\"\" class=\"wp-image-7326\" srcset=\"https:\/\/marcali.plebania.hu\/wp-content\/uploads\/2025\/06\/36-1-1024x683.jpg 1024w, https:\/\/marcali.plebania.hu\/wp-content\/uploads\/2025\/06\/36-1-300x200.jpg 300w, https:\/\/marcali.plebania.hu\/wp-content\/uploads\/2025\/06\/36-1-768x512.jpg 768w, https:\/\/marcali.plebania.hu\/wp-content\/uploads\/2025\/06\/36-1-1536x1024.jpg 1536w, https:\/\/marcali.plebania.hu\/wp-content\/uploads\/2025\/06\/36-1-2048x1365.jpg 2048w, https:\/\/marcali.plebania.hu\/wp-content\/uploads\/2025\/06\/36-1-405x270.jpg 405w\" sizes=\"auto, (max-width: 1024px) 100vw, 1024px\" \/><\/figure>\n\n\n\n<figure class=\"wp-block-image size-large\"><img loading=\"lazy\" decoding=\"async\" width=\"1024\" height=\"683\" data-id=\"7321\" src=\"https:\/\/marcali.plebania.hu\/wp-content\/uploads\/2025\/06\/33-1-1024x683.jpg\" alt=\"\" class=\"wp-image-7321\" srcset=\"https:\/\/marcali.plebania.hu\/wp-content\/uploads\/2025\/06\/33-1-1024x683.jpg 1024w, https:\/\/marcali.plebania.hu\/wp-content\/uploads\/2025\/06\/33-1-300x200.jpg 300w, https:\/\/marcali.plebania.hu\/wp-content\/uploads\/2025\/06\/33-1-768x512.jpg 768w, https:\/\/marcali.plebania.hu\/wp-content\/uploads\/2025\/06\/33-1-1536x1024.jpg 1536w, https:\/\/marcali.plebania.hu\/wp-content\/uploads\/2025\/06\/33-1-2048x1365.jpg 2048w, https:\/\/marcali.plebania.hu\/wp-content\/uploads\/2025\/06\/33-1-405x270.jpg 405w\" sizes=\"auto, (max-width: 1024px) 100vw, 1024px\" \/><\/figure>\n<\/figure>\n\n\n\n<p>Az \u00fcnneps\u00e9get az els\u0151\u00e1ldoz\u00f3k pedag\u00f3gusai k\u00f6z\u00fcl t\u00f6bben is megtisztelt\u00e9k jelenl\u00e9t\u00fckkel a csal\u00e1dok \u00e9s a h\u00edvek sokas\u00e1ga mellett. A felk\u00e9sz\u00edt\u0151 hitoktat\u00f3n\u0151k: Bojtorn\u00e9 Kir\u00e1ly M\u00e1rta \u00e9s Pozsonyin\u00e9 Kiss M\u00e1ria voltak. Az istentiszteleten a Marcali F\u00e9ny Gyermekei Katolikus Zenekar git\u00e1ros \u00e9nekekkel, Balogh B\u00e1lint k\u00e1ntor pedig orgon\u00e1n m\u0171k\u00f6d\u00f6tt k\u00f6zre.<\/p>\n\n\n\n<figure class=\"wp-block-image size-large\"><img loading=\"lazy\" decoding=\"async\" width=\"1024\" height=\"683\" src=\"https:\/\/marcali.plebania.hu\/wp-content\/uploads\/2025\/06\/37-1-1024x683.jpg\" alt=\"\" class=\"wp-image-7327\" srcset=\"https:\/\/marcali.plebania.hu\/wp-content\/uploads\/2025\/06\/37-1-1024x683.jpg 1024w, https:\/\/marcali.plebania.hu\/wp-content\/uploads\/2025\/06\/37-1-300x200.jpg 300w, https:\/\/marcali.plebania.hu\/wp-content\/uploads\/2025\/06\/37-1-768x512.jpg 768w, https:\/\/marcali.plebania.hu\/wp-content\/uploads\/2025\/06\/37-1-1536x1024.jpg 1536w, https:\/\/marcali.plebania.hu\/wp-content\/uploads\/2025\/06\/37-1-2048x1365.jpg 2048w, https:\/\/marcali.plebania.hu\/wp-content\/uploads\/2025\/06\/37-1-405x270.jpg 405w\" sizes=\"auto, (max-width: 1024px) 100vw, 1024px\" \/><\/figure>\n\n\n\n<p><\/p>\n\n\n\n<p>\u00cdrta \u00e9s fot\u00f3k: Kiss K\u00e1lm\u00e1n<\/p>\n","protected":false},"excerpt":{"rendered":"<p>2025. j\u00fanius 1-\u00e9n, vas\u00e1rnap 9 \u00f3rakor \u00fcnnepi keretek k\u00f6z\u00f6tt kezd\u0151d\u00f6tt a 2025. \u00e9vi els\u0151\u00e1ldoz\u00e1s a Marcali Gy\u00fcm\u00f6lcsolt\u00f3 Boldogasszony Pl\u00e9b\u00e1niatemplomban. A szentmis\u00e9t Tomanek Ferenc \u00c1ron pl\u00e9b\u00e1nos celebr\u00e1lta, aki \u00f6sszesen 42 negyedik oszt\u00e1lyos hittanos gyermeket \u00e1ldoztatott meg. Ezek a di\u00e1kok a Marcali Miksz\u00e1th \u00e9s a Noszlopy iskol\u00e1kban tanulnak. A szertart\u00e1s r\u00e9szek\u00e9nt, el\u0151sz\u00f6r az els\u0151\u00e1ldoz\u00f3k k\u00f6z\u00fcl egy fi\u00fa \u00e9s egy le\u00e1ny k\u00e9rte meg a sz\u00fcl\u0151ket, hogy \u00e1ldj\u00e1k meg \u0151ket, valamint im\u00e1dkozzanak \u00e9rt\u00fck, hogy J\u00e9zust mindig szeress\u00e9k \u00e9s mindig j\u00f3 gyermekei legyenek. Ezut\u00e1n a&#8230;<\/p>\n<p class=\"read-more\"><a class=\"btn btn-default\" href=\"https:\/\/marcali.plebania.hu\/?p=7310\"> Read More<span class=\"screen-reader-text\">  Read More<\/span><\/a><\/p>\n","protected":false},"author":2,"featured_media":0,"comment_status":"closed","ping_status":"open","sticky":false,"template":"","format":"standard","meta":{"footnotes":""},"categories":[1],"tags":[],"class_list":["post-7310","post","type-post","status-publish","format-standard","hentry","category-egyeb"],"_links":{"self":[{"href":"https:\/\/marcali.plebania.hu\/index.php?rest_route=\/wp\/v2\/posts\/7310","targetHints":{"allow":["GET"]}}],"collection":[{"href":"https:\/\/marcali.plebania.hu\/index.php?rest_route=\/wp\/v2\/posts"}],"about":[{"href":"https:\/\/marcali.plebania.hu\/index.php?rest_route=\/wp\/v2\/types\/post"}],"author":[{"embeddable":true,"href":"https:\/\/marcali.plebania.hu\/index.php?rest_route=\/wp\/v2\/users\/2"}],"replies":[{"embeddable":true,"href":"https:\/\/marcali.plebania.hu\/index.php?rest_route=%2Fwp%2Fv2%2Fcomments&post=7310"}],"version-history":[{"count":1,"href":"https:\/\/marcali.plebania.hu\/index.php?rest_route=\/wp\/v2\/posts\/7310\/revisions"}],"predecessor-version":[{"id":7328,"href":"https:\/\/marcali.plebania.hu\/index.php?rest_route=\/wp\/v2\/posts\/7310\/revisions\/7328"}],"wp:attachment":[{"href":"https:\/\/marcali.plebania.hu\/index.php?rest_route=%2Fwp%2Fv2%2Fmedia&parent=7310"}],"wp:term":[{"taxonomy":"category","embeddable":true,"href":"https:\/\/marcali.plebania.hu\/index.php?rest_route=%2Fwp%2Fv2%2Fcategories&post=7310"},{"taxonomy":"post_tag","embeddable":true,"href":"https:\/\/marcali.plebania.hu\/index.php?rest_route=%2Fwp%2Fv2%2Ftags&post=7310"}],"curies":[{"name":"wp","href":"https:\/\/api.w.org\/{rel}","templated":true}]}}