{"id":7336,"date":"2025-06-07T22:17:03","date_gmt":"2025-06-07T22:17:03","guid":{"rendered":"https:\/\/marcali.plebania.hu\/?p=7336"},"modified":"2025-06-07T22:17:03","modified_gmt":"2025-06-07T22:17:03","slug":"hirdetesek-2025-junius-8-an","status":"publish","type":"post","link":"https:\/\/marcali.plebania.hu\/?p=7336","title":{"rendered":"Hirdet\u00e9sek 2025. j\u00fanius 8-\u00e1n"},"content":{"rendered":"\n<p><a href=\"https:\/\/igenaptar.katolikus.hu\/nap\/index.php?holnap=2025-06-08\" target=\"_blank\" rel=\"noreferrer noopener\"><u>P\u00fcnk\u00f6sdvas\u00e1rnap<\/u><\/a><\/p>\n\n\n\n<ol start=\"1\" class=\"wp-block-list\">\n<li>A mai \u00fcnnepen egyetlen k\u00f6z\u00f6s pl\u00e9b\u00e1niai <strong>szentmise <\/strong>lesz, 9 \u00f3rakor a pl\u00e9b\u00e1niatemplomban. D\u00e9lut\u00e1n pedig a k\u00f6z\u00f6ss\u00e9gi programjainkra h\u00edvunk mindenkit:<\/li>\n\n\n\n<li><strong>Pl\u00e9b\u00e1niai nap<\/strong>unk megnyit\u00f3ja 13:30-kor lesz az X-h\u00e1zban (D\u00f3zsa u. 3.). A d\u00e9lut\u00e1n sor\u00e1n k\u00fcl\u00f6nf\u00e9le programokba lehet bekapcsol\u00f3dni: pl. f\u0151z\u0151verseny, kv\u00edz koroszt\u00e1lyok szerint, pingpong \u00e9s csocs\u00f3, k\u00e9zm\u0171ves foglalkoz\u00e1s, valamint a hittanos rajzverseny eredm\u00e9nyhirdet\u00e9se is ekkor lesz. A gyerekek alkot\u00e1saib\u00f3l ki\u00e1ll\u00edt\u00e1s ny\u00edlik.<\/li>\n\n\n\n<li>Este 8 \u00f3rakor pedig a meghirdetett <strong>batyus b\u00e1l<\/strong>unk megnyit\u00f3ja lesz ugyanott. Aki szeretne j\u00f6nni, de m\u00e9g nem vett bel\u00e9p\u0151jegyet, a helysz\u00ednen is megteheti.<\/li>\n\n\n\n<li><span style=\"text-decoration: underline;\">P\u00fcnk\u00f6sdh\u00e9tf\u0151n<\/span> 9 \u00f3rakor szentmis\u00e9t \u00fcnnepl\u00fcnk a pl\u00e9b\u00e1niatemplomban.<\/li>\n\n\n\n<li>A <strong>karit\u00e1sz<\/strong>-tagokat <span style=\"text-decoration: underline;\">kedden<\/span> a mise ut\u00e1n r\u00f6vid <strong>megbesz\u00e9l\u00e9s<\/strong>re h\u00edvjuk a pl\u00e9b\u00e1ni\u00e1ra.<\/li>\n\n\n\n<li>A <strong>feln\u0151tt hittan<\/strong> k\u00f6vetkez\u0151 alkalma <span style=\"text-decoration: underline;\">szerd\u00e1n<\/span> 18:00-kor kezd\u0151dik a pl\u00e9b\u00e1ni\u00e1n.<\/li>\n\n\n\n<li>A <strong>t\u00e1rsast\u00e1nc-iskol\u00e1<\/strong>ba jelentkez\u0151ket <span style=\"text-decoration: underline;\">szerd\u00e1n<\/span> 18:15-re v\u00e1rjuk az X-h\u00e1zba.<\/li>\n\n\n\n<li>A <strong>fatimai ima\u00f3ra<\/strong> <span style=\"text-decoration: underline;\">p\u00e9nteken<\/span> 16:30-kor kezd\u0151dik a pl\u00e9b\u00e1niatemplomban.<\/li>\n\n\n\n<li>J\u00f6v\u0151 <span style=\"text-decoration: underline;\">vas\u00e1rnap<\/span> 11-kor kezd\u0151dik a <strong>b\u00e9rm\u00e1l\u00e1s<\/strong>. Somos L\u00e1szl\u00f3 helyn\u00f6k atya b\u00e9rm\u00e1l, szeretettel h\u00edvjuk k\u00f6z\u00f6ss\u00e9g\u00fcnk minden tagj\u00e1t az \u00fcnnepi mis\u00e9re. Aznap m\u00e1sik d\u00e9lel\u0151tti szentmise nem lesz. (A Boldog Gizella-templomban 17.30-kor lesz szentmise.)<\/li>\n\n\n\n<li>Az <strong>\u00farnapi k\u00f6rmenet<\/strong>hez, ami <span style=\"text-decoration: underline;\">j\u00fanius 22-\u00e9n<\/span> a 9 \u00f3rai szentmise v\u00e9g\u00e9n lesz, a s\u00e1trak \u00e9p\u00edt\u00e9s\u00e9hez f\u00e9rfi seg\u00edts\u00e9get k\u00e9r\u00fcnk, valamint a d\u00edsz\u00edt\u00e9shez vir\u00e1gok \u00e9s lombok felaj\u00e1nl\u00e1s\u00e1t k\u00e9rj\u00fck. A jelentkez\u00e9seket a pl\u00e9b\u00e1ni\u00e1n v\u00e1rjuk. K\u00f6sz\u00f6n\u00fcnk mindenfajta seg\u00edts\u00e9get.<\/li>\n\n\n\n<li>A honlapunk (marcali.plebania.hu) tetej\u00e9n tal\u00e1lhat\u00f3 egy r\u00f6gz\u00edtett bejegyz\u00e9s: \u201eJelentkez\u00e9s a pl\u00e9b\u00e1niai programokra\u201d c\u00edmmel, ezt megnyitva tal\u00e1ljuk a jelentkez\u00e9si lehet\u0151s\u00e9geket. Jelenleg a ny\u00e1ri <strong>napk\u00f6zis t\u00e1bor<\/strong>ra lehet itt jelentkezni j\u00f6v\u0151 vas\u00e1rnapig, valamint egy <strong>esetleges j\u00f6v\u0151 \u00e9vi cs\u00edksomly\u00f3i zar\u00e1ndoklat<\/strong>ra lehet jelezni csatlakoz\u00e1si sz\u00e1nd\u00e9kunkat. Ha lesz el\u00e9g jelentkez\u0151, megszervezz\u00fck a k\u00f6z\u00f6s utaz\u00e1st. Biztatunk mindenkit a k\u00f6z\u00f6ss\u00e9g \u00e9let\u00e9be val\u00f3 bekapcsol\u00f3d\u00e1sba.<\/li>\n<\/ol>\n\n\n\n<hr class=\"wp-block-separator has-alpha-channel-opacity\"\/>\n\n\n\n<figure class=\"wp-block-image size-large\"><img loading=\"lazy\" decoding=\"async\" width=\"1024\" height=\"585\" src=\"https:\/\/marcali.plebania.hu\/wp-content\/uploads\/2025\/06\/250608-1024x585.png\" alt=\"\" class=\"wp-image-7337\" srcset=\"https:\/\/marcali.plebania.hu\/wp-content\/uploads\/2025\/06\/250608-1024x585.png 1024w, https:\/\/marcali.plebania.hu\/wp-content\/uploads\/2025\/06\/250608-300x171.png 300w, https:\/\/marcali.plebania.hu\/wp-content\/uploads\/2025\/06\/250608-768x439.png 768w, https:\/\/marcali.plebania.hu\/wp-content\/uploads\/2025\/06\/250608-1536x878.png 1536w, https:\/\/marcali.plebania.hu\/wp-content\/uploads\/2025\/06\/250608-473x270.png 473w, https:\/\/marcali.plebania.hu\/wp-content\/uploads\/2025\/06\/250608.png 1738w\" sizes=\"auto, (max-width: 1024px) 100vw, 1024px\" \/><\/figure>\n","protected":false},"excerpt":{"rendered":"<p>P\u00fcnk\u00f6sdvas\u00e1rnap<\/p>\n","protected":false},"author":1,"featured_media":0,"comment_status":"closed","ping_status":"open","sticky":false,"template":"","format":"standard","meta":{"footnotes":""},"categories":[3],"tags":[],"class_list":["post-7336","post","type-post","status-publish","format-standard","hentry","category-hirdetesek"],"_links":{"self":[{"href":"https:\/\/marcali.plebania.hu\/index.php?rest_route=\/wp\/v2\/posts\/7336","targetHints":{"allow":["GET"]}}],"collection":[{"href":"https:\/\/marcali.plebania.hu\/index.php?rest_route=\/wp\/v2\/posts"}],"about":[{"href":"https:\/\/marcali.plebania.hu\/index.php?rest_route=\/wp\/v2\/types\/post"}],"author":[{"embeddable":true,"href":"https:\/\/marcali.plebania.hu\/index.php?rest_route=\/wp\/v2\/users\/1"}],"replies":[{"embeddable":true,"href":"https:\/\/marcali.plebania.hu\/index.php?rest_route=%2Fwp%2Fv2%2Fcomments&post=7336"}],"version-history":[{"count":1,"href":"https:\/\/marcali.plebania.hu\/index.php?rest_route=\/wp\/v2\/posts\/7336\/revisions"}],"predecessor-version":[{"id":7338,"href":"https:\/\/marcali.plebania.hu\/index.php?rest_route=\/wp\/v2\/posts\/7336\/revisions\/7338"}],"wp:attachment":[{"href":"https:\/\/marcali.plebania.hu\/index.php?rest_route=%2Fwp%2Fv2%2Fmedia&parent=7336"}],"wp:term":[{"taxonomy":"category","embeddable":true,"href":"https:\/\/marcali.plebania.hu\/index.php?rest_route=%2Fwp%2Fv2%2Fcategories&post=7336"},{"taxonomy":"post_tag","embeddable":true,"href":"https:\/\/marcali.plebania.hu\/index.php?rest_route=%2Fwp%2Fv2%2Ftags&post=7336"}],"curies":[{"name":"wp","href":"https:\/\/api.w.org\/{rel}","templated":true}]}}