{"id":7342,"date":"2025-06-12T08:01:21","date_gmt":"2025-06-12T08:01:21","guid":{"rendered":"https:\/\/marcali.plebania.hu\/?p=7342"},"modified":"2025-06-12T08:01:21","modified_gmt":"2025-06-12T08:01:21","slug":"punkosdi-plebaniai-nap-az-x-hazban","status":"publish","type":"post","link":"https:\/\/marcali.plebania.hu\/?p=7342","title":{"rendered":"P\u00fcnk\u00f6sdi pl\u00e9b\u00e1niai nap az X-h\u00e1zban"},"content":{"rendered":"\n<p>2025. j\u00fanius 8-\u00e1n, p\u00fcnk\u00f6sdvas\u00e1rnap d\u00e9lut\u00e1n, els\u0151 alkalommal szervezett a Gy\u00fcm\u00f6lcsolt\u00f3 Boldogasszony Pl\u00e9b\u00e1nia P\u00fcnk\u00f6sdi Pl\u00e9b\u00e1niai Napot az X-h\u00e1zban.<\/p>\n\n\n\n<figure class=\"wp-block-gallery has-nested-images columns-default is-cropped wp-block-gallery-1 is-layout-flex wp-block-gallery-is-layout-flex\">\n<figure class=\"wp-block-image size-large\"><img loading=\"lazy\" decoding=\"async\" width=\"1024\" height=\"683\" data-id=\"7347\" src=\"https:\/\/marcali.plebania.hu\/wp-content\/uploads\/2025\/06\/01-1024x683.jpg\" alt=\"\" class=\"wp-image-7347\" srcset=\"https:\/\/marcali.plebania.hu\/wp-content\/uploads\/2025\/06\/01-1024x683.jpg 1024w, https:\/\/marcali.plebania.hu\/wp-content\/uploads\/2025\/06\/01-300x200.jpg 300w, https:\/\/marcali.plebania.hu\/wp-content\/uploads\/2025\/06\/01-768x512.jpg 768w, https:\/\/marcali.plebania.hu\/wp-content\/uploads\/2025\/06\/01-1536x1024.jpg 1536w, https:\/\/marcali.plebania.hu\/wp-content\/uploads\/2025\/06\/01-2048x1365.jpg 2048w, https:\/\/marcali.plebania.hu\/wp-content\/uploads\/2025\/06\/01-405x270.jpg 405w\" sizes=\"auto, (max-width: 1024px) 100vw, 1024px\" \/><\/figure>\n\n\n\n<figure class=\"wp-block-image size-large\"><img loading=\"lazy\" decoding=\"async\" width=\"1024\" height=\"683\" data-id=\"7345\" src=\"https:\/\/marcali.plebania.hu\/wp-content\/uploads\/2025\/06\/03-1-1024x683.jpg\" alt=\"\" class=\"wp-image-7345\" srcset=\"https:\/\/marcali.plebania.hu\/wp-content\/uploads\/2025\/06\/03-1-1024x683.jpg 1024w, https:\/\/marcali.plebania.hu\/wp-content\/uploads\/2025\/06\/03-1-300x200.jpg 300w, https:\/\/marcali.plebania.hu\/wp-content\/uploads\/2025\/06\/03-1-768x512.jpg 768w, https:\/\/marcali.plebania.hu\/wp-content\/uploads\/2025\/06\/03-1-1536x1024.jpg 1536w, https:\/\/marcali.plebania.hu\/wp-content\/uploads\/2025\/06\/03-1-2048x1365.jpg 2048w, https:\/\/marcali.plebania.hu\/wp-content\/uploads\/2025\/06\/03-1-405x270.jpg 405w\" sizes=\"auto, (max-width: 1024px) 100vw, 1024px\" \/><\/figure>\n\n\n\n<figure class=\"wp-block-image size-large\"><img loading=\"lazy\" decoding=\"async\" width=\"1024\" height=\"683\" data-id=\"7357\" src=\"https:\/\/marcali.plebania.hu\/wp-content\/uploads\/2025\/06\/50-1024x683.jpg\" alt=\"\" class=\"wp-image-7357\" srcset=\"https:\/\/marcali.plebania.hu\/wp-content\/uploads\/2025\/06\/50-1024x683.jpg 1024w, https:\/\/marcali.plebania.hu\/wp-content\/uploads\/2025\/06\/50-300x200.jpg 300w, https:\/\/marcali.plebania.hu\/wp-content\/uploads\/2025\/06\/50-768x512.jpg 768w, https:\/\/marcali.plebania.hu\/wp-content\/uploads\/2025\/06\/50-1536x1024.jpg 1536w, https:\/\/marcali.plebania.hu\/wp-content\/uploads\/2025\/06\/50-2048x1365.jpg 2048w, https:\/\/marcali.plebania.hu\/wp-content\/uploads\/2025\/06\/50-405x270.jpg 405w\" sizes=\"auto, (max-width: 1024px) 100vw, 1024px\" \/><\/figure>\n\n\n\n<figure class=\"wp-block-image size-large\"><img loading=\"lazy\" decoding=\"async\" width=\"1024\" height=\"683\" data-id=\"7343\" src=\"https:\/\/marcali.plebania.hu\/wp-content\/uploads\/2025\/06\/05-1-1024x683.jpg\" alt=\"\" class=\"wp-image-7343\" srcset=\"https:\/\/marcali.plebania.hu\/wp-content\/uploads\/2025\/06\/05-1-1024x683.jpg 1024w, https:\/\/marcali.plebania.hu\/wp-content\/uploads\/2025\/06\/05-1-300x200.jpg 300w, https:\/\/marcali.plebania.hu\/wp-content\/uploads\/2025\/06\/05-1-768x512.jpg 768w, https:\/\/marcali.plebania.hu\/wp-content\/uploads\/2025\/06\/05-1-1536x1024.jpg 1536w, https:\/\/marcali.plebania.hu\/wp-content\/uploads\/2025\/06\/05-1-2048x1365.jpg 2048w, https:\/\/marcali.plebania.hu\/wp-content\/uploads\/2025\/06\/05-1-405x270.jpg 405w\" sizes=\"auto, (max-width: 1024px) 100vw, 1024px\" \/><\/figure>\n<\/figure>\n\n\n\n<p>A rendezv\u00e9ny megnyit\u00f3ja 13:30-kor kezd\u0151d\u00f6tt, amikor Tomanek Ferenc \u00c1ron pl\u00e9b\u00e1nos k\u00f6sz\u00f6nt\u00f6tte a megjelenteket. Majd dr. Gyulain\u00e9 Domj\u00e1n Zsuzsanna hitoktat\u00f3 \u00e9s Ferenc atya adt\u00e1k \u00e1t a hittanos rajzversenyben r\u00e9sztvev\u0151knek a d\u00edjakat \u00e9s az aj\u00e1nd\u00e9kokat. A gyerekek alkot\u00e1saib\u00f3l ki\u00e1ll\u00edt\u00e1s is ny\u00edlt, melyet a program sor\u00e1n meg letett tekinteni az X-h\u00e1z nagyterm\u00e9ben.<\/p>\n\n\n\n<p>A d\u00e9lut\u00e1n sor\u00e1n k\u00fcl\u00f6nf\u00e9le programokba lehetett bekapcsol\u00f3dni a r\u00e9sztvev\u0151 di\u00e1koknak, sz\u00fcleiknek \u00e9s a h\u00edveknek is. Volt pl.: f\u0151z\u0151verseny, kv\u00edz koroszt\u00e1lyok szerint, pingpong \u00e9s csocs\u00f3, valamint fagyi ev\u0151-verseny, k\u00fcl\u00f6nb\u00f6z\u0151 \u00fcgyess\u00e9gi j\u00e1t\u00e9kok, k\u00e9zm\u0171ves foglalkoz\u00e1s is. A f\u0151z\u0151versenyben r\u00e9sztvev\u0151 Marcali F\u00e9rfi K\u00f6r tagjai, valamint a Kaposv\u00e1riak Csapata k\u00f6z\u00f6tt v\u00e9g\u00fcl d\u00f6ntetlen eredm\u00e9ny sz\u00fcletett, \u00edgy a f\u0151d\u00edjat fele-fele ar\u00e1nyban, igazs\u00e1gosan elosztott\u00e1k egym\u00e1s k\u00f6z\u00f6tt.<\/p>\n\n\n\n<figure class=\"wp-block-gallery has-nested-images columns-default is-cropped wp-block-gallery-2 is-layout-flex wp-block-gallery-is-layout-flex\">\n<figure class=\"wp-block-image size-large\"><img loading=\"lazy\" decoding=\"async\" width=\"1024\" height=\"683\" data-id=\"7352\" src=\"https:\/\/marcali.plebania.hu\/wp-content\/uploads\/2025\/06\/45-1024x683.jpg\" alt=\"\" class=\"wp-image-7352\" srcset=\"https:\/\/marcali.plebania.hu\/wp-content\/uploads\/2025\/06\/45-1024x683.jpg 1024w, https:\/\/marcali.plebania.hu\/wp-content\/uploads\/2025\/06\/45-300x200.jpg 300w, https:\/\/marcali.plebania.hu\/wp-content\/uploads\/2025\/06\/45-768x512.jpg 768w, https:\/\/marcali.plebania.hu\/wp-content\/uploads\/2025\/06\/45-1536x1024.jpg 1536w, https:\/\/marcali.plebania.hu\/wp-content\/uploads\/2025\/06\/45-2048x1365.jpg 2048w, https:\/\/marcali.plebania.hu\/wp-content\/uploads\/2025\/06\/45-405x270.jpg 405w\" sizes=\"auto, (max-width: 1024px) 100vw, 1024px\" \/><\/figure>\n\n\n\n<figure class=\"wp-block-image size-large\"><img loading=\"lazy\" decoding=\"async\" width=\"1024\" height=\"683\" data-id=\"7353\" src=\"https:\/\/marcali.plebania.hu\/wp-content\/uploads\/2025\/06\/52-1024x683.jpg\" alt=\"\" class=\"wp-image-7353\" srcset=\"https:\/\/marcali.plebania.hu\/wp-content\/uploads\/2025\/06\/52-1024x683.jpg 1024w, https:\/\/marcali.plebania.hu\/wp-content\/uploads\/2025\/06\/52-300x200.jpg 300w, https:\/\/marcali.plebania.hu\/wp-content\/uploads\/2025\/06\/52-768x512.jpg 768w, https:\/\/marcali.plebania.hu\/wp-content\/uploads\/2025\/06\/52-1536x1024.jpg 1536w, https:\/\/marcali.plebania.hu\/wp-content\/uploads\/2025\/06\/52-2048x1365.jpg 2048w, https:\/\/marcali.plebania.hu\/wp-content\/uploads\/2025\/06\/52-405x270.jpg 405w\" sizes=\"auto, (max-width: 1024px) 100vw, 1024px\" \/><\/figure>\n\n\n\n<figure class=\"wp-block-image size-large\"><img loading=\"lazy\" decoding=\"async\" width=\"1024\" height=\"683\" data-id=\"7354\" src=\"https:\/\/marcali.plebania.hu\/wp-content\/uploads\/2025\/06\/56-1024x683.jpg\" alt=\"\" class=\"wp-image-7354\" srcset=\"https:\/\/marcali.plebania.hu\/wp-content\/uploads\/2025\/06\/56-1024x683.jpg 1024w, https:\/\/marcali.plebania.hu\/wp-content\/uploads\/2025\/06\/56-300x200.jpg 300w, https:\/\/marcali.plebania.hu\/wp-content\/uploads\/2025\/06\/56-768x512.jpg 768w, https:\/\/marcali.plebania.hu\/wp-content\/uploads\/2025\/06\/56-1536x1024.jpg 1536w, https:\/\/marcali.plebania.hu\/wp-content\/uploads\/2025\/06\/56-2048x1365.jpg 2048w, https:\/\/marcali.plebania.hu\/wp-content\/uploads\/2025\/06\/56-405x270.jpg 405w\" sizes=\"auto, (max-width: 1024px) 100vw, 1024px\" \/><\/figure>\n\n\n\n<figure class=\"wp-block-image size-large\"><img loading=\"lazy\" decoding=\"async\" width=\"1024\" height=\"683\" data-id=\"7351\" src=\"https:\/\/marcali.plebania.hu\/wp-content\/uploads\/2025\/06\/76-1024x683.jpg\" alt=\"\" class=\"wp-image-7351\" srcset=\"https:\/\/marcali.plebania.hu\/wp-content\/uploads\/2025\/06\/76-1024x683.jpg 1024w, https:\/\/marcali.plebania.hu\/wp-content\/uploads\/2025\/06\/76-300x200.jpg 300w, https:\/\/marcali.plebania.hu\/wp-content\/uploads\/2025\/06\/76-768x512.jpg 768w, https:\/\/marcali.plebania.hu\/wp-content\/uploads\/2025\/06\/76-1536x1024.jpg 1536w, https:\/\/marcali.plebania.hu\/wp-content\/uploads\/2025\/06\/76-2048x1365.jpg 2048w, https:\/\/marcali.plebania.hu\/wp-content\/uploads\/2025\/06\/76-405x270.jpg 405w\" sizes=\"auto, (max-width: 1024px) 100vw, 1024px\" \/><\/figure>\n<\/figure>\n\n\n\n<p>A k\u00f6z\u00f6ss\u00e9g\u00e9p\u00edt\u0151 rendezv\u00e9nyen a Marcali Karit\u00e1sz Csoport tagjai is jelen voltak, akik finom s\u00fctem\u00e9nyekkel k\u00edn\u00e1lt\u00e1k a r\u00e9sztvev\u0151ket. A Pl\u00e9b\u00e1nia P\u00fcnk\u00f6sdi Pl\u00e9b\u00e1niai Nap j\u00f3 hangulatban telt el, mik\u00f6zben az X-h\u00e1z fel\u00faj\u00edt\u00e1s\u00e1ra gy\u0171jt\u00f6ttek a szervez\u0151k.<\/p>\n\n\n\n<p>K\u00f6sz\u00f6net minden k\u00f6zrem\u0171k\u00f6d\u0151nek, seg\u00edt\u0151nek, akik valamivel is hozz\u00e1j\u00e1rultak a d\u00e9lut\u00e1n sikeres lebonyol\u00edt\u00e1s\u00e1hoz!<\/p>\n\n\n\n<p>A Kaposv\u00e1ri Egyh\u00e1zmegye \u201eRem\u00e9nyben \u00e9l\u0151 szentjeink\u201d c. rajzp\u00e1ly\u00e1zat megyei fordul\u00f3j\u00e1n a k\u00f6vetkez\u0151 kateg\u00f3ri\u00e1kban 1. helyez\u00e9st \u00e9rtek el: Fazekas Emma R\u00f3za (3-4. oszt\u00e1ly), Gyulav\u00e1ri Bor\u00f3ka (5-6. oszt\u00e1ly), Vimmer Kitti (5-6. oszt\u00e1ly) \u00e9s S\u00e1ndor R\u00e9ka (k\u00f6z\u00e9piskola).<\/p>\n\n\n\n<figure class=\"wp-block-gallery has-nested-images columns-default is-cropped wp-block-gallery-3 is-layout-flex wp-block-gallery-is-layout-flex\">\n<figure class=\"wp-block-image size-large\"><img loading=\"lazy\" decoding=\"async\" width=\"768\" height=\"1024\" data-id=\"7355\" src=\"https:\/\/marcali.plebania.hu\/wp-content\/uploads\/2025\/06\/Sandor-Raka_-Gyulavari-Boroka_Fazekas-Emma-Roza-768x1024.jpeg\" alt=\"\" class=\"wp-image-7355\" srcset=\"https:\/\/marcali.plebania.hu\/wp-content\/uploads\/2025\/06\/Sandor-Raka_-Gyulavari-Boroka_Fazekas-Emma-Roza-768x1024.jpeg 768w, https:\/\/marcali.plebania.hu\/wp-content\/uploads\/2025\/06\/Sandor-Raka_-Gyulavari-Boroka_Fazekas-Emma-Roza-225x300.jpeg 225w, https:\/\/marcali.plebania.hu\/wp-content\/uploads\/2025\/06\/Sandor-Raka_-Gyulavari-Boroka_Fazekas-Emma-Roza-1152x1536.jpeg 1152w, https:\/\/marcali.plebania.hu\/wp-content\/uploads\/2025\/06\/Sandor-Raka_-Gyulavari-Boroka_Fazekas-Emma-Roza-1536x2048.jpeg 1536w, https:\/\/marcali.plebania.hu\/wp-content\/uploads\/2025\/06\/Sandor-Raka_-Gyulavari-Boroka_Fazekas-Emma-Roza-203x270.jpeg 203w, https:\/\/marcali.plebania.hu\/wp-content\/uploads\/2025\/06\/Sandor-Raka_-Gyulavari-Boroka_Fazekas-Emma-Roza-scaled.jpeg 1920w\" sizes=\"auto, (max-width: 768px) 100vw, 768px\" \/><\/figure>\n\n\n\n<figure class=\"wp-block-image size-large\"><img loading=\"lazy\" decoding=\"async\" width=\"768\" height=\"1024\" data-id=\"7356\" src=\"https:\/\/marcali.plebania.hu\/wp-content\/uploads\/2025\/06\/Vimmer-Kitti-768x1024.jpeg\" alt=\"\" class=\"wp-image-7356\" srcset=\"https:\/\/marcali.plebania.hu\/wp-content\/uploads\/2025\/06\/Vimmer-Kitti-768x1024.jpeg 768w, https:\/\/marcali.plebania.hu\/wp-content\/uploads\/2025\/06\/Vimmer-Kitti-225x300.jpeg 225w, https:\/\/marcali.plebania.hu\/wp-content\/uploads\/2025\/06\/Vimmer-Kitti-1152x1536.jpeg 1152w, https:\/\/marcali.plebania.hu\/wp-content\/uploads\/2025\/06\/Vimmer-Kitti-1536x2048.jpeg 1536w, https:\/\/marcali.plebania.hu\/wp-content\/uploads\/2025\/06\/Vimmer-Kitti-203x270.jpeg 203w, https:\/\/marcali.plebania.hu\/wp-content\/uploads\/2025\/06\/Vimmer-Kitti-scaled.jpeg 1920w\" sizes=\"auto, (max-width: 768px) 100vw, 768px\" \/><\/figure>\n<\/figure>\n\n\n\n<p>A rajzverseny tov\u00e1bbi r\u00e9sztvev\u0151i: Palacsk\u00f3 Zo\u00e9, Miklovics Alex, Strohmajer Zs\u00f3fia, Bogd\u00e1n N\u00f3ra, Bogd\u00e1n Lorena, Pandur \u00c1kos, Vetro Dorka Rebeka, Erd\u0151di-Bauer M\u00e9da, Ujlaki Vikt\u00f3ria, Kutika Rik\u00e1rdo Bertalan, Miklovics J\u00f3zsef, Sz\u00edj Emese, Vajda Bor\u00f3ka, Garai Rich\u00e1rd, B\u00e9res Ad\u00e9l, Sz\u00e9p Luca Enik\u0151, M\u00e1t\u00e9 D\u00f3ra, Kov\u00e1cs Dorka, Subicz \u00c1d\u00e1m, K\u00e1m\u00e1n Anna, Juh\u00e1sz Janka, Mozs\u00e1r Hanna, Bogd\u00e1n Csenge Ad\u00e9l, Varga Luca, Vir\u00e1g N\u00f3ra, Horv\u00e1th Barnab\u00e1s, Krulik \u00c1d\u00e1m, Horv\u00e1t Mira Korina, K\u00f6hler S\u00e1ra N\u00f3ra, Horv\u00e1th Viktor, Jagadics Hanna, Tak\u00e1cs Larissza, Horv\u00e1th Dori\u00e1n, Szil\u00e1gyi Hanna Zselyke.<\/p>\n\n\n\n<figure class=\"wp-block-gallery has-nested-images columns-default is-cropped wp-block-gallery-4 is-layout-flex wp-block-gallery-is-layout-flex\">\n<figure class=\"wp-block-image size-large\"><img loading=\"lazy\" decoding=\"async\" width=\"1024\" height=\"683\" data-id=\"7362\" src=\"https:\/\/marcali.plebania.hu\/wp-content\/uploads\/2025\/06\/26-1024x683.jpg\" alt=\"\" class=\"wp-image-7362\" srcset=\"https:\/\/marcali.plebania.hu\/wp-content\/uploads\/2025\/06\/26-1024x683.jpg 1024w, https:\/\/marcali.plebania.hu\/wp-content\/uploads\/2025\/06\/26-300x200.jpg 300w, https:\/\/marcali.plebania.hu\/wp-content\/uploads\/2025\/06\/26-768x512.jpg 768w, https:\/\/marcali.plebania.hu\/wp-content\/uploads\/2025\/06\/26-1536x1024.jpg 1536w, https:\/\/marcali.plebania.hu\/wp-content\/uploads\/2025\/06\/26-2048x1365.jpg 2048w, https:\/\/marcali.plebania.hu\/wp-content\/uploads\/2025\/06\/26-405x270.jpg 405w\" sizes=\"auto, (max-width: 1024px) 100vw, 1024px\" \/><\/figure>\n\n\n\n<figure class=\"wp-block-image size-large\"><img loading=\"lazy\" decoding=\"async\" width=\"1024\" height=\"683\" data-id=\"7364\" src=\"https:\/\/marcali.plebania.hu\/wp-content\/uploads\/2025\/06\/17-1-1024x683.jpg\" alt=\"\" class=\"wp-image-7364\" srcset=\"https:\/\/marcali.plebania.hu\/wp-content\/uploads\/2025\/06\/17-1-1024x683.jpg 1024w, https:\/\/marcali.plebania.hu\/wp-content\/uploads\/2025\/06\/17-1-300x200.jpg 300w, https:\/\/marcali.plebania.hu\/wp-content\/uploads\/2025\/06\/17-1-768x512.jpg 768w, https:\/\/marcali.plebania.hu\/wp-content\/uploads\/2025\/06\/17-1-1536x1024.jpg 1536w, https:\/\/marcali.plebania.hu\/wp-content\/uploads\/2025\/06\/17-1-2048x1365.jpg 2048w, https:\/\/marcali.plebania.hu\/wp-content\/uploads\/2025\/06\/17-1-405x270.jpg 405w\" sizes=\"auto, (max-width: 1024px) 100vw, 1024px\" \/><\/figure>\n\n\n\n<figure class=\"wp-block-image size-large\"><img loading=\"lazy\" decoding=\"async\" width=\"1024\" height=\"683\" data-id=\"7363\" src=\"https:\/\/marcali.plebania.hu\/wp-content\/uploads\/2025\/06\/30-1-1024x683.jpg\" alt=\"\" class=\"wp-image-7363\" srcset=\"https:\/\/marcali.plebania.hu\/wp-content\/uploads\/2025\/06\/30-1-1024x683.jpg 1024w, https:\/\/marcali.plebania.hu\/wp-content\/uploads\/2025\/06\/30-1-300x200.jpg 300w, https:\/\/marcali.plebania.hu\/wp-content\/uploads\/2025\/06\/30-1-768x512.jpg 768w, https:\/\/marcali.plebania.hu\/wp-content\/uploads\/2025\/06\/30-1-1536x1024.jpg 1536w, https:\/\/marcali.plebania.hu\/wp-content\/uploads\/2025\/06\/30-1-2048x1365.jpg 2048w, https:\/\/marcali.plebania.hu\/wp-content\/uploads\/2025\/06\/30-1-405x270.jpg 405w\" sizes=\"auto, (max-width: 1024px) 100vw, 1024px\" \/><\/figure>\n\n\n\n<figure class=\"wp-block-image size-large\"><img loading=\"lazy\" decoding=\"async\" width=\"1024\" height=\"683\" data-id=\"7361\" src=\"https:\/\/marcali.plebania.hu\/wp-content\/uploads\/2025\/06\/35-2-1024x683.jpg\" alt=\"\" class=\"wp-image-7361\" srcset=\"https:\/\/marcali.plebania.hu\/wp-content\/uploads\/2025\/06\/35-2-1024x683.jpg 1024w, https:\/\/marcali.plebania.hu\/wp-content\/uploads\/2025\/06\/35-2-300x200.jpg 300w, https:\/\/marcali.plebania.hu\/wp-content\/uploads\/2025\/06\/35-2-768x512.jpg 768w, https:\/\/marcali.plebania.hu\/wp-content\/uploads\/2025\/06\/35-2-1536x1024.jpg 1536w, https:\/\/marcali.plebania.hu\/wp-content\/uploads\/2025\/06\/35-2-2048x1365.jpg 2048w, https:\/\/marcali.plebania.hu\/wp-content\/uploads\/2025\/06\/35-2-405x270.jpg 405w\" sizes=\"auto, (max-width: 1024px) 100vw, 1024px\" \/><\/figure>\n<\/figure>\n\n\n\n<p>K\u00f6sz\u00f6nj\u00fck a szebb\u00e9l-szebb alkot\u00e1sokat! Sz\u00edvb\u0151l gratul\u00e1lunk mindenkinek!<\/p>\n\n\n\n<p><\/p>\n\n\n\n<p>\u00cdrta: Kiss K\u00e1lm\u00e1n<\/p>\n\n\n\n<p>Fot\u00f3k: dr. Gyulain\u00e9 Domj\u00e1n Zsuzsanna \u00e9s Kiss K\u00e1lm\u00e1n<\/p>\n","protected":false},"excerpt":{"rendered":"<p>2025. j\u00fanius 8-\u00e1n, p\u00fcnk\u00f6sdvas\u00e1rnap d\u00e9lut\u00e1n, els\u0151 alkalommal szervezett a Gy\u00fcm\u00f6lcsolt\u00f3 Boldogasszony Pl\u00e9b\u00e1nia P\u00fcnk\u00f6sdi Pl\u00e9b\u00e1niai Napot az X-h\u00e1zban. A rendezv\u00e9ny megnyit\u00f3ja 13:30-kor kezd\u0151d\u00f6tt, amikor Tomanek Ferenc \u00c1ron pl\u00e9b\u00e1nos k\u00f6sz\u00f6nt\u00f6tte a megjelenteket. Majd dr. Gyulain\u00e9 Domj\u00e1n Zsuzsanna hitoktat\u00f3 \u00e9s Ferenc atya adt\u00e1k \u00e1t a hittanos rajzversenyben r\u00e9sztvev\u0151knek a d\u00edjakat \u00e9s az aj\u00e1nd\u00e9kokat. A gyerekek alkot\u00e1saib\u00f3l ki\u00e1ll\u00edt\u00e1s is ny\u00edlt, melyet a program sor\u00e1n meg letett tekinteni az X-h\u00e1z nagyterm\u00e9ben. A d\u00e9lut\u00e1n sor\u00e1n k\u00fcl\u00f6nf\u00e9le programokba lehetett bekapcsol\u00f3dni a r\u00e9sztvev\u0151 di\u00e1koknak, sz\u00fcleiknek \u00e9s a h\u00edveknek&#8230;<\/p>\n<p class=\"read-more\"><a class=\"btn btn-default\" href=\"https:\/\/marcali.plebania.hu\/?p=7342\"> Read More<span class=\"screen-reader-text\">  Read More<\/span><\/a><\/p>\n","protected":false},"author":2,"featured_media":0,"comment_status":"closed","ping_status":"open","sticky":false,"template":"","format":"standard","meta":{"footnotes":""},"categories":[1],"tags":[],"class_list":["post-7342","post","type-post","status-publish","format-standard","hentry","category-egyeb"],"_links":{"self":[{"href":"https:\/\/marcali.plebania.hu\/index.php?rest_route=\/wp\/v2\/posts\/7342","targetHints":{"allow":["GET"]}}],"collection":[{"href":"https:\/\/marcali.plebania.hu\/index.php?rest_route=\/wp\/v2\/posts"}],"about":[{"href":"https:\/\/marcali.plebania.hu\/index.php?rest_route=\/wp\/v2\/types\/post"}],"author":[{"embeddable":true,"href":"https:\/\/marcali.plebania.hu\/index.php?rest_route=\/wp\/v2\/users\/2"}],"replies":[{"embeddable":true,"href":"https:\/\/marcali.plebania.hu\/index.php?rest_route=%2Fwp%2Fv2%2Fcomments&post=7342"}],"version-history":[{"count":1,"href":"https:\/\/marcali.plebania.hu\/index.php?rest_route=\/wp\/v2\/posts\/7342\/revisions"}],"predecessor-version":[{"id":7365,"href":"https:\/\/marcali.plebania.hu\/index.php?rest_route=\/wp\/v2\/posts\/7342\/revisions\/7365"}],"wp:attachment":[{"href":"https:\/\/marcali.plebania.hu\/index.php?rest_route=%2Fwp%2Fv2%2Fmedia&parent=7342"}],"wp:term":[{"taxonomy":"category","embeddable":true,"href":"https:\/\/marcali.plebania.hu\/index.php?rest_route=%2Fwp%2Fv2%2Fcategories&post=7342"},{"taxonomy":"post_tag","embeddable":true,"href":"https:\/\/marcali.plebania.hu\/index.php?rest_route=%2Fwp%2Fv2%2Ftags&post=7342"}],"curies":[{"name":"wp","href":"https:\/\/api.w.org\/{rel}","templated":true}]}}