{"id":7366,"date":"2025-06-12T08:05:28","date_gmt":"2025-06-12T08:05:28","guid":{"rendered":"https:\/\/marcali.plebania.hu\/?p=7366"},"modified":"2025-06-12T08:05:28","modified_gmt":"2025-06-12T08:05:28","slug":"punkosdi-batyus-bal-az-x-hazban","status":"publish","type":"post","link":"https:\/\/marcali.plebania.hu\/?p=7366","title":{"rendered":"P\u00fcnk\u00f6sdi batyus b\u00e1l az X-h\u00e1zban"},"content":{"rendered":"\n<p>2025. j\u00fanius 8-\u00e1n, p\u00fcnk\u00f6sdvas\u00e1rnap este, els\u0151 alkalommal szervezett P\u00fcnk\u00f6sdi batyus b\u00e1lt a Gy\u00fcm\u00f6lcsolt\u00f3 Boldogasszony Pl\u00e9b\u00e1nia az X-h\u00e1zban.<\/p>\n\n\n\n<figure class=\"wp-block-gallery has-nested-images columns-default is-cropped wp-block-gallery-1 is-layout-flex wp-block-gallery-is-layout-flex\">\n<figure class=\"wp-block-image size-large\"><img loading=\"lazy\" decoding=\"async\" width=\"1024\" height=\"683\" data-id=\"7367\" src=\"https:\/\/marcali.plebania.hu\/wp-content\/uploads\/2025\/06\/02-2-1024x683.jpg\" alt=\"\" class=\"wp-image-7367\" srcset=\"https:\/\/marcali.plebania.hu\/wp-content\/uploads\/2025\/06\/02-2-1024x683.jpg 1024w, https:\/\/marcali.plebania.hu\/wp-content\/uploads\/2025\/06\/02-2-300x200.jpg 300w, https:\/\/marcali.plebania.hu\/wp-content\/uploads\/2025\/06\/02-2-768x512.jpg 768w, https:\/\/marcali.plebania.hu\/wp-content\/uploads\/2025\/06\/02-2-1536x1024.jpg 1536w, https:\/\/marcali.plebania.hu\/wp-content\/uploads\/2025\/06\/02-2-2048x1365.jpg 2048w, https:\/\/marcali.plebania.hu\/wp-content\/uploads\/2025\/06\/02-2-405x270.jpg 405w\" sizes=\"auto, (max-width: 1024px) 100vw, 1024px\" \/><\/figure>\n\n\n\n<figure class=\"wp-block-image size-large\"><img loading=\"lazy\" decoding=\"async\" width=\"1024\" height=\"683\" data-id=\"7371\" src=\"https:\/\/marcali.plebania.hu\/wp-content\/uploads\/2025\/06\/06-1-1024x683.jpg\" alt=\"\" class=\"wp-image-7371\" srcset=\"https:\/\/marcali.plebania.hu\/wp-content\/uploads\/2025\/06\/06-1-1024x683.jpg 1024w, https:\/\/marcali.plebania.hu\/wp-content\/uploads\/2025\/06\/06-1-300x200.jpg 300w, https:\/\/marcali.plebania.hu\/wp-content\/uploads\/2025\/06\/06-1-768x512.jpg 768w, https:\/\/marcali.plebania.hu\/wp-content\/uploads\/2025\/06\/06-1-1536x1024.jpg 1536w, https:\/\/marcali.plebania.hu\/wp-content\/uploads\/2025\/06\/06-1-2048x1365.jpg 2048w, https:\/\/marcali.plebania.hu\/wp-content\/uploads\/2025\/06\/06-1-405x270.jpg 405w\" sizes=\"auto, (max-width: 1024px) 100vw, 1024px\" \/><\/figure>\n\n\n\n<figure class=\"wp-block-image size-large\"><img loading=\"lazy\" decoding=\"async\" width=\"1024\" height=\"683\" data-id=\"7372\" src=\"https:\/\/marcali.plebania.hu\/wp-content\/uploads\/2025\/06\/13-1-1024x683.jpg\" alt=\"\" class=\"wp-image-7372\" srcset=\"https:\/\/marcali.plebania.hu\/wp-content\/uploads\/2025\/06\/13-1-1024x683.jpg 1024w, https:\/\/marcali.plebania.hu\/wp-content\/uploads\/2025\/06\/13-1-300x200.jpg 300w, https:\/\/marcali.plebania.hu\/wp-content\/uploads\/2025\/06\/13-1-768x512.jpg 768w, https:\/\/marcali.plebania.hu\/wp-content\/uploads\/2025\/06\/13-1-1536x1024.jpg 1536w, https:\/\/marcali.plebania.hu\/wp-content\/uploads\/2025\/06\/13-1-2048x1365.jpg 2048w, https:\/\/marcali.plebania.hu\/wp-content\/uploads\/2025\/06\/13-1-405x270.jpg 405w\" sizes=\"auto, (max-width: 1024px) 100vw, 1024px\" \/><\/figure>\n\n\n\n<figure class=\"wp-block-image size-large\"><img loading=\"lazy\" decoding=\"async\" width=\"1024\" height=\"683\" data-id=\"7368\" src=\"https:\/\/marcali.plebania.hu\/wp-content\/uploads\/2025\/06\/05-2-1024x683.jpg\" alt=\"\" class=\"wp-image-7368\" srcset=\"https:\/\/marcali.plebania.hu\/wp-content\/uploads\/2025\/06\/05-2-1024x683.jpg 1024w, https:\/\/marcali.plebania.hu\/wp-content\/uploads\/2025\/06\/05-2-300x200.jpg 300w, https:\/\/marcali.plebania.hu\/wp-content\/uploads\/2025\/06\/05-2-768x512.jpg 768w, https:\/\/marcali.plebania.hu\/wp-content\/uploads\/2025\/06\/05-2-1536x1024.jpg 1536w, https:\/\/marcali.plebania.hu\/wp-content\/uploads\/2025\/06\/05-2-2048x1365.jpg 2048w, https:\/\/marcali.plebania.hu\/wp-content\/uploads\/2025\/06\/05-2-405x270.jpg 405w\" sizes=\"auto, (max-width: 1024px) 100vw, 1024px\" \/><\/figure>\n<\/figure>\n\n\n\n<p>A rendezv\u00e9nyt 20 \u00f3rakor Tomanek Ferenc \u00c1ron pl\u00e9b\u00e1nos \u00e9s Kocza Anita f\u0151v\u00e9dn\u00f6k nyitotta meg, illetve k\u00f6sz\u00f6nt\u00f6tte a megjelenteket. A vid\u00e1m hangulat\u00fa b\u00e1lon a zen\u00e9t Gazda Tam\u00e1s szolg\u00e1ltatta. Az est folyam\u00e1n tombolasorsol\u00e1st is tartottak, melynek sor\u00e1n sok \u00e9rt\u00e9kes nyerem\u00e9ny lelt gazd\u00e1ra. A bev\u00e9telt az X-h\u00e1z fel\u00faj\u00edt\u00e1s\u00e1ra k\u00edv\u00e1nj\u00e1k ford\u00edtani a szervez\u0151k.<\/p>\n\n\n\n<figure class=\"wp-block-gallery has-nested-images columns-default is-cropped wp-block-gallery-2 is-layout-flex wp-block-gallery-is-layout-flex\">\n<figure class=\"wp-block-image size-large\"><img loading=\"lazy\" decoding=\"async\" width=\"1024\" height=\"683\" data-id=\"7378\" src=\"https:\/\/marcali.plebania.hu\/wp-content\/uploads\/2025\/06\/30-2-1024x683.jpg\" alt=\"\" class=\"wp-image-7378\" srcset=\"https:\/\/marcali.plebania.hu\/wp-content\/uploads\/2025\/06\/30-2-1024x683.jpg 1024w, https:\/\/marcali.plebania.hu\/wp-content\/uploads\/2025\/06\/30-2-300x200.jpg 300w, https:\/\/marcali.plebania.hu\/wp-content\/uploads\/2025\/06\/30-2-768x512.jpg 768w, https:\/\/marcali.plebania.hu\/wp-content\/uploads\/2025\/06\/30-2-1536x1024.jpg 1536w, https:\/\/marcali.plebania.hu\/wp-content\/uploads\/2025\/06\/30-2-2048x1365.jpg 2048w, https:\/\/marcali.plebania.hu\/wp-content\/uploads\/2025\/06\/30-2-405x270.jpg 405w\" sizes=\"auto, (max-width: 1024px) 100vw, 1024px\" \/><\/figure>\n\n\n\n<figure class=\"wp-block-image size-large\"><img loading=\"lazy\" decoding=\"async\" width=\"1024\" height=\"683\" data-id=\"7377\" src=\"https:\/\/marcali.plebania.hu\/wp-content\/uploads\/2025\/06\/14-2-1024x683.jpg\" alt=\"\" class=\"wp-image-7377\" srcset=\"https:\/\/marcali.plebania.hu\/wp-content\/uploads\/2025\/06\/14-2-1024x683.jpg 1024w, https:\/\/marcali.plebania.hu\/wp-content\/uploads\/2025\/06\/14-2-300x200.jpg 300w, https:\/\/marcali.plebania.hu\/wp-content\/uploads\/2025\/06\/14-2-768x512.jpg 768w, https:\/\/marcali.plebania.hu\/wp-content\/uploads\/2025\/06\/14-2-1536x1024.jpg 1536w, https:\/\/marcali.plebania.hu\/wp-content\/uploads\/2025\/06\/14-2-2048x1365.jpg 2048w, https:\/\/marcali.plebania.hu\/wp-content\/uploads\/2025\/06\/14-2-405x270.jpg 405w\" sizes=\"auto, (max-width: 1024px) 100vw, 1024px\" \/><\/figure>\n\n\n\n<figure class=\"wp-block-image size-large\"><img loading=\"lazy\" decoding=\"async\" width=\"1024\" height=\"683\" data-id=\"7375\" src=\"https:\/\/marcali.plebania.hu\/wp-content\/uploads\/2025\/06\/21-1024x683.jpg\" alt=\"\" class=\"wp-image-7375\" srcset=\"https:\/\/marcali.plebania.hu\/wp-content\/uploads\/2025\/06\/21-1024x683.jpg 1024w, https:\/\/marcali.plebania.hu\/wp-content\/uploads\/2025\/06\/21-300x200.jpg 300w, https:\/\/marcali.plebania.hu\/wp-content\/uploads\/2025\/06\/21-768x512.jpg 768w, https:\/\/marcali.plebania.hu\/wp-content\/uploads\/2025\/06\/21-1536x1024.jpg 1536w, https:\/\/marcali.plebania.hu\/wp-content\/uploads\/2025\/06\/21-2048x1365.jpg 2048w, https:\/\/marcali.plebania.hu\/wp-content\/uploads\/2025\/06\/21-405x270.jpg 405w\" sizes=\"auto, (max-width: 1024px) 100vw, 1024px\" \/><\/figure>\n\n\n\n<figure class=\"wp-block-image size-large\"><img loading=\"lazy\" decoding=\"async\" width=\"1024\" height=\"683\" data-id=\"7379\" src=\"https:\/\/marcali.plebania.hu\/wp-content\/uploads\/2025\/06\/44-1024x683.jpg\" alt=\"\" class=\"wp-image-7379\" srcset=\"https:\/\/marcali.plebania.hu\/wp-content\/uploads\/2025\/06\/44-1024x683.jpg 1024w, https:\/\/marcali.plebania.hu\/wp-content\/uploads\/2025\/06\/44-300x200.jpg 300w, https:\/\/marcali.plebania.hu\/wp-content\/uploads\/2025\/06\/44-768x512.jpg 768w, https:\/\/marcali.plebania.hu\/wp-content\/uploads\/2025\/06\/44-1536x1024.jpg 1536w, https:\/\/marcali.plebania.hu\/wp-content\/uploads\/2025\/06\/44-2048x1365.jpg 2048w, https:\/\/marcali.plebania.hu\/wp-content\/uploads\/2025\/06\/44-405x270.jpg 405w\" sizes=\"auto, (max-width: 1024px) 100vw, 1024px\" \/><\/figure>\n<\/figure>\n\n\n\n<p>K\u00f6sz\u00f6net minden k\u00f6zrem\u0171k\u00f6d\u0151nek, seg\u00edt\u0151nek, t\u00e1mogat\u00f3nak, akik valamivel is hozz\u00e1j\u00e1rultak a b\u00e1l sikeres lebonyol\u00edt\u00e1s\u00e1hoz!<\/p>\n\n\n\n<p><\/p>\n\n\n\n<p>\u00cdrta \u00e9s fot\u00f3k: Kiss K\u00e1lm\u00e1n<\/p>\n","protected":false},"excerpt":{"rendered":"<p>2025. j\u00fanius 8-\u00e1n, p\u00fcnk\u00f6sdvas\u00e1rnap este, els\u0151 alkalommal szervezett P\u00fcnk\u00f6sdi batyus b\u00e1lt a Gy\u00fcm\u00f6lcsolt\u00f3 Boldogasszony Pl\u00e9b\u00e1nia az X-h\u00e1zban. A rendezv\u00e9nyt 20 \u00f3rakor Tomanek Ferenc \u00c1ron pl\u00e9b\u00e1nos \u00e9s Kocza Anita f\u0151v\u00e9dn\u00f6k nyitotta meg, illetve k\u00f6sz\u00f6nt\u00f6tte a megjelenteket. A vid\u00e1m hangulat\u00fa b\u00e1lon a zen\u00e9t Gazda Tam\u00e1s szolg\u00e1ltatta. Az est folyam\u00e1n tombolasorsol\u00e1st is tartottak, melynek sor\u00e1n sok \u00e9rt\u00e9kes nyerem\u00e9ny lelt gazd\u00e1ra. A bev\u00e9telt az X-h\u00e1z fel\u00faj\u00edt\u00e1s\u00e1ra k\u00edv\u00e1nj\u00e1k ford\u00edtani a szervez\u0151k. K\u00f6sz\u00f6net minden k\u00f6zrem\u0171k\u00f6d\u0151nek, seg\u00edt\u0151nek, t\u00e1mogat\u00f3nak, akik valamivel is hozz\u00e1j\u00e1rultak a b\u00e1l sikeres lebonyol\u00edt\u00e1s\u00e1hoz! \u00cdrta&#8230;<\/p>\n<p class=\"read-more\"><a class=\"btn btn-default\" href=\"https:\/\/marcali.plebania.hu\/?p=7366\"> Read More<span class=\"screen-reader-text\">  Read More<\/span><\/a><\/p>\n","protected":false},"author":2,"featured_media":0,"comment_status":"closed","ping_status":"open","sticky":false,"template":"","format":"standard","meta":{"footnotes":""},"categories":[1],"tags":[],"class_list":["post-7366","post","type-post","status-publish","format-standard","hentry","category-egyeb"],"_links":{"self":[{"href":"https:\/\/marcali.plebania.hu\/index.php?rest_route=\/wp\/v2\/posts\/7366","targetHints":{"allow":["GET"]}}],"collection":[{"href":"https:\/\/marcali.plebania.hu\/index.php?rest_route=\/wp\/v2\/posts"}],"about":[{"href":"https:\/\/marcali.plebania.hu\/index.php?rest_route=\/wp\/v2\/types\/post"}],"author":[{"embeddable":true,"href":"https:\/\/marcali.plebania.hu\/index.php?rest_route=\/wp\/v2\/users\/2"}],"replies":[{"embeddable":true,"href":"https:\/\/marcali.plebania.hu\/index.php?rest_route=%2Fwp%2Fv2%2Fcomments&post=7366"}],"version-history":[{"count":1,"href":"https:\/\/marcali.plebania.hu\/index.php?rest_route=\/wp\/v2\/posts\/7366\/revisions"}],"predecessor-version":[{"id":7380,"href":"https:\/\/marcali.plebania.hu\/index.php?rest_route=\/wp\/v2\/posts\/7366\/revisions\/7380"}],"wp:attachment":[{"href":"https:\/\/marcali.plebania.hu\/index.php?rest_route=%2Fwp%2Fv2%2Fmedia&parent=7366"}],"wp:term":[{"taxonomy":"category","embeddable":true,"href":"https:\/\/marcali.plebania.hu\/index.php?rest_route=%2Fwp%2Fv2%2Fcategories&post=7366"},{"taxonomy":"post_tag","embeddable":true,"href":"https:\/\/marcali.plebania.hu\/index.php?rest_route=%2Fwp%2Fv2%2Ftags&post=7366"}],"curies":[{"name":"wp","href":"https:\/\/api.w.org\/{rel}","templated":true}]}}