{"id":7388,"date":"2025-06-15T07:10:52","date_gmt":"2025-06-15T07:10:52","guid":{"rendered":"https:\/\/marcali.plebania.hu\/?p=7388"},"modified":"2025-06-15T07:14:10","modified_gmt":"2025-06-15T07:14:10","slug":"hirdetesek-2025-junius-15-en","status":"publish","type":"post","link":"https:\/\/marcali.plebania.hu\/?p=7388","title":{"rendered":"Hirdet\u00e9sek 2025. j\u00fanius 15-\u00e9n"},"content":{"rendered":"\n<p><a href=\"https:\/\/igenaptar.katolikus.hu\/nap\/index.php?holnap=2025-06-15\" target=\"_blank\" rel=\"noreferrer noopener\"><u>Szenth\u00e1roms\u00e1g vas\u00e1rnapja<\/u><\/a><\/p>\n\n\n\n<ol start=\"1\" class=\"wp-block-list\">\n<li>K\u00f6sz\u00f6nj\u00fck a pl\u00e9b\u00e1niai nap megszervez\u00e9s\u00e9t Domj\u00e1n Zsuzsann\u00e1nak \u00e9s a p\u00fcnk\u00f6sdi b\u00e1l megszervez\u00e9s\u00e9t Kocza Anit\u00e1nak. K\u00f6sz\u00f6nj\u00fck minden seg\u00edt\u0151 munk\u00e1j\u00e1t, a tombolafelaj\u00e1nl\u00e1sokat, valamint a r\u00e9sztvev\u0151knek a bekapcsol\u00f3d\u00e1st a k\u00f6z\u00f6ss\u00e9gi programokba.<\/li>\n\n\n\n<li>Ma 11:00-kor kezd\u0151dik a <strong>b\u00e9rm\u00e1l\u00e1s <\/strong>a pl\u00e9b\u00e1niatemplomban. Somos L\u00e1szl\u00f3 helyn\u00f6k atya b\u00e9rm\u00e1l, szeretettel h\u00edvjuk k\u00f6z\u00f6ss\u00e9g\u00fcnk minden tagj\u00e1t az \u00fcnnepi mis\u00e9re.<\/li>\n\n\n\n<li>A ny\u00e1ri <strong>napk\u00f6zis t\u00e1bor<\/strong>ra ma estig lehet jelentkezni. A honlapunk (marcali.plebania.hu) tetej\u00e9n tal\u00e1lhat\u00f3 egy r\u00f6gz\u00edtett bejegyz\u00e9s: \u201eJelentkez\u00e9s a pl\u00e9b\u00e1niai programokra\u201d c\u00edmmel, itt tal\u00e1ljuk a jelentkez\u00e9si lehet\u0151s\u00e9geket. A ny\u00e1ri pl\u00e9b\u00e1niai t\u00e1bor mellett egy <strong>esetleges j\u00f6v\u0151 \u00e9vi cs\u00edksomly\u00f3i zar\u00e1ndoklat<\/strong>ra lehet jelezni a csatlakoz\u00e1si sz\u00e1nd\u00e9kot. Amennyiben lesz elegend\u0151 jelentkez\u0151, megszervezz\u00fck a k\u00f6z\u00f6s utaz\u00e1st.<\/li>\n\n\n\n<li>A <strong>F\u00e9rfi-k\u00f6r<\/strong> k\u00f6vetkez\u0151 alkalma <span style=\"text-decoration: underline;\">szerd\u00e1n<\/span> 18:00-kor kezd\u0151dik a pl\u00e9b\u00e1ni\u00e1n.<\/li>\n\n\n\n<li>Szeretettel h\u00edvunk minden \u00e9rdekl\u0151d\u0151t <strong>\u201eMi\u00e9rt hiszek?\u201d<\/strong>-sorozatunk k\u00f6vetkez\u0151 alkalm\u00e1ra <span style=\"text-decoration: underline;\">cs\u00fct\u00f6rt\u00f6k\u00f6n<\/span> 18:15-t\u0151l az X-h\u00e1zban. A bel\u00e9p\u00e9s d\u00edjtalan, de a k\u00f6z\u00f6ss\u00e9gi h\u00e1z fel\u00faj\u00edt\u00e1s\u00e1ra adom\u00e1nyt k\u00f6sz\u00f6nettel fogadunk.<\/li>\n\n\n\n<li>Az <strong>\u00farnapi k\u00f6rmenet<\/strong>hez, ami j\u00f6v\u0151 <span style=\"text-decoration: underline;\">vas\u00e1rnap<\/span> (j\u00fan. 22.) a 9 \u00f3rai szentmise v\u00e9g\u00e9n lesz, a s\u00e1trak \u00e9p\u00edt\u00e9s\u00e9hez f\u00e9rfi seg\u00edts\u00e9get k\u00e9r\u00fcnk, valamint a d\u00edsz\u00edt\u00e9shez vir\u00e1gok \u00e9s lombok felaj\u00e1nl\u00e1s\u00e1t k\u00e9rj\u00fck. A jelentkez\u00e9seket a pl\u00e9b\u00e1ni\u00e1n v\u00e1rjuk. K\u00f6sz\u00f6n\u00fcnk minden seg\u00edts\u00e9get. (Ez lesz az egyetlen d\u00e9lel\u0151tti szentmise.)<\/li>\n\n\n\n<li><span style=\"text-decoration: underline;\">J\u00fanius 29<\/span>-\u00e9n a 9 \u00f3rai szentmise lesz a <strong>tan\u00e9v v\u00e9gi h\u00e1laad\u00f3 mis\u00e9<\/strong>nk, amelyre szeretettel h\u00edvunk minden di\u00e1kot, sz\u00fcl\u0151t, pedag\u00f3gust.<\/li>\n\n\n\n<li>K\u00f6sz\u00f6nj\u00fck a hitoktat\u00f3k munk\u00e1j\u00e1t \u00e9s a csal\u00e1dok t\u00e1mogat\u00e1s\u00e1t, amit a b\u00e9rm\u00e1l\u00e1si felk\u00e9sz\u00fcl\u00e9s sor\u00e1n ny\u00fajtottak \u00e9s k\u00f6sz\u00f6nj\u00fck Somos L\u00e1szl\u00f3 helyn\u00f6k aty\u00e1nak, hogy elj\u00f6tt kiszolg\u00e1ltatni a b\u00e9rm\u00e1l\u00e1s szents\u00e9g\u00e9t.<\/li>\n<\/ol>\n\n\n\n<hr class=\"wp-block-separator has-alpha-channel-opacity\"\/>\n\n\n\n<figure class=\"wp-block-image size-large\"><img loading=\"lazy\" decoding=\"async\" width=\"1024\" height=\"496\" src=\"https:\/\/marcali.plebania.hu\/wp-content\/uploads\/2025\/06\/250615-1024x496.png\" alt=\"\" class=\"wp-image-7389\" srcset=\"https:\/\/marcali.plebania.hu\/wp-content\/uploads\/2025\/06\/250615-1024x496.png 1024w, https:\/\/marcali.plebania.hu\/wp-content\/uploads\/2025\/06\/250615-300x145.png 300w, https:\/\/marcali.plebania.hu\/wp-content\/uploads\/2025\/06\/250615-768x372.png 768w, https:\/\/marcali.plebania.hu\/wp-content\/uploads\/2025\/06\/250615-1536x743.png 1536w, https:\/\/marcali.plebania.hu\/wp-content\/uploads\/2025\/06\/250615-558x270.png 558w, https:\/\/marcali.plebania.hu\/wp-content\/uploads\/2025\/06\/250615.png 1839w\" sizes=\"auto, (max-width: 1024px) 100vw, 1024px\" \/><\/figure>\n\n\n\n<hr class=\"wp-block-separator has-alpha-channel-opacity\"\/>\n\n\n\n<figure class=\"wp-block-image size-large\"><img loading=\"lazy\" decoding=\"async\" width=\"724\" height=\"1024\" src=\"https:\/\/marcali.plebania.hu\/wp-content\/uploads\/2025\/06\/MIERT_HISZEK_TOMANEK_FERENC_V1-724x1024.jpg\" alt=\"\" class=\"wp-image-7390\" srcset=\"https:\/\/marcali.plebania.hu\/wp-content\/uploads\/2025\/06\/MIERT_HISZEK_TOMANEK_FERENC_V1-724x1024.jpg 724w, https:\/\/marcali.plebania.hu\/wp-content\/uploads\/2025\/06\/MIERT_HISZEK_TOMANEK_FERENC_V1-212x300.jpg 212w, https:\/\/marcali.plebania.hu\/wp-content\/uploads\/2025\/06\/MIERT_HISZEK_TOMANEK_FERENC_V1-768x1086.jpg 768w, https:\/\/marcali.plebania.hu\/wp-content\/uploads\/2025\/06\/MIERT_HISZEK_TOMANEK_FERENC_V1-1086x1536.jpg 1086w, https:\/\/marcali.plebania.hu\/wp-content\/uploads\/2025\/06\/MIERT_HISZEK_TOMANEK_FERENC_V1-1448x2048.jpg 1448w, https:\/\/marcali.plebania.hu\/wp-content\/uploads\/2025\/06\/MIERT_HISZEK_TOMANEK_FERENC_V1-191x270.jpg 191w, https:\/\/marcali.plebania.hu\/wp-content\/uploads\/2025\/06\/MIERT_HISZEK_TOMANEK_FERENC_V1-scaled.jpg 1811w\" sizes=\"auto, (max-width: 724px) 100vw, 724px\" \/><\/figure>\n","protected":false},"excerpt":{"rendered":"<p>Szenth\u00e1roms\u00e1g vas\u00e1rnapja<\/p>\n","protected":false},"author":1,"featured_media":0,"comment_status":"closed","ping_status":"open","sticky":false,"template":"","format":"standard","meta":{"footnotes":""},"categories":[3],"tags":[],"class_list":["post-7388","post","type-post","status-publish","format-standard","hentry","category-hirdetesek"],"_links":{"self":[{"href":"https:\/\/marcali.plebania.hu\/index.php?rest_route=\/wp\/v2\/posts\/7388","targetHints":{"allow":["GET"]}}],"collection":[{"href":"https:\/\/marcali.plebania.hu\/index.php?rest_route=\/wp\/v2\/posts"}],"about":[{"href":"https:\/\/marcali.plebania.hu\/index.php?rest_route=\/wp\/v2\/types\/post"}],"author":[{"embeddable":true,"href":"https:\/\/marcali.plebania.hu\/index.php?rest_route=\/wp\/v2\/users\/1"}],"replies":[{"embeddable":true,"href":"https:\/\/marcali.plebania.hu\/index.php?rest_route=%2Fwp%2Fv2%2Fcomments&post=7388"}],"version-history":[{"count":2,"href":"https:\/\/marcali.plebania.hu\/index.php?rest_route=\/wp\/v2\/posts\/7388\/revisions"}],"predecessor-version":[{"id":7392,"href":"https:\/\/marcali.plebania.hu\/index.php?rest_route=\/wp\/v2\/posts\/7388\/revisions\/7392"}],"wp:attachment":[{"href":"https:\/\/marcali.plebania.hu\/index.php?rest_route=%2Fwp%2Fv2%2Fmedia&parent=7388"}],"wp:term":[{"taxonomy":"category","embeddable":true,"href":"https:\/\/marcali.plebania.hu\/index.php?rest_route=%2Fwp%2Fv2%2Fcategories&post=7388"},{"taxonomy":"post_tag","embeddable":true,"href":"https:\/\/marcali.plebania.hu\/index.php?rest_route=%2Fwp%2Fv2%2Ftags&post=7388"}],"curies":[{"name":"wp","href":"https:\/\/api.w.org\/{rel}","templated":true}]}}