{"id":7393,"date":"2025-06-18T13:42:48","date_gmt":"2025-06-18T13:42:48","guid":{"rendered":"https:\/\/marcali.plebania.hu\/?p=7393"},"modified":"2025-06-18T13:42:48","modified_gmt":"2025-06-18T13:42:48","slug":"bermalas-2025","status":"publish","type":"post","link":"https:\/\/marcali.plebania.hu\/?p=7393","title":{"rendered":"B\u00e9rm\u00e1l\u00e1s 2025"},"content":{"rendered":"\n<p>2025. j\u00fanius 15-\u00e9n, vas\u00e1rnap 11 \u00f3rakor kezd\u0151d\u00f6tt az idei \u00e9vi b\u00e9rm\u00e1l\u00e1s a Marcali Gy\u00fcm\u00f6lcsolt\u00f3 Boldogasszony pl\u00e9b\u00e1niatemplomban.<\/p>\n\n\n\n<figure class=\"wp-block-gallery has-nested-images columns-default is-cropped wp-block-gallery-1 is-layout-flex wp-block-gallery-is-layout-flex\">\n<figure class=\"wp-block-image size-large\"><img loading=\"lazy\" decoding=\"async\" width=\"1024\" height=\"683\" data-id=\"7402\" src=\"https:\/\/marcali.plebania.hu\/wp-content\/uploads\/2025\/06\/07-4-1024x683.jpg\" alt=\"\" class=\"wp-image-7402\" srcset=\"https:\/\/marcali.plebania.hu\/wp-content\/uploads\/2025\/06\/07-4-1024x683.jpg 1024w, https:\/\/marcali.plebania.hu\/wp-content\/uploads\/2025\/06\/07-4-300x200.jpg 300w, https:\/\/marcali.plebania.hu\/wp-content\/uploads\/2025\/06\/07-4-768x512.jpg 768w, https:\/\/marcali.plebania.hu\/wp-content\/uploads\/2025\/06\/07-4-1536x1024.jpg 1536w, https:\/\/marcali.plebania.hu\/wp-content\/uploads\/2025\/06\/07-4-2048x1365.jpg 2048w, https:\/\/marcali.plebania.hu\/wp-content\/uploads\/2025\/06\/07-4-405x270.jpg 405w\" sizes=\"auto, (max-width: 1024px) 100vw, 1024px\" \/><\/figure>\n\n\n\n<figure class=\"wp-block-image size-large\"><img loading=\"lazy\" decoding=\"async\" width=\"1024\" height=\"683\" data-id=\"7403\" src=\"https:\/\/marcali.plebania.hu\/wp-content\/uploads\/2025\/06\/08-4-1024x683.jpg\" alt=\"\" class=\"wp-image-7403\" srcset=\"https:\/\/marcali.plebania.hu\/wp-content\/uploads\/2025\/06\/08-4-1024x683.jpg 1024w, https:\/\/marcali.plebania.hu\/wp-content\/uploads\/2025\/06\/08-4-300x200.jpg 300w, https:\/\/marcali.plebania.hu\/wp-content\/uploads\/2025\/06\/08-4-768x512.jpg 768w, https:\/\/marcali.plebania.hu\/wp-content\/uploads\/2025\/06\/08-4-1536x1024.jpg 1536w, https:\/\/marcali.plebania.hu\/wp-content\/uploads\/2025\/06\/08-4-2048x1365.jpg 2048w, https:\/\/marcali.plebania.hu\/wp-content\/uploads\/2025\/06\/08-4-405x270.jpg 405w\" sizes=\"auto, (max-width: 1024px) 100vw, 1024px\" \/><\/figure>\n\n\n\n<figure class=\"wp-block-image size-large\"><img loading=\"lazy\" decoding=\"async\" width=\"1024\" height=\"683\" data-id=\"7404\" src=\"https:\/\/marcali.plebania.hu\/wp-content\/uploads\/2025\/06\/09-3-1024x683.jpg\" alt=\"\" class=\"wp-image-7404\" srcset=\"https:\/\/marcali.plebania.hu\/wp-content\/uploads\/2025\/06\/09-3-1024x683.jpg 1024w, https:\/\/marcali.plebania.hu\/wp-content\/uploads\/2025\/06\/09-3-300x200.jpg 300w, https:\/\/marcali.plebania.hu\/wp-content\/uploads\/2025\/06\/09-3-768x512.jpg 768w, https:\/\/marcali.plebania.hu\/wp-content\/uploads\/2025\/06\/09-3-1536x1024.jpg 1536w, https:\/\/marcali.plebania.hu\/wp-content\/uploads\/2025\/06\/09-3-2048x1365.jpg 2048w, https:\/\/marcali.plebania.hu\/wp-content\/uploads\/2025\/06\/09-3-405x270.jpg 405w\" sizes=\"auto, (max-width: 1024px) 100vw, 1024px\" \/><\/figure>\n\n\n\n<figure class=\"wp-block-image size-large\"><img loading=\"lazy\" decoding=\"async\" width=\"1024\" height=\"683\" data-id=\"7401\" src=\"https:\/\/marcali.plebania.hu\/wp-content\/uploads\/2025\/06\/10-3-1024x683.jpg\" alt=\"\" class=\"wp-image-7401\" srcset=\"https:\/\/marcali.plebania.hu\/wp-content\/uploads\/2025\/06\/10-3-1024x683.jpg 1024w, https:\/\/marcali.plebania.hu\/wp-content\/uploads\/2025\/06\/10-3-300x200.jpg 300w, https:\/\/marcali.plebania.hu\/wp-content\/uploads\/2025\/06\/10-3-768x512.jpg 768w, https:\/\/marcali.plebania.hu\/wp-content\/uploads\/2025\/06\/10-3-1536x1024.jpg 1536w, https:\/\/marcali.plebania.hu\/wp-content\/uploads\/2025\/06\/10-3-2048x1365.jpg 2048w, https:\/\/marcali.plebania.hu\/wp-content\/uploads\/2025\/06\/10-3-405x270.jpg 405w\" sizes=\"auto, (max-width: 1024px) 100vw, 1024px\" \/><\/figure>\n<\/figure>\n\n\n\n<p>Az \u00fcnnepi szentmis\u00e9t Somos L\u00e1szl\u00f3 \u00e1ltal\u00e1nos p\u00fcsp\u00f6ki helyn\u00f6k celebr\u00e1lta, akit k\u00e9t b\u00e9rm\u00e1lkoz\u00f3 fiatal: T\u00f3th Fl\u00f3ra \u00e9s Horv\u00e1th Benedek Tam\u00e1s, valamint dr. Pozsonyi M\u00e1rk vil\u00e1gi eln\u00f6k k\u00f6sz\u00f6nt\u00f6tt; tov\u00e1bb\u00e1 k\u00e9rt\u00e9k, hogy szolg\u00e1ltassa ki a b\u00e9rm\u00e1l\u00e1s szents\u00e9g\u00e9t. A helyn\u00f6k atya szentbesz\u00e9d\u00e9ben a b\u00e9rm\u00e1l\u00e1s jelent\u0151s\u00e9g\u00e9t, a Szentl\u00e9lek \u00e1lland\u00f3 seg\u00edts\u00e9g\u00fcl h\u00edv\u00e1s\u00e1t, az Isten ir\u00e1nti elk\u00f6telez\u0151d\u00e9st \u00e9s a szeretet fontoss\u00e1g\u00e1t hangs\u00falyozta ki a fiataloknak.<\/p>\n\n\n\n<figure class=\"wp-block-gallery has-nested-images columns-default is-cropped wp-block-gallery-2 is-layout-flex wp-block-gallery-is-layout-flex\">\n<figure class=\"wp-block-image size-large\"><img loading=\"lazy\" decoding=\"async\" width=\"1024\" height=\"683\" data-id=\"7410\" src=\"https:\/\/marcali.plebania.hu\/wp-content\/uploads\/2025\/06\/17-2-1024x683.jpg\" alt=\"\" class=\"wp-image-7410\" srcset=\"https:\/\/marcali.plebania.hu\/wp-content\/uploads\/2025\/06\/17-2-1024x683.jpg 1024w, https:\/\/marcali.plebania.hu\/wp-content\/uploads\/2025\/06\/17-2-300x200.jpg 300w, https:\/\/marcali.plebania.hu\/wp-content\/uploads\/2025\/06\/17-2-768x512.jpg 768w, https:\/\/marcali.plebania.hu\/wp-content\/uploads\/2025\/06\/17-2-1536x1024.jpg 1536w, https:\/\/marcali.plebania.hu\/wp-content\/uploads\/2025\/06\/17-2-2048x1365.jpg 2048w, https:\/\/marcali.plebania.hu\/wp-content\/uploads\/2025\/06\/17-2-405x270.jpg 405w\" sizes=\"auto, (max-width: 1024px) 100vw, 1024px\" \/><\/figure>\n\n\n\n<figure class=\"wp-block-image size-large\"><img loading=\"lazy\" decoding=\"async\" width=\"1024\" height=\"683\" data-id=\"7409\" src=\"https:\/\/marcali.plebania.hu\/wp-content\/uploads\/2025\/06\/11-3-1024x683.jpg\" alt=\"\" class=\"wp-image-7409\" srcset=\"https:\/\/marcali.plebania.hu\/wp-content\/uploads\/2025\/06\/11-3-1024x683.jpg 1024w, https:\/\/marcali.plebania.hu\/wp-content\/uploads\/2025\/06\/11-3-300x200.jpg 300w, https:\/\/marcali.plebania.hu\/wp-content\/uploads\/2025\/06\/11-3-768x512.jpg 768w, https:\/\/marcali.plebania.hu\/wp-content\/uploads\/2025\/06\/11-3-1536x1024.jpg 1536w, https:\/\/marcali.plebania.hu\/wp-content\/uploads\/2025\/06\/11-3-2048x1365.jpg 2048w, https:\/\/marcali.plebania.hu\/wp-content\/uploads\/2025\/06\/11-3-405x270.jpg 405w\" sizes=\"auto, (max-width: 1024px) 100vw, 1024px\" \/><\/figure>\n\n\n\n<figure class=\"wp-block-image size-large\"><img loading=\"lazy\" decoding=\"async\" width=\"1024\" height=\"683\" data-id=\"7411\" src=\"https:\/\/marcali.plebania.hu\/wp-content\/uploads\/2025\/06\/27-1024x683.jpg\" alt=\"\" class=\"wp-image-7411\" srcset=\"https:\/\/marcali.plebania.hu\/wp-content\/uploads\/2025\/06\/27-1024x683.jpg 1024w, https:\/\/marcali.plebania.hu\/wp-content\/uploads\/2025\/06\/27-300x200.jpg 300w, https:\/\/marcali.plebania.hu\/wp-content\/uploads\/2025\/06\/27-768x512.jpg 768w, https:\/\/marcali.plebania.hu\/wp-content\/uploads\/2025\/06\/27-1536x1024.jpg 1536w, https:\/\/marcali.plebania.hu\/wp-content\/uploads\/2025\/06\/27-2048x1365.jpg 2048w, https:\/\/marcali.plebania.hu\/wp-content\/uploads\/2025\/06\/27-405x270.jpg 405w\" sizes=\"auto, (max-width: 1024px) 100vw, 1024px\" \/><\/figure>\n\n\n\n<figure class=\"wp-block-image size-large\"><img loading=\"lazy\" decoding=\"async\" width=\"1024\" height=\"683\" data-id=\"7412\" src=\"https:\/\/marcali.plebania.hu\/wp-content\/uploads\/2025\/06\/32-3-1024x683.jpg\" alt=\"\" class=\"wp-image-7412\" srcset=\"https:\/\/marcali.plebania.hu\/wp-content\/uploads\/2025\/06\/32-3-1024x683.jpg 1024w, https:\/\/marcali.plebania.hu\/wp-content\/uploads\/2025\/06\/32-3-300x200.jpg 300w, https:\/\/marcali.plebania.hu\/wp-content\/uploads\/2025\/06\/32-3-768x512.jpg 768w, https:\/\/marcali.plebania.hu\/wp-content\/uploads\/2025\/06\/32-3-1536x1024.jpg 1536w, https:\/\/marcali.plebania.hu\/wp-content\/uploads\/2025\/06\/32-3-2048x1365.jpg 2048w, https:\/\/marcali.plebania.hu\/wp-content\/uploads\/2025\/06\/32-3-405x270.jpg 405w\" sizes=\"auto, (max-width: 1024px) 100vw, 1024px\" \/><\/figure>\n<\/figure>\n\n\n\n<p>Ezt k\u00f6vet\u0151en a b\u00e9rm\u00e1lkoz\u00f3k egyenk\u00e9nt bemutatkoztak \u00e9s elmondt\u00e1k, hogy milyen b\u00e9rmanevet v\u00e1lasztottak maguknak. Majd meg\u00faj\u00edtott\u00e1k a kereszts\u00e9gi fogadalmat. Ezut\u00e1n Somos L\u00e1szl\u00f3 \u00e1ltal\u00e1nos p\u00fcsp\u00f6ki helyn\u00f6k \u00f6sszesen 19 fiatalt \u00e9s egy feln\u0151ttet r\u00e9szes\u00edtett a b\u00e9rm\u00e1l\u00e1s szents\u00e9g\u00e9ben.<\/p>\n\n\n\n<p>A szentmise v\u00e9g\u00e9n k\u00f6sz\u00f6netet mondott Tomanek Ferenc \u00c1ron marcali pl\u00e9b\u00e1nosnak, \u00e9s a hitoktat\u00f3knak az eddigi munk\u00e1juk\u00e9rt; valamint a sz\u00fcl\u0151knek is, hogy v\u00e1llalt\u00e1k, \u00e9s elk\u00eds\u00e9rt\u00e9k gyermekeiket a Szentl\u00e9lekkel val\u00f3 tal\u00e1lkoz\u00e1sra.<\/p>\n\n\n\n<figure class=\"wp-block-gallery has-nested-images columns-default is-cropped wp-block-gallery-3 is-layout-flex wp-block-gallery-is-layout-flex\">\n<figure class=\"wp-block-image size-large\"><img loading=\"lazy\" decoding=\"async\" width=\"1024\" height=\"683\" data-id=\"7417\" src=\"https:\/\/marcali.plebania.hu\/wp-content\/uploads\/2025\/06\/41-1-1024x683.jpg\" alt=\"\" class=\"wp-image-7417\" srcset=\"https:\/\/marcali.plebania.hu\/wp-content\/uploads\/2025\/06\/41-1-1024x683.jpg 1024w, https:\/\/marcali.plebania.hu\/wp-content\/uploads\/2025\/06\/41-1-300x200.jpg 300w, https:\/\/marcali.plebania.hu\/wp-content\/uploads\/2025\/06\/41-1-768x512.jpg 768w, https:\/\/marcali.plebania.hu\/wp-content\/uploads\/2025\/06\/41-1-1536x1024.jpg 1536w, https:\/\/marcali.plebania.hu\/wp-content\/uploads\/2025\/06\/41-1-2048x1365.jpg 2048w, https:\/\/marcali.plebania.hu\/wp-content\/uploads\/2025\/06\/41-1-405x270.jpg 405w\" sizes=\"auto, (max-width: 1024px) 100vw, 1024px\" \/><\/figure>\n\n\n\n<figure class=\"wp-block-image size-large\"><img loading=\"lazy\" decoding=\"async\" width=\"1024\" height=\"683\" data-id=\"7418\" src=\"https:\/\/marcali.plebania.hu\/wp-content\/uploads\/2025\/06\/42-1-1024x683.jpg\" alt=\"\" class=\"wp-image-7418\" srcset=\"https:\/\/marcali.plebania.hu\/wp-content\/uploads\/2025\/06\/42-1-1024x683.jpg 1024w, https:\/\/marcali.plebania.hu\/wp-content\/uploads\/2025\/06\/42-1-300x200.jpg 300w, https:\/\/marcali.plebania.hu\/wp-content\/uploads\/2025\/06\/42-1-768x512.jpg 768w, https:\/\/marcali.plebania.hu\/wp-content\/uploads\/2025\/06\/42-1-1536x1024.jpg 1536w, https:\/\/marcali.plebania.hu\/wp-content\/uploads\/2025\/06\/42-1-2048x1365.jpg 2048w, https:\/\/marcali.plebania.hu\/wp-content\/uploads\/2025\/06\/42-1-405x270.jpg 405w\" sizes=\"auto, (max-width: 1024px) 100vw, 1024px\" \/><\/figure>\n\n\n\n<figure class=\"wp-block-image size-large\"><img loading=\"lazy\" decoding=\"async\" width=\"1024\" height=\"683\" data-id=\"7419\" src=\"https:\/\/marcali.plebania.hu\/wp-content\/uploads\/2025\/06\/44-2-1024x683.jpg\" alt=\"\" class=\"wp-image-7419\" srcset=\"https:\/\/marcali.plebania.hu\/wp-content\/uploads\/2025\/06\/44-2-1024x683.jpg 1024w, https:\/\/marcali.plebania.hu\/wp-content\/uploads\/2025\/06\/44-2-300x200.jpg 300w, https:\/\/marcali.plebania.hu\/wp-content\/uploads\/2025\/06\/44-2-768x512.jpg 768w, https:\/\/marcali.plebania.hu\/wp-content\/uploads\/2025\/06\/44-2-1536x1024.jpg 1536w, https:\/\/marcali.plebania.hu\/wp-content\/uploads\/2025\/06\/44-2-2048x1365.jpg 2048w, https:\/\/marcali.plebania.hu\/wp-content\/uploads\/2025\/06\/44-2-405x270.jpg 405w\" sizes=\"auto, (max-width: 1024px) 100vw, 1024px\" \/><\/figure>\n\n\n\n<figure class=\"wp-block-image size-large\"><img loading=\"lazy\" decoding=\"async\" width=\"1024\" height=\"683\" data-id=\"7420\" src=\"https:\/\/marcali.plebania.hu\/wp-content\/uploads\/2025\/06\/45-2-1024x683.jpg\" alt=\"\" class=\"wp-image-7420\" srcset=\"https:\/\/marcali.plebania.hu\/wp-content\/uploads\/2025\/06\/45-2-1024x683.jpg 1024w, https:\/\/marcali.plebania.hu\/wp-content\/uploads\/2025\/06\/45-2-300x200.jpg 300w, https:\/\/marcali.plebania.hu\/wp-content\/uploads\/2025\/06\/45-2-768x512.jpg 768w, https:\/\/marcali.plebania.hu\/wp-content\/uploads\/2025\/06\/45-2-1536x1024.jpg 1536w, https:\/\/marcali.plebania.hu\/wp-content\/uploads\/2025\/06\/45-2-2048x1365.jpg 2048w, https:\/\/marcali.plebania.hu\/wp-content\/uploads\/2025\/06\/45-2-405x270.jpg 405w\" sizes=\"auto, (max-width: 1024px) 100vw, 1024px\" \/><\/figure>\n<\/figure>\n\n\n\n<p>Az istentiszteleten Patk\u00f3 Imre, a Noszlopy G\u00e1sp\u00e1r \u00c1ltal\u00e1nos \u00e9s Alapfok\u00fa M\u0171v\u00e9szeti Iskola igazgat\u00f3ja \u00e9s t\u00f6bb pedag\u00f3gus is r\u00e9szt vett. A Szentlelket h\u00edv\u00f3 \u00e9s dics\u0151\u00edt\u0151 \u00e9nekekkel a Marcali F\u00e9ny Gyermekei Katolikus Zenekar, valamint Balogh B\u00e1lint k\u00e1ntor m\u0171k\u00f6d\u00f6tt k\u00f6zre.<\/p>\n\n\n\n<p>\u00cdrta \u00e9s fot\u00f3k: Kiss K\u00e1lm\u00e1n<\/p>\n","protected":false},"excerpt":{"rendered":"<p>2025. j\u00fanius 15-\u00e9n, vas\u00e1rnap 11 \u00f3rakor kezd\u0151d\u00f6tt az idei \u00e9vi b\u00e9rm\u00e1l\u00e1s a Marcali Gy\u00fcm\u00f6lcsolt\u00f3 Boldogasszony pl\u00e9b\u00e1niatemplomban. Az \u00fcnnepi szentmis\u00e9t Somos L\u00e1szl\u00f3 \u00e1ltal\u00e1nos p\u00fcsp\u00f6ki helyn\u00f6k celebr\u00e1lta, akit k\u00e9t b\u00e9rm\u00e1lkoz\u00f3 fiatal: T\u00f3th Fl\u00f3ra \u00e9s Horv\u00e1th Benedek Tam\u00e1s, valamint dr. Pozsonyi M\u00e1rk vil\u00e1gi eln\u00f6k k\u00f6sz\u00f6nt\u00f6tt; tov\u00e1bb\u00e1 k\u00e9rt\u00e9k, hogy szolg\u00e1ltassa ki a b\u00e9rm\u00e1l\u00e1s szents\u00e9g\u00e9t. A helyn\u00f6k atya szentbesz\u00e9d\u00e9ben a b\u00e9rm\u00e1l\u00e1s jelent\u0151s\u00e9g\u00e9t, a Szentl\u00e9lek \u00e1lland\u00f3 seg\u00edts\u00e9g\u00fcl h\u00edv\u00e1s\u00e1t, az Isten ir\u00e1nti elk\u00f6telez\u0151d\u00e9st \u00e9s a szeretet fontoss\u00e1g\u00e1t hangs\u00falyozta ki a fiataloknak. Ezt k\u00f6vet\u0151en a b\u00e9rm\u00e1lkoz\u00f3k egyenk\u00e9nt bemutatkoztak&#8230;<\/p>\n<p class=\"read-more\"><a class=\"btn btn-default\" href=\"https:\/\/marcali.plebania.hu\/?p=7393\"> Read More<span class=\"screen-reader-text\">  Read More<\/span><\/a><\/p>\n","protected":false},"author":2,"featured_media":0,"comment_status":"closed","ping_status":"open","sticky":false,"template":"","format":"standard","meta":{"footnotes":""},"categories":[1],"tags":[],"class_list":["post-7393","post","type-post","status-publish","format-standard","hentry","category-egyeb"],"_links":{"self":[{"href":"https:\/\/marcali.plebania.hu\/index.php?rest_route=\/wp\/v2\/posts\/7393","targetHints":{"allow":["GET"]}}],"collection":[{"href":"https:\/\/marcali.plebania.hu\/index.php?rest_route=\/wp\/v2\/posts"}],"about":[{"href":"https:\/\/marcali.plebania.hu\/index.php?rest_route=\/wp\/v2\/types\/post"}],"author":[{"embeddable":true,"href":"https:\/\/marcali.plebania.hu\/index.php?rest_route=\/wp\/v2\/users\/2"}],"replies":[{"embeddable":true,"href":"https:\/\/marcali.plebania.hu\/index.php?rest_route=%2Fwp%2Fv2%2Fcomments&post=7393"}],"version-history":[{"count":1,"href":"https:\/\/marcali.plebania.hu\/index.php?rest_route=\/wp\/v2\/posts\/7393\/revisions"}],"predecessor-version":[{"id":7421,"href":"https:\/\/marcali.plebania.hu\/index.php?rest_route=\/wp\/v2\/posts\/7393\/revisions\/7421"}],"wp:attachment":[{"href":"https:\/\/marcali.plebania.hu\/index.php?rest_route=%2Fwp%2Fv2%2Fmedia&parent=7393"}],"wp:term":[{"taxonomy":"category","embeddable":true,"href":"https:\/\/marcali.plebania.hu\/index.php?rest_route=%2Fwp%2Fv2%2Fcategories&post=7393"},{"taxonomy":"post_tag","embeddable":true,"href":"https:\/\/marcali.plebania.hu\/index.php?rest_route=%2Fwp%2Fv2%2Ftags&post=7393"}],"curies":[{"name":"wp","href":"https:\/\/api.w.org\/{rel}","templated":true}]}}