{"id":7425,"date":"2025-06-21T23:56:52","date_gmt":"2025-06-21T23:56:52","guid":{"rendered":"https:\/\/marcali.plebania.hu\/?p=7425"},"modified":"2025-06-21T23:56:52","modified_gmt":"2025-06-21T23:56:52","slug":"hirdetesek-2025-junius-22-en-urnapja","status":"publish","type":"post","link":"https:\/\/marcali.plebania.hu\/?p=7425","title":{"rendered":"Hirdet\u00e9sek 2025. j\u00fanius 22-\u00e9n (\u00darnapja)"},"content":{"rendered":"\n<p><a href=\"https:\/\/igenaptar.katolikus.hu\/nap\/index.php?holnap=2025-06-22\" target=\"_blank\" rel=\"noreferrer noopener\"><u>Krisztus szent Teste \u00e9s V\u00e9re: \u00darnapja<\/u><\/a><\/p>\n\n\n\n<ol start=\"1\" class=\"wp-block-list\">\n<li>A 9 \u00f3rai k\u00f6z\u00f6s szentmis\u00e9re h\u00edvunk minden katolikus h\u00edv\u0151t, hogy egy\u00fctt im\u00e1djuk J\u00e9zust, aki az Olt\u00e1riszents\u00e9gben k\u00f6zt\u00fcnk van. A szentmise ut\u00e1ni <strong>\u00farnapi k\u00f6rmenet<\/strong>tel is kifejezz\u00fck hit\u00fcnket, h\u00e1l\u00e1nkat \u00e9s h\u00f3dolatunkat Krisztus fel\u00e9. K\u00f6sz\u00f6nj\u00fck a k\u00f6rmenethez felaj\u00e1nlott seg\u00edts\u00e9get \u00e9s vir\u00e1gokat.<\/li>\n\n\n\n<li>A szentmise ut\u00e1n a templom el\u0151tti t\u00e9ren lehet cser\u00e9pjegyet v\u00e1s\u00e1rolni, t\u00e1mogatva ezzel a k\u00f6z\u00f6ss\u00e9gi h\u00e1zunk fel\u00faj\u00edt\u00e1s\u00e1t. K\u00f6sz\u00f6n\u00fcnk minden adom\u00e1nyt \u00e9s bekapcsol\u00f3d\u00e1st a pl\u00e9b\u00e1niai k\u00f6z\u00f6ss\u00e9g \u00e9let\u00e9be.<\/li>\n\n\n\n<li>Kedden, szerd\u00e1n \u00e9s cs\u00fct\u00f6rt\u00f6k\u00f6n a ministr\u00e1nst\u00e1bor miatt a szentmis\u00e9k id\u0151pontj\u00e1ban <strong>igeliturgia<\/strong> lesz templomunkban.<\/li>\n\n\n\n<li>A <strong>Feln\u0151tt hittan<\/strong> k\u00f6vetkez\u0151 alkalma <span style=\"text-decoration: underline;\">szerd\u00e1n<\/span> 18:00-kor kezd\u0151dik a pl\u00e9b\u00e1ni\u00e1n.<\/li>\n\n\n\n<li>A <strong>lelki adopt\u00e1l\u00f3k tal\u00e1lkoz\u00f3ja <\/strong><span style=\"text-decoration: underline;\">p\u00e9nteken<\/span> 16:30-kor kezd\u0151dik a templomban.<\/li>\n\n\n\n<li>J\u00f6v\u0151 vas\u00e1rnap (j\u00fan. 29.) a 9 \u00f3rai szentmise lesz a <strong>tan\u00e9v v\u00e9gi h\u00e1laad\u00f3 mis\u00e9<\/strong>nk, amelyre szeretettel h\u00edvunk minden di\u00e1kot, sz\u00fcl\u0151t, pedag\u00f3gust. A mise ut\u00e1n egy kis agap\u00e9ra \u00e9s j\u00e1t\u00e9kra v\u00e1runk mindenkit. (11 \u00f3rakor nem lesz szentmise.)<\/li>\n\n\n\n<li>Galambos Feri atya fog mis\u00e9zni a j\u00f6v\u0151 h\u00e9tv\u00e9g\u00e9n, aki augusztust\u00f3l Marcaliban fog lakni, helyettes pl\u00e9b\u00e1nosk\u00e9nt. Fogadjuk \u0151t szeretettel \u00faj szolg\u00e1lataiban.<\/li>\n\n\n\n<li>A j\u00f6v\u0151 vas\u00e1rnapi perselyadom\u00e1nyt a Szentf\u00f6ld jav\u00e1ra tov\u00e1bb\u00edtjuk.<\/li>\n<\/ol>\n\n\n\n<hr class=\"wp-block-separator has-alpha-channel-opacity\"\/>\n\n\n\n<figure class=\"wp-block-image size-large\"><img loading=\"lazy\" decoding=\"async\" width=\"1024\" height=\"496\" src=\"https:\/\/marcali.plebania.hu\/wp-content\/uploads\/2025\/06\/250622-2-1024x496.png\" alt=\"\" class=\"wp-image-7428\" srcset=\"https:\/\/marcali.plebania.hu\/wp-content\/uploads\/2025\/06\/250622-2-1024x496.png 1024w, https:\/\/marcali.plebania.hu\/wp-content\/uploads\/2025\/06\/250622-2-300x145.png 300w, https:\/\/marcali.plebania.hu\/wp-content\/uploads\/2025\/06\/250622-2-768x372.png 768w, https:\/\/marcali.plebania.hu\/wp-content\/uploads\/2025\/06\/250622-2-558x270.png 558w, https:\/\/marcali.plebania.hu\/wp-content\/uploads\/2025\/06\/250622-2.png 1440w\" sizes=\"auto, (max-width: 1024px) 100vw, 1024px\" \/><\/figure>\n\n\n\n<p><\/p>\n","protected":false},"excerpt":{"rendered":"<p>Krisztus szent Teste \u00e9s V\u00e9re: \u00darnapja<\/p>\n","protected":false},"author":1,"featured_media":0,"comment_status":"closed","ping_status":"open","sticky":false,"template":"","format":"standard","meta":{"footnotes":""},"categories":[3],"tags":[],"class_list":["post-7425","post","type-post","status-publish","format-standard","hentry","category-hirdetesek"],"_links":{"self":[{"href":"https:\/\/marcali.plebania.hu\/index.php?rest_route=\/wp\/v2\/posts\/7425","targetHints":{"allow":["GET"]}}],"collection":[{"href":"https:\/\/marcali.plebania.hu\/index.php?rest_route=\/wp\/v2\/posts"}],"about":[{"href":"https:\/\/marcali.plebania.hu\/index.php?rest_route=\/wp\/v2\/types\/post"}],"author":[{"embeddable":true,"href":"https:\/\/marcali.plebania.hu\/index.php?rest_route=\/wp\/v2\/users\/1"}],"replies":[{"embeddable":true,"href":"https:\/\/marcali.plebania.hu\/index.php?rest_route=%2Fwp%2Fv2%2Fcomments&post=7425"}],"version-history":[{"count":1,"href":"https:\/\/marcali.plebania.hu\/index.php?rest_route=\/wp\/v2\/posts\/7425\/revisions"}],"predecessor-version":[{"id":7429,"href":"https:\/\/marcali.plebania.hu\/index.php?rest_route=\/wp\/v2\/posts\/7425\/revisions\/7429"}],"wp:attachment":[{"href":"https:\/\/marcali.plebania.hu\/index.php?rest_route=%2Fwp%2Fv2%2Fmedia&parent=7425"}],"wp:term":[{"taxonomy":"category","embeddable":true,"href":"https:\/\/marcali.plebania.hu\/index.php?rest_route=%2Fwp%2Fv2%2Fcategories&post=7425"},{"taxonomy":"post_tag","embeddable":true,"href":"https:\/\/marcali.plebania.hu\/index.php?rest_route=%2Fwp%2Fv2%2Ftags&post=7425"}],"curies":[{"name":"wp","href":"https:\/\/api.w.org\/{rel}","templated":true}]}}