{"id":7431,"date":"2025-06-24T15:13:42","date_gmt":"2025-06-24T15:13:42","guid":{"rendered":"https:\/\/marcali.plebania.hu\/?p=7431"},"modified":"2025-06-24T15:13:42","modified_gmt":"2025-06-24T15:13:42","slug":"2025-urnapja-krisztus-szent-teste-es-vere-unnepe","status":"publish","type":"post","link":"https:\/\/marcali.plebania.hu\/?p=7431","title":{"rendered":"2025. \u00darnapja, Krisztus szent Teste \u00e9s V\u00e9re \u00fcnnepe"},"content":{"rendered":"\n<p>2025. j\u00fanius 22-\u00e9n, vas\u00e1rnap 9 \u00f3rakor kezd\u0151d\u00f6tt az idei \u00farnapi szentmise, majd a k\u00f6rmenet a Gy\u00fcm\u00f6lcsolt\u00f3 Boldogasszony Pl\u00e9b\u00e1niatemplomban, \u00e9s a Boldog II. J\u00e1nos P\u00e1l p\u00e1pa t\u00e9ren.<\/p>\n\n\n\n<figure class=\"wp-block-gallery has-nested-images columns-default is-cropped wp-block-gallery-1 is-layout-flex wp-block-gallery-is-layout-flex\">\n<figure class=\"wp-block-image size-large\"><img loading=\"lazy\" decoding=\"async\" width=\"1024\" height=\"683\" data-id=\"7432\" src=\"https:\/\/marcali.plebania.hu\/wp-content\/uploads\/2025\/06\/01-1-1024x683.jpg\" alt=\"\" class=\"wp-image-7432\" srcset=\"https:\/\/marcali.plebania.hu\/wp-content\/uploads\/2025\/06\/01-1-1024x683.jpg 1024w, https:\/\/marcali.plebania.hu\/wp-content\/uploads\/2025\/06\/01-1-300x200.jpg 300w, https:\/\/marcali.plebania.hu\/wp-content\/uploads\/2025\/06\/01-1-768x512.jpg 768w, https:\/\/marcali.plebania.hu\/wp-content\/uploads\/2025\/06\/01-1-1536x1024.jpg 1536w, https:\/\/marcali.plebania.hu\/wp-content\/uploads\/2025\/06\/01-1-2048x1365.jpg 2048w, https:\/\/marcali.plebania.hu\/wp-content\/uploads\/2025\/06\/01-1-405x270.jpg 405w\" sizes=\"auto, (max-width: 1024px) 100vw, 1024px\" \/><\/figure>\n\n\n\n<figure class=\"wp-block-image size-large\"><img loading=\"lazy\" decoding=\"async\" width=\"1024\" height=\"683\" data-id=\"7434\" src=\"https:\/\/marcali.plebania.hu\/wp-content\/uploads\/2025\/06\/02-3-1024x683.jpg\" alt=\"\" class=\"wp-image-7434\" srcset=\"https:\/\/marcali.plebania.hu\/wp-content\/uploads\/2025\/06\/02-3-1024x683.jpg 1024w, https:\/\/marcali.plebania.hu\/wp-content\/uploads\/2025\/06\/02-3-300x200.jpg 300w, https:\/\/marcali.plebania.hu\/wp-content\/uploads\/2025\/06\/02-3-768x512.jpg 768w, https:\/\/marcali.plebania.hu\/wp-content\/uploads\/2025\/06\/02-3-1536x1024.jpg 1536w, https:\/\/marcali.plebania.hu\/wp-content\/uploads\/2025\/06\/02-3-2048x1365.jpg 2048w, https:\/\/marcali.plebania.hu\/wp-content\/uploads\/2025\/06\/02-3-405x270.jpg 405w\" sizes=\"auto, (max-width: 1024px) 100vw, 1024px\" \/><\/figure>\n\n\n\n<figure class=\"wp-block-image size-large\"><img loading=\"lazy\" decoding=\"async\" width=\"1024\" height=\"683\" data-id=\"7435\" src=\"https:\/\/marcali.plebania.hu\/wp-content\/uploads\/2025\/06\/03-3-1024x683.jpg\" alt=\"\" class=\"wp-image-7435\" srcset=\"https:\/\/marcali.plebania.hu\/wp-content\/uploads\/2025\/06\/03-3-1024x683.jpg 1024w, https:\/\/marcali.plebania.hu\/wp-content\/uploads\/2025\/06\/03-3-300x200.jpg 300w, https:\/\/marcali.plebania.hu\/wp-content\/uploads\/2025\/06\/03-3-768x512.jpg 768w, https:\/\/marcali.plebania.hu\/wp-content\/uploads\/2025\/06\/03-3-1536x1024.jpg 1536w, https:\/\/marcali.plebania.hu\/wp-content\/uploads\/2025\/06\/03-3-2048x1365.jpg 2048w, https:\/\/marcali.plebania.hu\/wp-content\/uploads\/2025\/06\/03-3-405x270.jpg 405w\" sizes=\"auto, (max-width: 1024px) 100vw, 1024px\" \/><\/figure>\n\n\n\n<figure class=\"wp-block-image size-large\"><img loading=\"lazy\" decoding=\"async\" width=\"1024\" height=\"683\" data-id=\"7433\" src=\"https:\/\/marcali.plebania.hu\/wp-content\/uploads\/2025\/06\/04-3-1024x683.jpg\" alt=\"\" class=\"wp-image-7433\" srcset=\"https:\/\/marcali.plebania.hu\/wp-content\/uploads\/2025\/06\/04-3-1024x683.jpg 1024w, https:\/\/marcali.plebania.hu\/wp-content\/uploads\/2025\/06\/04-3-300x200.jpg 300w, https:\/\/marcali.plebania.hu\/wp-content\/uploads\/2025\/06\/04-3-768x512.jpg 768w, https:\/\/marcali.plebania.hu\/wp-content\/uploads\/2025\/06\/04-3-1536x1024.jpg 1536w, https:\/\/marcali.plebania.hu\/wp-content\/uploads\/2025\/06\/04-3-2048x1365.jpg 2048w, https:\/\/marcali.plebania.hu\/wp-content\/uploads\/2025\/06\/04-3-405x270.jpg 405w\" sizes=\"auto, (max-width: 1024px) 100vw, 1024px\" \/><\/figure>\n<\/figure>\n\n\n\n<p>Az \u00fcnnepi istentiszteletet Tomanek Ferenc \u00c1ron pl\u00e9b\u00e1nos celebr\u00e1lta, aki szentbesz\u00e9d\u00e9ben az Olt\u00e1riszents\u00e9g (Eucharisztia) jelent\u0151s\u00e9g\u00e9t hangs\u00falyozta az evang\u00e9liumnak megfelel\u0151en. Az egyh\u00e1z tan\u00edt\u00e1sa szerint ugyanis az Olt\u00e1riszents\u00e9g J\u00e9zus Krisztus val\u00f3s\u00e1gos Teste \u00e9s V\u00e9re. \u00c9ppen ez\u00e9rt ezen az \u00fcnnepen \u2013 szerte a vil\u00e1gban \u2013 kiviszik az utc\u00e1kra \u00e9s a terekre, hogy Isten szeretet\u00e9t hirdess\u00e9k mindenki sz\u00e1m\u00e1ra.<\/p>\n\n\n\n<figure class=\"wp-block-gallery has-nested-images columns-default is-cropped wp-block-gallery-2 is-layout-flex wp-block-gallery-is-layout-flex\">\n<figure class=\"wp-block-image size-large\"><img loading=\"lazy\" decoding=\"async\" width=\"1024\" height=\"683\" data-id=\"7436\" src=\"https:\/\/marcali.plebania.hu\/wp-content\/uploads\/2025\/06\/05-3-1024x683.jpg\" alt=\"\" class=\"wp-image-7436\" srcset=\"https:\/\/marcali.plebania.hu\/wp-content\/uploads\/2025\/06\/05-3-1024x683.jpg 1024w, https:\/\/marcali.plebania.hu\/wp-content\/uploads\/2025\/06\/05-3-300x200.jpg 300w, https:\/\/marcali.plebania.hu\/wp-content\/uploads\/2025\/06\/05-3-768x512.jpg 768w, https:\/\/marcali.plebania.hu\/wp-content\/uploads\/2025\/06\/05-3-1536x1024.jpg 1536w, https:\/\/marcali.plebania.hu\/wp-content\/uploads\/2025\/06\/05-3-2048x1365.jpg 2048w, https:\/\/marcali.plebania.hu\/wp-content\/uploads\/2025\/06\/05-3-405x270.jpg 405w\" sizes=\"auto, (max-width: 1024px) 100vw, 1024px\" \/><\/figure>\n\n\n\n<figure class=\"wp-block-image size-large\"><img loading=\"lazy\" decoding=\"async\" width=\"1024\" height=\"683\" data-id=\"7439\" src=\"https:\/\/marcali.plebania.hu\/wp-content\/uploads\/2025\/06\/07-5-1024x683.jpg\" alt=\"\" class=\"wp-image-7439\" srcset=\"https:\/\/marcali.plebania.hu\/wp-content\/uploads\/2025\/06\/07-5-1024x683.jpg 1024w, https:\/\/marcali.plebania.hu\/wp-content\/uploads\/2025\/06\/07-5-300x200.jpg 300w, https:\/\/marcali.plebania.hu\/wp-content\/uploads\/2025\/06\/07-5-768x512.jpg 768w, https:\/\/marcali.plebania.hu\/wp-content\/uploads\/2025\/06\/07-5-1536x1024.jpg 1536w, https:\/\/marcali.plebania.hu\/wp-content\/uploads\/2025\/06\/07-5-2048x1365.jpg 2048w, https:\/\/marcali.plebania.hu\/wp-content\/uploads\/2025\/06\/07-5-405x270.jpg 405w\" sizes=\"auto, (max-width: 1024px) 100vw, 1024px\" \/><\/figure>\n\n\n\n<figure class=\"wp-block-image size-large\"><img loading=\"lazy\" decoding=\"async\" width=\"1024\" height=\"683\" data-id=\"7441\" src=\"https:\/\/marcali.plebania.hu\/wp-content\/uploads\/2025\/06\/12-2-1024x683.jpg\" alt=\"\" class=\"wp-image-7441\" srcset=\"https:\/\/marcali.plebania.hu\/wp-content\/uploads\/2025\/06\/12-2-1024x683.jpg 1024w, https:\/\/marcali.plebania.hu\/wp-content\/uploads\/2025\/06\/12-2-300x200.jpg 300w, https:\/\/marcali.plebania.hu\/wp-content\/uploads\/2025\/06\/12-2-768x512.jpg 768w, https:\/\/marcali.plebania.hu\/wp-content\/uploads\/2025\/06\/12-2-1536x1024.jpg 1536w, https:\/\/marcali.plebania.hu\/wp-content\/uploads\/2025\/06\/12-2-2048x1365.jpg 2048w, https:\/\/marcali.plebania.hu\/wp-content\/uploads\/2025\/06\/12-2-405x270.jpg 405w\" sizes=\"auto, (max-width: 1024px) 100vw, 1024px\" \/><\/figure>\n\n\n\n<figure class=\"wp-block-image size-large\"><img loading=\"lazy\" decoding=\"async\" width=\"1024\" height=\"683\" data-id=\"7442\" src=\"https:\/\/marcali.plebania.hu\/wp-content\/uploads\/2025\/06\/15-2-1024x683.jpg\" alt=\"\" class=\"wp-image-7442\" srcset=\"https:\/\/marcali.plebania.hu\/wp-content\/uploads\/2025\/06\/15-2-1024x683.jpg 1024w, https:\/\/marcali.plebania.hu\/wp-content\/uploads\/2025\/06\/15-2-300x200.jpg 300w, https:\/\/marcali.plebania.hu\/wp-content\/uploads\/2025\/06\/15-2-768x512.jpg 768w, https:\/\/marcali.plebania.hu\/wp-content\/uploads\/2025\/06\/15-2-1536x1024.jpg 1536w, https:\/\/marcali.plebania.hu\/wp-content\/uploads\/2025\/06\/15-2-2048x1365.jpg 2048w, https:\/\/marcali.plebania.hu\/wp-content\/uploads\/2025\/06\/15-2-405x270.jpg 405w\" sizes=\"auto, (max-width: 1024px) 100vw, 1024px\" \/><\/figure>\n<\/figure>\n\n\n\n<p>A szentmis\u00e9t k\u00f6vet\u0151en Marcaliban is megtartott\u00e1k a hagyom\u00e1nyos \u00farnapi k\u00f6rmenetet, \u00e9s az ilyenkor szok\u00e1sos liturgi\u00e1t. A menet a templom f\u0151bej\u00e1rat\u00e1n vonult ki templomi z\u00e1szl\u00f3kkal \u00e9s a h\u00edvekkel, majd pedig megker\u00fclve az eg\u00e9sz \u00e9p\u00fcletet, a n\u00e9gy kis \u201eolt\u00e1rn\u00e1l\u201d Ferenc atya \u2013 a liturgia keret\u00e9ben \u2013 az Olt\u00e1riszents\u00e9ggel \u00e1ld\u00e1st is adott az \u00e9gt\u00e1jak fel\u00e9 a v\u00e1rosra \u00e9s a lak\u00f3ira.<\/p>\n\n\n\n<figure class=\"wp-block-gallery has-nested-images columns-default is-cropped wp-block-gallery-3 is-layout-flex wp-block-gallery-is-layout-flex\">\n<figure class=\"wp-block-image size-large\"><img loading=\"lazy\" decoding=\"async\" width=\"1024\" height=\"683\" data-id=\"7447\" src=\"https:\/\/marcali.plebania.hu\/wp-content\/uploads\/2025\/06\/22-1-1024x683.jpg\" alt=\"\" class=\"wp-image-7447\" srcset=\"https:\/\/marcali.plebania.hu\/wp-content\/uploads\/2025\/06\/22-1-1024x683.jpg 1024w, https:\/\/marcali.plebania.hu\/wp-content\/uploads\/2025\/06\/22-1-300x200.jpg 300w, https:\/\/marcali.plebania.hu\/wp-content\/uploads\/2025\/06\/22-1-768x512.jpg 768w, https:\/\/marcali.plebania.hu\/wp-content\/uploads\/2025\/06\/22-1-1536x1024.jpg 1536w, https:\/\/marcali.plebania.hu\/wp-content\/uploads\/2025\/06\/22-1-2048x1365.jpg 2048w, https:\/\/marcali.plebania.hu\/wp-content\/uploads\/2025\/06\/22-1-405x270.jpg 405w\" sizes=\"auto, (max-width: 1024px) 100vw, 1024px\" \/><\/figure>\n\n\n\n<figure class=\"wp-block-image size-large\"><img loading=\"lazy\" decoding=\"async\" width=\"1024\" height=\"683\" data-id=\"7446\" src=\"https:\/\/marcali.plebania.hu\/wp-content\/uploads\/2025\/06\/27-1-1024x683.jpg\" alt=\"\" class=\"wp-image-7446\" srcset=\"https:\/\/marcali.plebania.hu\/wp-content\/uploads\/2025\/06\/27-1-1024x683.jpg 1024w, https:\/\/marcali.plebania.hu\/wp-content\/uploads\/2025\/06\/27-1-300x200.jpg 300w, https:\/\/marcali.plebania.hu\/wp-content\/uploads\/2025\/06\/27-1-768x512.jpg 768w, https:\/\/marcali.plebania.hu\/wp-content\/uploads\/2025\/06\/27-1-1536x1024.jpg 1536w, https:\/\/marcali.plebania.hu\/wp-content\/uploads\/2025\/06\/27-1-2048x1365.jpg 2048w, https:\/\/marcali.plebania.hu\/wp-content\/uploads\/2025\/06\/27-1-405x270.jpg 405w\" sizes=\"auto, (max-width: 1024px) 100vw, 1024px\" \/><\/figure>\n\n\n\n<figure class=\"wp-block-image size-large\"><img loading=\"lazy\" decoding=\"async\" width=\"1024\" height=\"683\" data-id=\"7448\" src=\"https:\/\/marcali.plebania.hu\/wp-content\/uploads\/2025\/06\/34-3-1024x683.jpg\" alt=\"\" class=\"wp-image-7448\" srcset=\"https:\/\/marcali.plebania.hu\/wp-content\/uploads\/2025\/06\/34-3-1024x683.jpg 1024w, https:\/\/marcali.plebania.hu\/wp-content\/uploads\/2025\/06\/34-3-300x200.jpg 300w, https:\/\/marcali.plebania.hu\/wp-content\/uploads\/2025\/06\/34-3-768x512.jpg 768w, https:\/\/marcali.plebania.hu\/wp-content\/uploads\/2025\/06\/34-3-1536x1024.jpg 1536w, https:\/\/marcali.plebania.hu\/wp-content\/uploads\/2025\/06\/34-3-2048x1365.jpg 2048w, https:\/\/marcali.plebania.hu\/wp-content\/uploads\/2025\/06\/34-3-405x270.jpg 405w\" sizes=\"auto, (max-width: 1024px) 100vw, 1024px\" \/><\/figure>\n\n\n\n<figure class=\"wp-block-image size-large\"><img loading=\"lazy\" decoding=\"async\" width=\"1024\" height=\"683\" data-id=\"7449\" src=\"https:\/\/marcali.plebania.hu\/wp-content\/uploads\/2025\/06\/39-1024x683.jpg\" alt=\"\" class=\"wp-image-7449\" srcset=\"https:\/\/marcali.plebania.hu\/wp-content\/uploads\/2025\/06\/39-1024x683.jpg 1024w, https:\/\/marcali.plebania.hu\/wp-content\/uploads\/2025\/06\/39-300x200.jpg 300w, https:\/\/marcali.plebania.hu\/wp-content\/uploads\/2025\/06\/39-768x512.jpg 768w, https:\/\/marcali.plebania.hu\/wp-content\/uploads\/2025\/06\/39-1536x1024.jpg 1536w, https:\/\/marcali.plebania.hu\/wp-content\/uploads\/2025\/06\/39-2048x1365.jpg 2048w, https:\/\/marcali.plebania.hu\/wp-content\/uploads\/2025\/06\/39-405x270.jpg 405w\" sizes=\"auto, (max-width: 1024px) 100vw, 1024px\" \/><\/figure>\n<\/figure>\n\n\n\n<p>Az idei esztend\u0151ben sem k\u00e9sz\u00fcltek k\u00fclt\u00e9ri lombs\u00e1trak, csak a kis asztalk\u00e1k, melyeket a n\u00e9gy templom h\u00edv\u0151 k\u00f6z\u00f6ss\u00e9ge szorgos munk\u00e1val d\u00edsz\u00edtett fel k\u00fcl\u00f6nf\u00e9le vir\u00e1gokkal.<\/p>\n\n\n\n<p>A szentmis\u00e9n \u00e9s a k\u00f6rmeneten Balogh B\u00e1lint k\u00e1ntor, \u00e9s a Marcali F\u00e9ny Gyermekei Katolikus Zenekar m\u0171k\u00f6d\u00f6tt k\u00f6zre k\u00fcl\u00f6nf\u00e9le dics\u0151\u00edt\u0151 \u00e9nekekkel.<\/p>\n\n\n\n<p>K\u00f6sz\u00f6net mindenki munk\u00e1j\u00e1\u00e9rt, hogy ism\u00e9t siker\u00fclt sz\u00e9pen \u00e9s m\u00e9lt\u00f3s\u00e1gteljesen lebonyol\u00edtani ezt a sz\u00e9p \u00e9s magasztos \u00fcnnepet!<\/p>\n\n\n\n<p>\u00cdrta \u00e9s fot\u00f3k: Kiss K\u00e1lm\u00e1n<\/p>\n","protected":false},"excerpt":{"rendered":"<p>2025. j\u00fanius 22-\u00e9n, vas\u00e1rnap 9 \u00f3rakor kezd\u0151d\u00f6tt az idei \u00farnapi szentmise, majd a k\u00f6rmenet a Gy\u00fcm\u00f6lcsolt\u00f3 Boldogasszony Pl\u00e9b\u00e1niatemplomban, \u00e9s a Boldog II. J\u00e1nos P\u00e1l p\u00e1pa t\u00e9ren. Az \u00fcnnepi istentiszteletet Tomanek Ferenc \u00c1ron pl\u00e9b\u00e1nos celebr\u00e1lta, aki szentbesz\u00e9d\u00e9ben az Olt\u00e1riszents\u00e9g (Eucharisztia) jelent\u0151s\u00e9g\u00e9t hangs\u00falyozta az evang\u00e9liumnak megfelel\u0151en. Az egyh\u00e1z tan\u00edt\u00e1sa szerint ugyanis az Olt\u00e1riszents\u00e9g J\u00e9zus Krisztus val\u00f3s\u00e1gos Teste \u00e9s V\u00e9re. \u00c9ppen ez\u00e9rt ezen az \u00fcnnepen \u2013 szerte a vil\u00e1gban \u2013 kiviszik az utc\u00e1kra \u00e9s a terekre, hogy Isten szeretet\u00e9t hirdess\u00e9k mindenki sz\u00e1m\u00e1ra. A&#8230;<\/p>\n<p class=\"read-more\"><a class=\"btn btn-default\" href=\"https:\/\/marcali.plebania.hu\/?p=7431\"> Read More<span class=\"screen-reader-text\">  Read More<\/span><\/a><\/p>\n","protected":false},"author":2,"featured_media":0,"comment_status":"closed","ping_status":"open","sticky":false,"template":"","format":"standard","meta":{"footnotes":""},"categories":[1],"tags":[],"class_list":["post-7431","post","type-post","status-publish","format-standard","hentry","category-egyeb"],"_links":{"self":[{"href":"https:\/\/marcali.plebania.hu\/index.php?rest_route=\/wp\/v2\/posts\/7431","targetHints":{"allow":["GET"]}}],"collection":[{"href":"https:\/\/marcali.plebania.hu\/index.php?rest_route=\/wp\/v2\/posts"}],"about":[{"href":"https:\/\/marcali.plebania.hu\/index.php?rest_route=\/wp\/v2\/types\/post"}],"author":[{"embeddable":true,"href":"https:\/\/marcali.plebania.hu\/index.php?rest_route=\/wp\/v2\/users\/2"}],"replies":[{"embeddable":true,"href":"https:\/\/marcali.plebania.hu\/index.php?rest_route=%2Fwp%2Fv2%2Fcomments&post=7431"}],"version-history":[{"count":1,"href":"https:\/\/marcali.plebania.hu\/index.php?rest_route=\/wp\/v2\/posts\/7431\/revisions"}],"predecessor-version":[{"id":7450,"href":"https:\/\/marcali.plebania.hu\/index.php?rest_route=\/wp\/v2\/posts\/7431\/revisions\/7450"}],"wp:attachment":[{"href":"https:\/\/marcali.plebania.hu\/index.php?rest_route=%2Fwp%2Fv2%2Fmedia&parent=7431"}],"wp:term":[{"taxonomy":"category","embeddable":true,"href":"https:\/\/marcali.plebania.hu\/index.php?rest_route=%2Fwp%2Fv2%2Fcategories&post=7431"},{"taxonomy":"post_tag","embeddable":true,"href":"https:\/\/marcali.plebania.hu\/index.php?rest_route=%2Fwp%2Fv2%2Ftags&post=7431"}],"curies":[{"name":"wp","href":"https:\/\/api.w.org\/{rel}","templated":true}]}}