{"id":7452,"date":"2025-06-27T17:22:30","date_gmt":"2025-06-27T17:22:30","guid":{"rendered":"https:\/\/marcali.plebania.hu\/?p=7452"},"modified":"2025-06-27T17:22:30","modified_gmt":"2025-06-27T17:22:30","slug":"hirdetesek-2025-junius-29-en","status":"publish","type":"post","link":"https:\/\/marcali.plebania.hu\/?p=7452","title":{"rendered":"Hirdet\u00e9sek 2025. j\u00fanius 29-\u00e9n"},"content":{"rendered":"\n<p><a href=\"https:\/\/igenaptar.katolikus.hu\/nap\/index.php?holnap=2025-06-29\" target=\"_blank\" rel=\"noreferrer noopener\"><u>Szent P\u00e9ter \u00e9s Szent P\u00e1l apostolok<\/u><\/a><\/p>\n\n\n\n<ol start=\"1\" class=\"wp-block-list\">\n<li>A mai napon a perselyadom\u00e1nyokat a Szentatya karitat\u00edv c\u00e9ljaira tov\u00e1bb\u00edtjuk. A <strong>p\u00e9terfill\u00e9rek<\/strong> gy\u0171jt\u00e9se nagyon r\u00e9gi hagyom\u00e1nya egyh\u00e1zunknak, a Szentaty\u00e1ba vetett szeretetet \u00e9s bizalmat is kifejezi. Az anyagi seg\u00edts\u00e9g mellett a k\u00f6z\u00f6ss\u00e9g, a k\u00f6z\u00f6s felel\u0151ss\u00e9gv\u00e1llal\u00e1s \u00e9s a seg\u00edts\u00e9gny\u00fajt\u00e1s kifejez\u0151d\u00e9se is.<\/li>\n\n\n\n<li>A tan\u00e9v v\u00e9gi h\u00e1laad\u00f3 mise ut\u00e1n egy kis agap\u00e9ra \u00e9s j\u00e1t\u00e9kra v\u00e1runk mindenkit a templom melletti t\u00e9ren. (11 \u00f3rakor nem lesz szentmise.)<\/li>\n\n\n\n<li>A <strong>F\u00e9rfi k\u00f6r<\/strong> k\u00f6vetkez\u0151 alkalma szerd\u00e1n 18:00-kor kezd\u0151dik a pl\u00e9b\u00e1ni\u00e1n.<\/li>\n\n\n\n<li>Sz\u00fcl\u0151i \u00e9rtekezletet tartunk p\u00e9nteken 16:00-kor az X-h\u00e1zban (D\u00f3zsa Gy\u00f6rgy u. 3.) azoknak, akik jelentkeztek a pl\u00e9b\u00e1niai napk\u00f6zis t\u00e1borba.<\/li>\n\n\n\n<li>Az <strong>els\u0151 szombati ima\u00f3ra<\/strong> 16:30-kor kezd\u0151dik a pl\u00e9b\u00e1niatemplomban.<\/li>\n<\/ol>\n\n\n\n<hr class=\"wp-block-separator has-alpha-channel-opacity\"\/>\n\n\n\n<figure class=\"wp-block-image size-large\"><img loading=\"lazy\" decoding=\"async\" width=\"1024\" height=\"576\" src=\"https:\/\/marcali.plebania.hu\/wp-content\/uploads\/2025\/06\/250629-1024x576.png\" alt=\"\" class=\"wp-image-7453\" srcset=\"https:\/\/marcali.plebania.hu\/wp-content\/uploads\/2025\/06\/250629-1024x576.png 1024w, https:\/\/marcali.plebania.hu\/wp-content\/uploads\/2025\/06\/250629-300x169.png 300w, https:\/\/marcali.plebania.hu\/wp-content\/uploads\/2025\/06\/250629-768x432.png 768w, https:\/\/marcali.plebania.hu\/wp-content\/uploads\/2025\/06\/250629-480x270.png 480w, https:\/\/marcali.plebania.hu\/wp-content\/uploads\/2025\/06\/250629.png 1037w\" sizes=\"auto, (max-width: 1024px) 100vw, 1024px\" \/><\/figure>\n","protected":false},"excerpt":{"rendered":"<p>Szent P\u00e9ter \u00e9s Szent P\u00e1l apostolok<\/p>\n","protected":false},"author":1,"featured_media":0,"comment_status":"closed","ping_status":"open","sticky":false,"template":"","format":"standard","meta":{"footnotes":""},"categories":[3],"tags":[],"class_list":["post-7452","post","type-post","status-publish","format-standard","hentry","category-hirdetesek"],"_links":{"self":[{"href":"https:\/\/marcali.plebania.hu\/index.php?rest_route=\/wp\/v2\/posts\/7452","targetHints":{"allow":["GET"]}}],"collection":[{"href":"https:\/\/marcali.plebania.hu\/index.php?rest_route=\/wp\/v2\/posts"}],"about":[{"href":"https:\/\/marcali.plebania.hu\/index.php?rest_route=\/wp\/v2\/types\/post"}],"author":[{"embeddable":true,"href":"https:\/\/marcali.plebania.hu\/index.php?rest_route=\/wp\/v2\/users\/1"}],"replies":[{"embeddable":true,"href":"https:\/\/marcali.plebania.hu\/index.php?rest_route=%2Fwp%2Fv2%2Fcomments&post=7452"}],"version-history":[{"count":1,"href":"https:\/\/marcali.plebania.hu\/index.php?rest_route=\/wp\/v2\/posts\/7452\/revisions"}],"predecessor-version":[{"id":7454,"href":"https:\/\/marcali.plebania.hu\/index.php?rest_route=\/wp\/v2\/posts\/7452\/revisions\/7454"}],"wp:attachment":[{"href":"https:\/\/marcali.plebania.hu\/index.php?rest_route=%2Fwp%2Fv2%2Fmedia&parent=7452"}],"wp:term":[{"taxonomy":"category","embeddable":true,"href":"https:\/\/marcali.plebania.hu\/index.php?rest_route=%2Fwp%2Fv2%2Fcategories&post=7452"},{"taxonomy":"post_tag","embeddable":true,"href":"https:\/\/marcali.plebania.hu\/index.php?rest_route=%2Fwp%2Fv2%2Ftags&post=7452"}],"curies":[{"name":"wp","href":"https:\/\/api.w.org\/{rel}","templated":true}]}}