{"id":746,"date":"2019-04-04T15:40:51","date_gmt":"2019-04-04T15:40:51","guid":{"rendered":"https:\/\/marcali.plebania.hu\/?p=746"},"modified":"2019-04-04T15:40:51","modified_gmt":"2019-04-04T15:40:51","slug":"hirdetesek-2019-04-07","status":"publish","type":"post","link":"https:\/\/marcali.plebania.hu\/?p=746","title":{"rendered":"Hirdet\u00e9sek, 2019. 04. 07."},"content":{"rendered":"\n<ol class=\"wp-block-list\"><li>Ma van nagyb\u00f6jt 5. vas\u00e1rnapja.<\/li><li>A p\u00e9nteki kereszt\u00fati \u00e1jtatoss\u00e1got 17.30-kor az egyh\u00e1zk\u00f6zs\u00e9g K\u00e9pvisel\u0151 Test\u00fclete v\u00e9gzi.<\/li><li>Szombaton, \u00e1prilis 13-\u00e1n 17 \u00f3rakor fatimai \u00e1jtatoss\u00e1g, ut\u00e1na szentmise.<\/li><li>J\u00f6v\u0151 vas\u00e1rnap, vir\u00e1gvas\u00e1rnap. A szok\u00e1soknak megfelel\u0151en a l\u00e1mp\u00e1s csom\u00f3pontn\u00e1l kezd\u0151dik a vir\u00e1gvas\u00e1rnapi bark\u00e1k megszentel\u00e9se \u00e9s k\u00f6rmenet a templomig.<\/li><li>A j\u00f6v\u0151 vas\u00e1rnap a templomi perselyp\u00e9nzt a Szentf\u00f6ld jav\u00e1ra k\u00e9rj\u00fck.<\/li><li>Az elm\u00falt h\u00e9ten sz\u00fcl\u0151i \u00e9rtekezletet tartottunk a jelenleg 2. oszt\u00e1lyos hittanosoknak a j\u00f6v\u0151 \u00e9vi els\u0151\u00e1ldoz\u00e1sr\u00f3l. A j\u00f6v\u0151 \u00e9vben szeptember 13-\u00e1n az Eukarisztikus Vil\u00e1gkongresszus nyit\u00f3 mis\u00e9j\u00e9n, Budapesten, a Pusk\u00e1s stadionban orsz\u00e1gos els\u0151\u00e1ldoz\u00e1s lesz. Ez lesz a kongresszus nyit\u00f3 mis\u00e9je. Szeretn\u00e9nk, ha marcali gyermekek is ott lenn\u00e9nek. M\u00e1jus 20-ig kell eld\u00f6nteni, hogy ki k\u00edv\u00e1n ezen r\u00e9szt venni, melyhez regisztr\u00e1ci\u00f3 sz\u00fcks\u00e9ges. A m\u00e1sodikos hittanosoknak (akik m\u00e1r akkor negyedikesek lesznek) hittan\u00f3r\u00e1n levelet fogunk osztani, melyben minden sz\u00fcl\u0151t \u00e9rtes\u00edt\u00fcnk err\u0151l az esem\u00e9nyr\u0151l. <\/li><li>Egyh\u00e1zmegyei zar\u00e1ndoklatot hirdet\u00fcnk m\u00e1jus 18-ra a szlov\u00e1kiai Garamszentbenedekre, a harmadik Szent V\u00e9r kegyhelyre. Jelentkezni kell a pl\u00e9b\u00e1ni\u00e1n.<\/li><li>Passi\u00f3 \u00e9nekl\u00e9sre jelentkez\u0151ket v\u00e1runk. Jelentkezni a k\u00e1ntorn\u00e1l lehet.<\/li><\/ol>\n","protected":false},"excerpt":{"rendered":"<p>Ma van nagyb\u00f6jt 5. vas\u00e1rnapja. A p\u00e9nteki kereszt\u00fati \u00e1jtatoss\u00e1got 17.30-kor az egyh\u00e1zk\u00f6zs\u00e9g K\u00e9pvisel\u0151 Test\u00fclete v\u00e9gzi. Szombaton, \u00e1prilis 13-\u00e1n 17 \u00f3rakor fatimai \u00e1jtatoss\u00e1g, ut\u00e1na szentmise. J\u00f6v\u0151 vas\u00e1rnap, vir\u00e1gvas\u00e1rnap. A szok\u00e1soknak megfelel\u0151en a l\u00e1mp\u00e1s csom\u00f3pontn\u00e1l kezd\u0151dik a vir\u00e1gvas\u00e1rnapi bark\u00e1k megszentel\u00e9se \u00e9s k\u00f6rmenet a templomig. A j\u00f6v\u0151 vas\u00e1rnap a templomi perselyp\u00e9nzt a Szentf\u00f6ld jav\u00e1ra k\u00e9rj\u00fck. Az elm\u00falt h\u00e9ten sz\u00fcl\u0151i \u00e9rtekezletet tartottunk a jelenleg 2. oszt\u00e1lyos hittanosoknak a j\u00f6v\u0151 \u00e9vi els\u0151\u00e1ldoz\u00e1sr\u00f3l. A j\u00f6v\u0151 \u00e9vben szeptember 13-\u00e1n az Eukarisztikus Vil\u00e1gkongresszus nyit\u00f3 mis\u00e9j\u00e9n, Budapesten, a Pusk\u00e1s&#8230;<\/p>\n<p class=\"read-more\"><a class=\"btn btn-default\" href=\"https:\/\/marcali.plebania.hu\/?p=746\"> Read More<span class=\"screen-reader-text\">  Read More<\/span><\/a><\/p>\n","protected":false},"author":2,"featured_media":0,"comment_status":"closed","ping_status":"open","sticky":false,"template":"","format":"standard","meta":{"footnotes":""},"categories":[1],"tags":[],"class_list":["post-746","post","type-post","status-publish","format-standard","hentry","category-egyeb"],"_links":{"self":[{"href":"https:\/\/marcali.plebania.hu\/index.php?rest_route=\/wp\/v2\/posts\/746","targetHints":{"allow":["GET"]}}],"collection":[{"href":"https:\/\/marcali.plebania.hu\/index.php?rest_route=\/wp\/v2\/posts"}],"about":[{"href":"https:\/\/marcali.plebania.hu\/index.php?rest_route=\/wp\/v2\/types\/post"}],"author":[{"embeddable":true,"href":"https:\/\/marcali.plebania.hu\/index.php?rest_route=\/wp\/v2\/users\/2"}],"replies":[{"embeddable":true,"href":"https:\/\/marcali.plebania.hu\/index.php?rest_route=%2Fwp%2Fv2%2Fcomments&post=746"}],"version-history":[{"count":1,"href":"https:\/\/marcali.plebania.hu\/index.php?rest_route=\/wp\/v2\/posts\/746\/revisions"}],"predecessor-version":[{"id":747,"href":"https:\/\/marcali.plebania.hu\/index.php?rest_route=\/wp\/v2\/posts\/746\/revisions\/747"}],"wp:attachment":[{"href":"https:\/\/marcali.plebania.hu\/index.php?rest_route=%2Fwp%2Fv2%2Fmedia&parent=746"}],"wp:term":[{"taxonomy":"category","embeddable":true,"href":"https:\/\/marcali.plebania.hu\/index.php?rest_route=%2Fwp%2Fv2%2Fcategories&post=746"},{"taxonomy":"post_tag","embeddable":true,"href":"https:\/\/marcali.plebania.hu\/index.php?rest_route=%2Fwp%2Fv2%2Ftags&post=746"}],"curies":[{"name":"wp","href":"https:\/\/api.w.org\/{rel}","templated":true}]}}